{"id":8813,"date":"2025-05-20T16:56:35","date_gmt":"2025-05-20T16:56:35","guid":{"rendered":"https:\/\/naszpowiat.info\/?p=8813"},"modified":"2025-05-20T16:59:46","modified_gmt":"2025-05-20T16:59:46","slug":"medal-dla-damiana-mecha-z-zabek-i-powolanie-do-reprezentacji","status":"publish","type":"post","link":"https:\/\/naszpowiat.info\/index.php\/2025\/05\/20\/medal-dla-damiana-mecha-z-zabek-i-powolanie-do-reprezentacji\/","title":{"rendered":"Br\u0105zowy medal Damiana Mecha z Z\u0105bek i powo\u0142anie do reprezentacji Polski!"},"content":{"rendered":"\n<p>W miniony weekend na Politechnice Wroc\u0142awskiej odby\u0142 si\u0119 og\u00f3lnopolski fina\u0142 XXI Mistrzostw Polski w Grach Matematycznych i Logicznych, kt\u00f3ry zgromadzi\u0142 ponad 500 uczestnik\u00f3w z ca\u0142ego kraju. W tym presti\u017cowym wydarzeniu intelektualnym, wymagaj\u0105cym nie tylko matematycznych umiej\u0119tno\u015bci, ale i logicznego my\u015blenia na najwy\u017cszym poziomie, wspaniale zaprezentowa\u0142 si\u0119 Damian Mech \u2013 ucze\u0144 Szko\u0142y Podstawowej nr 2 w Z\u0105bkach.<\/p>\n\n\n\n<p>Z dum\u0105 informujemy, \u017ce Damian wywalczy\u0142 trzecie miejsce i zdoby\u0142 zas\u0142u\u017cony br\u0105zowy medal. Jego sukces to efekt nie tylko talentu, ale r\u00f3wnie\u017c ogromnej pracy i systematycznego rozwoju intelektualnego. Tym samym Damian do\u0142\u0105czy\u0142 do Reprezentacji Polski, kt\u00f3ra ju\u017c w sierpniu b\u0119dzie rywalizowa\u0107 na \u015bwiatowym finale Gier Matematycznych i Logicznych w Tunezji. Udzia\u0142 w tym wydarzeniu to nie tylko zaszczyt, ale i szansa na mi\u0119dzynarodowe uznanie w\u015br\u00f3d najlepszych m\u0142odych umys\u0142\u00f3w z ca\u0142ego \u015bwiata.<\/p>\n\n\n<div class=\"wp-block-image\">\n<figure class=\"aligncenter size-large\"><img loading=\"lazy\" decoding=\"async\" width=\"1024\" height=\"1024\" src=\"https:\/\/naszpowiat.info\/wp-content\/uploads\/2025\/05\/image-28-1024x1024.png\" alt=\"\" class=\"wp-image-8814\"\/><figcaption class=\"wp-element-caption\">Fot. zabki.pl<\/figcaption><\/figure>\n<\/div><div class=\"naszp-po-tresci\" id=\"naszp-1130425218\"><script async src=\"\/\/pagead2.googlesyndication.com\/pagead\/js\/adsbygoogle.js?client=ca-pub-5304901113955943\" crossorigin=\"anonymous\"><\/script><ins class=\"adsbygoogle\" style=\"display:block;\" data-ad-client=\"ca-pub-5304901113955943\" \ndata-ad-slot=\"9226873542\" \ndata-ad-format=\"auto\"><\/ins>\n<script> \n(adsbygoogle = window.adsbygoogle || []).push({}); \n<\/script>\n<\/div>","protected":false},"excerpt":{"rendered":"<p>W miniony weekend na Politechnice Wroc\u0142awskiej odby\u0142 si\u0119 og\u00f3lnopolski fina\u0142 XXI Mistrzostw Polski w Grach Matematycznych i Logicznych, kt\u00f3ry zgromadzi\u0142 ponad 500 uczestnik\u00f3w z ca\u0142ego kraju. W tym presti\u017cowym wydarzeniu intelektualnym, wymagaj\u0105cym nie tylko matematycznych umiej\u0119tno\u015bci, ale i logicznego my\u015blenia na najwy\u017cszym poziomie, wspaniale zaprezentowa\u0142 si\u0119 Damian Mech \u2013 ucze\u0144<span class=\"more-link\"><a href=\"https:\/\/naszpowiat.info\/index.php\/2025\/05\/20\/medal-dla-damiana-mecha-z-zabek-i-powolanie-do-reprezentacji\/\">Czytaj dalej<\/a><\/span><\/p>\n","protected":false},"author":9,"featured_media":8814,"comment_status":"open","ping_status":"open","sticky":false,"template":"","format":"standard","meta":{"_monsterinsights_skip_tracking":false,"_monsterinsights_sitenote_active":false,"_monsterinsights_sitenote_note":"","_monsterinsights_sitenote_category":0,"footnotes":""},"categories":[123,191,40,31,59,62,61],"tags":[1161,1162,1164,766,1163,309,130],"class_list":["entry","author-admin","post-8813","post","type-post","status-publish","format-standard","has-post-thumbnail","category-aktualnosci","category-edukacja","category-wolominski","category-powiaty-mazowieckiego","category-wydarzenia","category-zabki-wolominski","category-zabki","tag-damian-mech","tag-gry-matematyczne-i-logiczne","tag-matematyka","tag-mistrzostwa-polski","tag-politechnika-wroclawska","tag-samorzad","tag-zabki"],"aioseo_notices":[],"_links":{"self":[{"href":"https:\/\/naszpowiat.info\/index.php\/wp-json\/wp\/v2\/posts\/8813","targetHints":{"allow":["GET"]}}],"collection":[{"href":"https:\/\/naszpowiat.info\/index.php\/wp-json\/wp\/v2\/posts"}],"about":[{"href":"https:\/\/naszpowiat.info\/index.php\/wp-json\/wp\/v2\/types\/post"}],"author":[{"embeddable":true,"href":"https:\/\/naszpowiat.info\/index.php\/wp-json\/wp\/v2\/users\/9"}],"replies":[{"embeddable":true,"href":"https:\/\/naszpowiat.info\/index.php\/wp-json\/wp\/v2\/comments?post=8813"}],"version-history":[{"count":1,"href":"https:\/\/naszpowiat.info\/index.php\/wp-json\/wp\/v2\/posts\/8813\/revisions"}],"predecessor-version":[{"id":8815,"href":"https:\/\/naszpowiat.info\/index.php\/wp-json\/wp\/v2\/posts\/8813\/revisions\/8815"}],"wp:featuredmedia":[{"embeddable":true,"href":"https:\/\/naszpowiat.info\/index.php\/wp-json\/wp\/v2\/media\/8814"}],"wp:attachment":[{"href":"https:\/\/naszpowiat.info\/index.php\/wp-json\/wp\/v2\/media?parent=8813"}],"wp:term":[{"taxonomy":"category","embeddable":true,"href":"https:\/\/naszpowiat.info\/index.php\/wp-json\/wp\/v2\/categories?post=8813"},{"taxonomy":"post_tag","embeddable":true,"href":"https:\/\/naszpowiat.info\/index.php\/wp-json\/wp\/v2\/tags?post=8813"}],"curies":[{"name":"wp","href":"https:\/\/api.w.org\/{rel}","templated":true}]}}