{"id":8732,"date":"2025-05-09T15:15:52","date_gmt":"2025-05-09T15:15:52","guid":{"rendered":"https:\/\/naszpowiat.info\/?p=8732"},"modified":"2025-05-09T15:15:53","modified_gmt":"2025-05-09T15:15:53","slug":"legionowo-stawia-na-bezpieczenstwo-dluzsze-patrole-i-wiecej-straznikow-na-ulicach","status":"publish","type":"post","link":"https:\/\/naszpowiat.info\/index.php\/2025\/05\/09\/legionowo-stawia-na-bezpieczenstwo-dluzsze-patrole-i-wiecej-straznikow-na-ulicach\/","title":{"rendered":"Legionowo stawia na bezpiecze\u0144stwo: d\u0142u\u017csze patrole i wi\u0119cej stra\u017cnik\u00f3w na ulicach"},"content":{"rendered":"\n<p>Od 9 maja mieszka\u0144cy Legionowa mog\u0105 zauwa\u017cy\u0107 wyra\u017an\u0105 zmian\u0119 w funkcjonowaniu lokalnej Stra\u017cy Miejskiej \u2013 funkcjonariusze b\u0119d\u0105 pe\u0142ni\u0107 s\u0142u\u017cb\u0119 od godziny 7:00 do 23:00, czyli o godzin\u0119 d\u0142u\u017cej ni\u017c dotychczas. To jednak nie wszystko. W okre\u015blone weekendy na ulicach miasta pojawi\u0105 si\u0119 tak\u017ce wsp\u00f3lne patrole stra\u017cnik\u00f3w miejskich i policjant\u00f3w, kt\u00f3re b\u0119d\u0105 obecne w przestrzeni publicznej a\u017c do p\u00f3\u0142nocy. Wszystko to stanowi element szerszego planu, maj\u0105cego na celu zwi\u0119kszenie bezpiecze\u0144stwa mieszka\u0144c\u00f3w i szybsz\u0105 reakcj\u0119 s\u0142u\u017cb w miejscach szczeg\u00f3lnie nara\u017conych na naruszenia porz\u0105dku publicznego.<\/p>\n\n\n\n<p>Wraz z nadej\u015bciem cieplejszych miesi\u0119cy coraz wi\u0119cej mieszka\u0144c\u00f3w sp\u0119dza czas na \u015bwie\u017cym powietrzu \u2013 w parkach, na skwerach i placach zabaw. Niestety, to w\u0142a\u015bnie w takich miejscach coraz cz\u0119\u015bciej dochodzi do przypadk\u00f3w zak\u0142\u00f3cania porz\u0105dku, spo\u017cywania alkoholu w miejscach obj\u0119tych zakazem oraz innych niepo\u017c\u0105danych zachowa\u0144. Odpowiadaj\u0105c na te sygna\u0142y, Stra\u017c Miejska w Legionowie zapowiedzia\u0142a zwi\u0119kszon\u0105 obecno\u015b\u0107 patroli w rejonach szczeg\u00f3lnie nara\u017conych na incydenty. Chodzi m.in. o integracyjny plac zabaw, okolice tzw. \u201esi\u00f3demki\u201d oraz inne lokalizacje wskazane przez mieszka\u0144c\u00f3w i zidentyfikowane na podstawie licznych zg\u0142osze\u0144.<\/p>\n\n\n\n<p>Jak zaznacza Adam Nadworski, Komendant Stra\u017cy Miejskiej w Legionowie, lista miejsc wymagaj\u0105cych wzmo\u017conego nadzoru zosta\u0142a przygotowana w oparciu o realne potrzeby spo\u0142eczno\u015bci lokalnej. Celem zmian jest nie tylko zapewnienie bezpiecze\u0144stwa, ale r\u00f3wnie\u017c budowanie poczucia, \u017ce s\u0142u\u017cby s\u0105 blisko ludzi i reaguj\u0105 na problemy natychmiast. Zwi\u0119kszona liczba patroli ma odstrasza\u0107 potencjalnych sprawc\u00f3w wykrocze\u0144 i przypomina\u0107, \u017ce obowi\u0105zuj\u0105ce przepisy s\u0105 egzekwowane z nale\u017cyt\u0105 stanowczo\u015bci\u0105.<\/p>\n\n\n\n<p>Dzia\u0142ania te wpisuj\u0105 si\u0119 w szersz\u0105 strategi\u0119 miejskich w\u0142adz, kt\u00f3ra zak\u0142ada sukcesywne wzmacnianie Stra\u017cy Miejskiej. W ostatnim czasie zwi\u0119kszono zatrudnienie, a niebawem do zespo\u0142u do\u0142\u0105cz\u0105 nowi funkcjonariusze. Miasto prowadzi r\u00f3wnie\u017c post\u0119powanie przetargowe na zakup nowoczesnego radiowozu, wyposa\u017conego w przystosowania do przewozu os\u00f3b nietrze\u017awych. To kolejny krok w stron\u0119 bardziej skutecznej interwencji w sytuacjach wymagaj\u0105cych zdecydowanej reakcji.<\/p>\n\n\n\n<p>Du\u017ce znaczenie w systemie bezpiecze\u0144stwa miejskiego odgrywa te\u017c rozbudowany monitoring. Obraz z kamer rozmieszczonych w najwa\u017cniejszych punktach Legionowa \u2013 w tym na terenie Centrum Komunikacyjnego \u2013 jest nieustannie analizowany przez zesp\u00f3\u0142 14 cywilnych operator\u00f3w. Obecnie trwa przetarg, kt\u00f3ry umo\u017cliwi dalsz\u0105 rozbudow\u0119 infrastruktury monitoringu i obj\u0119cie kolejnymi kamerami nowych lokalizacji.<\/p>\n\n\n\n<p>W\u0142adze Legionowa zapowiadaj\u0105 tak\u017ce zacie\u015bnienie wsp\u00f3\u0142pracy mi\u0119dzy Stra\u017c\u0105 Miejsk\u0105 a Komend\u0105 Powiatow\u0105 Policji, co ma nast\u0105pi\u0107 ju\u017c w 2025 roku.<\/p>\n\n\n<div class=\"wp-block-image\">\n<figure class=\"aligncenter size-full is-resized\"><img loading=\"lazy\" decoding=\"async\" width=\"850\" height=\"567\" src=\"https:\/\/naszpowiat.info\/wp-content\/uploads\/2025\/05\/image-10.png\" alt=\"\" class=\"wp-image-8733\" style=\"width:645px;height:auto\" srcset=\"https:\/\/naszpowiat.info\/wp-content\/uploads\/2025\/05\/image-10.png 850w, https:\/\/naszpowiat.info\/wp-content\/uploads\/2025\/05\/image-10-300x200.png 300w, https:\/\/naszpowiat.info\/wp-content\/uploads\/2025\/05\/image-10-768x512.png 768w, https:\/\/naszpowiat.info\/wp-content\/uploads\/2025\/05\/image-10-465x310.png 465w, https:\/\/naszpowiat.info\/wp-content\/uploads\/2025\/05\/image-10-695x464.png 695w\" sizes=\"auto, (max-width: 850px) 100vw, 850px\" \/><figcaption class=\"wp-element-caption\">Fot. legionowo.pl<\/figcaption><\/figure>\n<\/div><div class=\"naszp-po-tresci\" id=\"naszp-3777570579\"><script async src=\"\/\/pagead2.googlesyndication.com\/pagead\/js\/adsbygoogle.js?client=ca-pub-5304901113955943\" crossorigin=\"anonymous\"><\/script><ins class=\"adsbygoogle\" style=\"display:block;\" data-ad-client=\"ca-pub-5304901113955943\" \ndata-ad-slot=\"9226873542\" \ndata-ad-format=\"auto\"><\/ins>\n<script> \n(adsbygoogle = window.adsbygoogle || []).push({}); \n<\/script>\n<\/div>","protected":false},"excerpt":{"rendered":"<p>Od 9 maja mieszka\u0144cy Legionowa mog\u0105 zauwa\u017cy\u0107 wyra\u017an\u0105 zmian\u0119 w funkcjonowaniu lokalnej Stra\u017cy Miejskiej \u2013 funkcjonariusze b\u0119d\u0105 pe\u0142ni\u0107 s\u0142u\u017cb\u0119 od godziny 7:00 do 23:00, czyli o godzin\u0119 d\u0142u\u017cej ni\u017c dotychczas. To jednak nie wszystko. W okre\u015blone weekendy na ulicach miasta pojawi\u0105 si\u0119 tak\u017ce wsp\u00f3lne patrole stra\u017cnik\u00f3w miejskich i policjant\u00f3w, kt\u00f3re<span class=\"more-link\"><a href=\"https:\/\/naszpowiat.info\/index.php\/2025\/05\/09\/legionowo-stawia-na-bezpieczenstwo-dluzsze-patrole-i-wiecej-straznikow-na-ulicach\/\">Czytaj dalej<\/a><\/span><\/p>\n","protected":false},"author":9,"featured_media":8733,"comment_status":"open","ping_status":"open","sticky":false,"template":"","format":"standard","meta":{"_monsterinsights_skip_tracking":false,"_monsterinsights_sitenote_active":false,"_monsterinsights_sitenote_note":"","_monsterinsights_sitenote_category":0,"footnotes":""},"categories":[123,172,28,93,33,31,187,59],"tags":[1120,165,524,309,318,290],"class_list":["entry","author-admin","post-8732","post","type-post","status-publish","format-standard","has-post-thumbnail","category-aktualnosci","category-bezpieczenstwo","category-dla-mieszkanca","category-legionowo","category-legionowski","category-powiaty-mazowieckiego","category-samorzad","category-wydarzenia","tag-bezpieczenstwo-publiczne","tag-legionowo","tag-patrole","tag-samorzad","tag-straz-miejska","tag-wydarzenia"],"aioseo_notices":[],"_links":{"self":[{"href":"https:\/\/naszpowiat.info\/index.php\/wp-json\/wp\/v2\/posts\/8732","targetHints":{"allow":["GET"]}}],"collection":[{"href":"https:\/\/naszpowiat.info\/index.php\/wp-json\/wp\/v2\/posts"}],"about":[{"href":"https:\/\/naszpowiat.info\/index.php\/wp-json\/wp\/v2\/types\/post"}],"author":[{"embeddable":true,"href":"https:\/\/naszpowiat.info\/index.php\/wp-json\/wp\/v2\/users\/9"}],"replies":[{"embeddable":true,"href":"https:\/\/naszpowiat.info\/index.php\/wp-json\/wp\/v2\/comments?post=8732"}],"version-history":[{"count":1,"href":"https:\/\/naszpowiat.info\/index.php\/wp-json\/wp\/v2\/posts\/8732\/revisions"}],"predecessor-version":[{"id":8734,"href":"https:\/\/naszpowiat.info\/index.php\/wp-json\/wp\/v2\/posts\/8732\/revisions\/8734"}],"wp:featuredmedia":[{"embeddable":true,"href":"https:\/\/naszpowiat.info\/index.php\/wp-json\/wp\/v2\/media\/8733"}],"wp:attachment":[{"href":"https:\/\/naszpowiat.info\/index.php\/wp-json\/wp\/v2\/media?parent=8732"}],"wp:term":[{"taxonomy":"category","embeddable":true,"href":"https:\/\/naszpowiat.info\/index.php\/wp-json\/wp\/v2\/categories?post=8732"},{"taxonomy":"post_tag","embeddable":true,"href":"https:\/\/naszpowiat.info\/index.php\/wp-json\/wp\/v2\/tags?post=8732"}],"curies":[{"name":"wp","href":"https:\/\/api.w.org\/{rel}","templated":true}]}}