{"id":8729,"date":"2025-05-08T16:53:58","date_gmt":"2025-05-08T16:53:58","guid":{"rendered":"https:\/\/naszpowiat.info\/?p=8729"},"modified":"2025-05-08T16:53:59","modified_gmt":"2025-05-08T16:53:59","slug":"smak-mazowsza-doceniony-sukces-cisowianek-i-pustelnika-na-gali-w-warszawie","status":"publish","type":"post","link":"https:\/\/naszpowiat.info\/index.php\/2025\/05\/08\/smak-mazowsza-doceniony-sukces-cisowianek-i-pustelnika-na-gali-w-warszawie\/","title":{"rendered":"Smak Mazowsza doceniony! Sukces Cisowianek i Pustelnika na gali w Warszawie"},"content":{"rendered":"\n<p>Wczorajszy wiecz\u00f3r w Warszawie przyni\u00f3s\u0142 nie tylko wiele emocji, ale i pow\u00f3d do dumy dla mieszka\u0144c\u00f3w naszej gminy. W sali widowiskowej Scena Basen Artystyczny odby\u0142a si\u0119 Gala XVIII edycji Konkursu o Laur Marsza\u0142ka Wojew\u00f3dztwa Mazowieckiego, w kt\u00f3rej z dum\u0105 uczestniczy\u0142y nasze lokalne inicjatywy. W\u015br\u00f3d wyr\u00f3\u017cnionych znalaz\u0142o si\u0119 Ko\u0142o Gospody\u0144 Wiejskich \u201eCisowianki\u201d z Cis\u00f3wki, kt\u00f3re zdoby\u0142o uznanie Kapitu\u0142y Konkursu za swoj\u0105 wyj\u0105tkow\u0105 propozycj\u0119 kulinarn\u0105 \u2013 sa\u0142atk\u0119 adwentow\u0105 wed\u0142ug przepisu babci W\u0142adzi. Produkt zosta\u0142 doceniony jako najlepszy w kategorii \u201eryby i przetwory rybne\u201d, co zaowocowa\u0142o przyznaniem nagrody rzeczowej \u2013 elektrycznego grilla, kt\u00f3ry z pewno\u015bci\u0105 pos\u0142u\u017cy przy kolejnych kulinarnych przedsi\u0119wzi\u0119ciach ko\u0142a.<\/p>\n\n\n\n<p>Podczas gali stoisko przygotowane przez Cisowianki przyci\u0105ga\u0142o uwag\u0119 zar\u00f3wno zapachem, jak i smakiem. Go\u015bcie mieli okazj\u0119 spr\u00f3bowa\u0107 nie tylko konkursowej sa\u0142atki, ale r\u00f3wnie\u017c innych da\u0144, kt\u00f3re z wielkim zaanga\u017cowaniem przygotowa\u0142y cz\u0142onkinie KGW. Zainteresowanie by\u0142o ogromne \u2013 odwiedzaj\u0105cym stoisko nie umkn\u0105\u0142 nawet sam Marsza\u0142ek Wojew\u00f3dztwa Mazowieckiego Adam Struzik, co \u015bwiadczy o wysokim poziomie i renomie naszych gospody\u0144.<\/p>\n\n\n\n<p>Ale to nie koniec sukces\u00f3w! Kolejnym wielkim powodem do rado\u015bci by\u0142o zdobycie drugiego miejsca przez so\u0142ectwo Pustelnik w konkursie \u201eFundusz so\u0142ecki \u2013 najlepsza inicjatywa\u201d. Projekt zagospodarowania centrum miejscowo\u015bci zosta\u0142 oceniony jako jeden z najlepszych w regionie, a jego autorzy otrzymali nagrod\u0119 finansow\u0105 w wysoko\u015bci 4 000 z\u0142. To pi\u0119kny dow\u00f3d na to, \u017ce lokalna aktywno\u015b\u0107 i troska o wsp\u00f3lne przestrzenie s\u0105 nie tylko zauwa\u017cane, ale i realnie nagradzane.<\/p>\n\n\n\n<p>Wszystkim nagrodzonym serdecznie gratulujemy i \u017cyczymy dalszych sukces\u00f3w oraz inspiracji do kolejnych dzia\u0142a\u0144. Mamy nadziej\u0119, \u017ce ich przyk\u0142ad zach\u0119ci inne ko\u0142a gospody\u0144 z naszej gminy do udzia\u0142u w przysz\u0142ych edycjach Konkursu o Laur Marsza\u0142ka Wojew\u00f3dztwa Mazowieckiego, a so\u0142ectwa do realizacji ambitnych projekt\u00f3w w ramach funduszu so\u0142eckiego.<\/p>\n\n\n<div class=\"wp-block-image\">\n<figure class=\"aligncenter size-large\"><img loading=\"lazy\" decoding=\"async\" width=\"1024\" height=\"768\" src=\"https:\/\/naszpowiat.info\/wp-content\/uploads\/2025\/05\/image-9-1024x768.png\" alt=\"\" class=\"wp-image-8730\" srcset=\"https:\/\/naszpowiat.info\/wp-content\/uploads\/2025\/05\/image-9-1024x768.png 1024w, https:\/\/naszpowiat.info\/wp-content\/uploads\/2025\/05\/image-9-300x225.png 300w, https:\/\/naszpowiat.info\/wp-content\/uploads\/2025\/05\/image-9-768x576.png 768w, https:\/\/naszpowiat.info\/wp-content\/uploads\/2025\/05\/image-9-465x349.png 465w, https:\/\/naszpowiat.info\/wp-content\/uploads\/2025\/05\/image-9-667x500.png 667w, https:\/\/naszpowiat.info\/wp-content\/uploads\/2025\/05\/image-9.png 1400w\" sizes=\"auto, (max-width: 1024px) 100vw, 1024px\" \/><figcaption class=\"wp-element-caption\">Fot. stanislawow.pl<\/figcaption><\/figure>\n<\/div><div class=\"naszp-po-tresci\" id=\"naszp-3489885528\"><script async src=\"\/\/pagead2.googlesyndication.com\/pagead\/js\/adsbygoogle.js?client=ca-pub-5304901113955943\" crossorigin=\"anonymous\"><\/script><ins class=\"adsbygoogle\" style=\"display:block;\" data-ad-client=\"ca-pub-5304901113955943\" \ndata-ad-slot=\"9226873542\" \ndata-ad-format=\"auto\"><\/ins>\n<script> \n(adsbygoogle = window.adsbygoogle || []).push({}); \n<\/script>\n<\/div>","protected":false},"excerpt":{"rendered":"<p>Wczorajszy wiecz\u00f3r w Warszawie przyni\u00f3s\u0142 nie tylko wiele emocji, ale i pow\u00f3d do dumy dla mieszka\u0144c\u00f3w naszej gminy. W sali widowiskowej Scena Basen Artystyczny odby\u0142a si\u0119 Gala XVIII edycji Konkursu o Laur Marsza\u0142ka Wojew\u00f3dztwa Mazowieckiego, w kt\u00f3rej z dum\u0105 uczestniczy\u0142y nasze lokalne inicjatywy. W\u015br\u00f3d wyr\u00f3\u017cnionych znalaz\u0142o si\u0119 Ko\u0142o Gospody\u0144 Wiejskich<span class=\"more-link\"><a href=\"https:\/\/naszpowiat.info\/index.php\/2025\/05\/08\/smak-mazowsza-doceniony-sukces-cisowianek-i-pustelnika-na-gali-w-warszawie\/\">Czytaj dalej<\/a><\/span><\/p>\n","protected":false},"author":9,"featured_media":8730,"comment_status":"open","ping_status":"open","sticky":false,"template":"","format":"standard","meta":{"_monsterinsights_skip_tracking":false,"_monsterinsights_sitenote_active":false,"_monsterinsights_sitenote_note":"","_monsterinsights_sitenote_category":0,"footnotes":""},"categories":[123,28,30,34,31,166,187,49,59],"tags":[207,643,309,1119,290],"class_list":["entry","author-admin","post-8729","post","type-post","status-publish","format-standard","has-post-thumbnail","category-aktualnosci","category-dla-mieszkanca","category-kultura","category-minski","category-powiaty-mazowieckiego","category-rekreacja","category-samorzad","category-stanislawow","category-wydarzenia","tag-kultura","tag-minski","tag-samorzad","tag-stanislawow","tag-wydarzenia"],"aioseo_notices":[],"_links":{"self":[{"href":"https:\/\/naszpowiat.info\/index.php\/wp-json\/wp\/v2\/posts\/8729","targetHints":{"allow":["GET"]}}],"collection":[{"href":"https:\/\/naszpowiat.info\/index.php\/wp-json\/wp\/v2\/posts"}],"about":[{"href":"https:\/\/naszpowiat.info\/index.php\/wp-json\/wp\/v2\/types\/post"}],"author":[{"embeddable":true,"href":"https:\/\/naszpowiat.info\/index.php\/wp-json\/wp\/v2\/users\/9"}],"replies":[{"embeddable":true,"href":"https:\/\/naszpowiat.info\/index.php\/wp-json\/wp\/v2\/comments?post=8729"}],"version-history":[{"count":1,"href":"https:\/\/naszpowiat.info\/index.php\/wp-json\/wp\/v2\/posts\/8729\/revisions"}],"predecessor-version":[{"id":8731,"href":"https:\/\/naszpowiat.info\/index.php\/wp-json\/wp\/v2\/posts\/8729\/revisions\/8731"}],"wp:featuredmedia":[{"embeddable":true,"href":"https:\/\/naszpowiat.info\/index.php\/wp-json\/wp\/v2\/media\/8730"}],"wp:attachment":[{"href":"https:\/\/naszpowiat.info\/index.php\/wp-json\/wp\/v2\/media?parent=8729"}],"wp:term":[{"taxonomy":"category","embeddable":true,"href":"https:\/\/naszpowiat.info\/index.php\/wp-json\/wp\/v2\/categories?post=8729"},{"taxonomy":"post_tag","embeddable":true,"href":"https:\/\/naszpowiat.info\/index.php\/wp-json\/wp\/v2\/tags?post=8729"}],"curies":[{"name":"wp","href":"https:\/\/api.w.org\/{rel}","templated":true}]}}