{"id":8716,"date":"2025-05-08T06:05:02","date_gmt":"2025-05-08T06:05:02","guid":{"rendered":"https:\/\/naszpowiat.info\/?p=8716"},"modified":"2025-05-08T06:05:03","modified_gmt":"2025-05-08T06:05:03","slug":"zabkowska-rada-seniorow-powolana","status":"publish","type":"post","link":"https:\/\/naszpowiat.info\/index.php\/2025\/05\/08\/zabkowska-rada-seniorow-powolana\/","title":{"rendered":"Z\u0105bkowska Rada Senior\u00f3w powo\u0142ana"},"content":{"rendered":"\n<p>W dniu 07.05.2025 roku odby\u0142a si\u0119 I Sesja Z\u0105bkowskiej Rady Senior\u00f3w, kt\u00f3ra zosta\u0142a powo\u0142ana z inicjatywy Burmistrza Miasta Z\u0105bki Ma\u0142gorzaty Zy\u015bk. Jest to pierwsza kadencja Z\u0105bkowskiej Rady Senior\u00f3w, kt\u00f3ra sta\u0142a si\u0119 silnym g\u0142osem senior\u00f3w z terenu Z\u0105bek. <\/p>\n\n\n\n<p>Sk\u0142ad Z\u0105bkowskiej Rady Senior\u00f3w:<\/p>\n\n\n\n<p>1) Pawe\u0142 Pobo\u017cy &#8211; Przewodnicz\u0105cy Z\u0105bkowskiej Rady Senior\u00f3w<\/p>\n\n\n\n<p>2) Antoni Cichecki<\/p>\n\n\n\n<p>3) Krystyna Wierci\u0144ska<\/p>\n\n\n\n<p>4) Wanda Kami\u0144ska<\/p>\n\n\n\n<p>5) Zofia Czo\u0142omiej<\/p>\n\n\n\n<p>6) Danuta Gutowska<\/p>\n\n\n\n<p>7) Zofia Grodzka<\/p>\n\n\n\n<p>8) Janina Zakrzewska<\/p>\n\n\n\n<p>9) Marianna Wrzosek<\/p>\n\n\n\n<p>10) Kazimierz Wierci\u0144ski<\/p>\n\n\n\n<figure class=\"wp-block-image size-large is-resized\"><img loading=\"lazy\" decoding=\"async\" width=\"1024\" height=\"768\" src=\"https:\/\/naszpowiat.info\/wp-content\/uploads\/2025\/05\/1000101370-2-1024x768.jpg\" alt=\"\" class=\"wp-image-8717\" style=\"width:587px;height:auto\" srcset=\"https:\/\/naszpowiat.info\/wp-content\/uploads\/2025\/05\/1000101370-2-1024x768.jpg 1024w, https:\/\/naszpowiat.info\/wp-content\/uploads\/2025\/05\/1000101370-2-300x225.jpg 300w, https:\/\/naszpowiat.info\/wp-content\/uploads\/2025\/05\/1000101370-2-768x576.jpg 768w, https:\/\/naszpowiat.info\/wp-content\/uploads\/2025\/05\/1000101370-2-1536x1152.jpg 1536w, https:\/\/naszpowiat.info\/wp-content\/uploads\/2025\/05\/1000101370-2-2048x1536.jpg 2048w, https:\/\/naszpowiat.info\/wp-content\/uploads\/2025\/05\/1000101370-2-465x349.jpg 465w, https:\/\/naszpowiat.info\/wp-content\/uploads\/2025\/05\/1000101370-2-667x500.jpg 667w\" sizes=\"auto, (max-width: 1024px) 100vw, 1024px\" \/><figcaption class=\"wp-element-caption\">Fot. Urz\u0105d Miasta Z\u0105bki<\/figcaption><\/figure>\n<div class=\"naszp-po-tresci\" id=\"naszp-1501011786\"><script async src=\"\/\/pagead2.googlesyndication.com\/pagead\/js\/adsbygoogle.js?client=ca-pub-5304901113955943\" crossorigin=\"anonymous\"><\/script><ins class=\"adsbygoogle\" style=\"display:block;\" data-ad-client=\"ca-pub-5304901113955943\" \ndata-ad-slot=\"9226873542\" \ndata-ad-format=\"auto\"><\/ins>\n<script> \n(adsbygoogle = window.adsbygoogle || []).push({}); \n<\/script>\n<\/div>","protected":false},"excerpt":{"rendered":"<p>W dniu 07.05.2025 roku odby\u0142a si\u0119 I Sesja Z\u0105bkowskiej Rady Senior\u00f3w, kt\u00f3ra zosta\u0142a powo\u0142ana z inicjatywy Burmistrza Miasta Z\u0105bki Ma\u0142gorzaty Zy\u015bk. Jest to pierwsza kadencja Z\u0105bkowskiej Rady Senior\u00f3w, kt\u00f3ra sta\u0142a si\u0119 silnym g\u0142osem senior\u00f3w z terenu Z\u0105bek. Sk\u0142ad Z\u0105bkowskiej Rady Senior\u00f3w: 1) Pawe\u0142 Pobo\u017cy &#8211; Przewodnicz\u0105cy Z\u0105bkowskiej Rady Senior\u00f3w 2)<span class=\"more-link\"><a href=\"https:\/\/naszpowiat.info\/index.php\/2025\/05\/08\/zabkowska-rada-seniorow-powolana\/\">Czytaj dalej<\/a><\/span><\/p>\n","protected":false},"author":9,"featured_media":8717,"comment_status":"open","ping_status":"open","sticky":false,"template":"","format":"standard","meta":{"_monsterinsights_skip_tracking":false,"_monsterinsights_sitenote_active":false,"_monsterinsights_sitenote_note":"","_monsterinsights_sitenote_category":0,"footnotes":""},"categories":[123,28,187,61,62],"tags":[125,309,356,290,130],"class_list":["entry","author-admin","post-8716","post","type-post","status-publish","format-standard","has-post-thumbnail","category-aktualnosci","category-dla-mieszkanca","category-samorzad","category-zabki","category-zabki-wolominski","tag-powiat-wolominski","tag-samorzad","tag-seniorzy","tag-wydarzenia","tag-zabki"],"aioseo_notices":[],"_links":{"self":[{"href":"https:\/\/naszpowiat.info\/index.php\/wp-json\/wp\/v2\/posts\/8716","targetHints":{"allow":["GET"]}}],"collection":[{"href":"https:\/\/naszpowiat.info\/index.php\/wp-json\/wp\/v2\/posts"}],"about":[{"href":"https:\/\/naszpowiat.info\/index.php\/wp-json\/wp\/v2\/types\/post"}],"author":[{"embeddable":true,"href":"https:\/\/naszpowiat.info\/index.php\/wp-json\/wp\/v2\/users\/9"}],"replies":[{"embeddable":true,"href":"https:\/\/naszpowiat.info\/index.php\/wp-json\/wp\/v2\/comments?post=8716"}],"version-history":[{"count":1,"href":"https:\/\/naszpowiat.info\/index.php\/wp-json\/wp\/v2\/posts\/8716\/revisions"}],"predecessor-version":[{"id":8718,"href":"https:\/\/naszpowiat.info\/index.php\/wp-json\/wp\/v2\/posts\/8716\/revisions\/8718"}],"wp:featuredmedia":[{"embeddable":true,"href":"https:\/\/naszpowiat.info\/index.php\/wp-json\/wp\/v2\/media\/8717"}],"wp:attachment":[{"href":"https:\/\/naszpowiat.info\/index.php\/wp-json\/wp\/v2\/media?parent=8716"}],"wp:term":[{"taxonomy":"category","embeddable":true,"href":"https:\/\/naszpowiat.info\/index.php\/wp-json\/wp\/v2\/categories?post=8716"},{"taxonomy":"post_tag","embeddable":true,"href":"https:\/\/naszpowiat.info\/index.php\/wp-json\/wp\/v2\/tags?post=8716"}],"curies":[{"name":"wp","href":"https:\/\/api.w.org\/{rel}","templated":true}]}}