{"id":8685,"date":"2025-05-06T18:35:58","date_gmt":"2025-05-06T18:35:58","guid":{"rendered":"https:\/\/naszpowiat.info\/?p=8685"},"modified":"2025-05-06T18:41:34","modified_gmt":"2025-05-06T18:41:34","slug":"karta-mieszkanca-zabek-zyskuje","status":"publish","type":"post","link":"https:\/\/naszpowiat.info\/index.php\/2025\/05\/06\/karta-mieszkanca-zabek-zyskuje\/","title":{"rendered":"Nowi partnerzy, nowe zni\u017cki \u2013 Karta Mieszka\u0144ca Z\u0105bek zyskuje na warto\u015bci!"},"content":{"rendered":"\n<p>Mamy fantastyczne wie\u015bci dla wszystkich posiadaczy Karty Mieszka\u0144ca \u201eJestem z Z\u0105bek\u201d! Program lojalno\u015bciowy, kt\u00f3ry z miesi\u0105ca na miesi\u0105c zyskuje coraz wi\u0119ksze grono u\u017cytkownik\u00f3w i Partner\u00f3w, w\u0142a\u015bnie poszerzy\u0142 swoj\u0105 ofert\u0119. Z ogromn\u0105 przyjemno\u015bci\u0105 informujemy, \u017ce do programu do\u0142\u0105czy\u0142y kolejne dwie wyj\u0105tkowe firmy, kt\u00f3re zadbaj\u0105 o Wasze zdrowie, urod\u0119 oraz rozw\u00f3j osobisty. Oficjalnie witamy Yasumi Instytut Zdrowia i Urody oraz English Way School Szko\u0142\u0119 J\u0119zyk\u00f3w Obcych w gronie Partner\u00f3w Programu \u201eJestem z Z\u0105bek \u2013 Karta Mieszka\u0144ca\u201d.<\/p>\n\n\n\n<p>Ju\u017c wkr\u00f3tce mieszka\u0144cy Z\u0105bek posiadaj\u0105cy aktywn\u0105 Kart\u0119 Mieszka\u0144ca b\u0119d\u0105 mogli skorzysta\u0107 z atrakcyjnych zni\u017cek na us\u0142ugi \u015bwiadczone przez wspomniane plac\u00f3wki. Yasumi, znane z profesjonalnych zabieg\u00f3w kosmetycznych, relaksuj\u0105cych rytua\u0142\u00f3w spa oraz terapii piel\u0119gnacyjnych na najwy\u017cszym poziomie, przygotowuje specjaln\u0105 ofert\u0119 promocyjn\u0105 wy\u0142\u0105cznie dla u\u017cytkownik\u00f3w karty. Dzi\u0119ki temu zadbanie o siebie stanie si\u0119 nie tylko przyjemno\u015bci\u0105, ale tak\u017ce realn\u0105 oszcz\u0119dno\u015bci\u0105.<\/p>\n\n\n\n<p>Z kolei English Way School, renomowana szko\u0142a j\u0119zykowa oferuj\u0105ca kursy dla dzieci, m\u0142odzie\u017cy i doros\u0142ych, do\u0142\u0105cza do programu z misj\u0105 wspierania rozwoju kompetencji j\u0119zykowych mieszka\u0144c\u00f3w Z\u0105bek. Nauka angielskiego i innych j\u0119zyk\u00f3w stanie si\u0119 jeszcze bardziej dost\u0119pna, a uczestnicy programu zyskaj\u0105 mo\u017cliwo\u015b\u0107 korzystania z rabat\u00f3w na zaj\u0119cia grupowe i indywidualne.<\/p>\n\n\n\n<p>Rozszerzenie listy Partner\u00f3w Programu to nie tylko wi\u0119cej mo\u017cliwo\u015bci dla mieszka\u0144c\u00f3w, ale te\u017c dow\u00f3d na to, \u017ce spo\u0142eczno\u015b\u0107 Z\u0105bek dynamicznie si\u0119 rozwija i dba o jako\u015b\u0107 \u017cycia swoich obywateli. Karta Mieszka\u0144ca staje si\u0119 coraz bardziej warto\u015bciowym narz\u0119dziem \u2013 zar\u00f3wno dla u\u017cytkownik\u00f3w, jak i lokalnych przedsi\u0119biorc\u00f3w, kt\u00f3rzy chc\u0105 promowa\u0107 swoje us\u0142ugi i by\u0107 bli\u017cej klient\u00f3w.<\/p>\n\n\n<div class=\"wp-block-image\">\n<figure class=\"aligncenter size-large\"><img loading=\"lazy\" decoding=\"async\" width=\"1024\" height=\"805\" src=\"https:\/\/naszpowiat.info\/wp-content\/uploads\/2025\/05\/vEFWEGWEQG-scaled-e1746556833231-1024x805.jpg\" alt=\"\" class=\"wp-image-8695\" srcset=\"https:\/\/naszpowiat.info\/wp-content\/uploads\/2025\/05\/vEFWEGWEQG-scaled-e1746556833231-1024x805.jpg 1024w, https:\/\/naszpowiat.info\/wp-content\/uploads\/2025\/05\/vEFWEGWEQG-scaled-e1746556833231-300x236.jpg 300w, https:\/\/naszpowiat.info\/wp-content\/uploads\/2025\/05\/vEFWEGWEQG-scaled-e1746556833231-768x603.jpg 768w, https:\/\/naszpowiat.info\/wp-content\/uploads\/2025\/05\/vEFWEGWEQG-scaled-e1746556833231-1536x1207.jpg 1536w, https:\/\/naszpowiat.info\/wp-content\/uploads\/2025\/05\/vEFWEGWEQG-scaled-e1746556833231-2048x1609.jpg 2048w, https:\/\/naszpowiat.info\/wp-content\/uploads\/2025\/05\/vEFWEGWEQG-scaled-e1746556833231-465x365.jpg 465w, https:\/\/naszpowiat.info\/wp-content\/uploads\/2025\/05\/vEFWEGWEQG-scaled-e1746556833231-636x500.jpg 636w\" sizes=\"auto, (max-width: 1024px) 100vw, 1024px\" \/><figcaption class=\"wp-element-caption\">Fot. zabki.pl<\/figcaption><\/figure>\n<\/div><div class=\"naszp-po-tresci\" id=\"naszp-3574996395\"><script async src=\"\/\/pagead2.googlesyndication.com\/pagead\/js\/adsbygoogle.js?client=ca-pub-5304901113955943\" crossorigin=\"anonymous\"><\/script><ins class=\"adsbygoogle\" style=\"display:block;\" data-ad-client=\"ca-pub-5304901113955943\" \ndata-ad-slot=\"9226873542\" \ndata-ad-format=\"auto\"><\/ins>\n<script> \n(adsbygoogle = window.adsbygoogle || []).push({}); \n<\/script>\n<\/div>","protected":false},"excerpt":{"rendered":"<p>Mamy fantastyczne wie\u015bci dla wszystkich posiadaczy Karty Mieszka\u0144ca \u201eJestem z Z\u0105bek\u201d! Program lojalno\u015bciowy, kt\u00f3ry z miesi\u0105ca na miesi\u0105c zyskuje coraz wi\u0119ksze grono u\u017cytkownik\u00f3w i Partner\u00f3w, w\u0142a\u015bnie poszerzy\u0142 swoj\u0105 ofert\u0119. Z ogromn\u0105 przyjemno\u015bci\u0105 informujemy, \u017ce do programu do\u0142\u0105czy\u0142y kolejne dwie wyj\u0105tkowe firmy, kt\u00f3re zadbaj\u0105 o Wasze zdrowie, urod\u0119 oraz rozw\u00f3j osobisty.<span class=\"more-link\"><a href=\"https:\/\/naszpowiat.info\/index.php\/2025\/05\/06\/karta-mieszkanca-zabek-zyskuje\/\">Czytaj dalej<\/a><\/span><\/p>\n","protected":false},"author":9,"featured_media":8695,"comment_status":"open","ping_status":"open","sticky":false,"template":"","format":"standard","meta":{"_monsterinsights_skip_tracking":false,"_monsterinsights_sitenote_active":false,"_monsterinsights_sitenote_note":"","_monsterinsights_sitenote_category":0,"footnotes":""},"categories":[123,28,40,31,187,59,62],"tags":[1113,1111,588,321,309,292,290,1114,130],"class_list":["entry","author-admin","post-8685","post","type-post","status-publish","format-standard","has-post-thumbnail","category-aktualnosci","category-dla-mieszkanca","category-wolominski","category-powiaty-mazowieckiego","category-samorzad","category-wydarzenia","category-zabki-wolominski","tag-english-way-school-zabki","tag-jestem-z-zabek","tag-karta-mieszkanca","tag-malgorzata-zysk","tag-samorzad","tag-wolominski","tag-wydarzenia","tag-yasumi","tag-zabki"],"aioseo_notices":[],"_links":{"self":[{"href":"https:\/\/naszpowiat.info\/index.php\/wp-json\/wp\/v2\/posts\/8685","targetHints":{"allow":["GET"]}}],"collection":[{"href":"https:\/\/naszpowiat.info\/index.php\/wp-json\/wp\/v2\/posts"}],"about":[{"href":"https:\/\/naszpowiat.info\/index.php\/wp-json\/wp\/v2\/types\/post"}],"author":[{"embeddable":true,"href":"https:\/\/naszpowiat.info\/index.php\/wp-json\/wp\/v2\/users\/9"}],"replies":[{"embeddable":true,"href":"https:\/\/naszpowiat.info\/index.php\/wp-json\/wp\/v2\/comments?post=8685"}],"version-history":[{"count":5,"href":"https:\/\/naszpowiat.info\/index.php\/wp-json\/wp\/v2\/posts\/8685\/revisions"}],"predecessor-version":[{"id":8697,"href":"https:\/\/naszpowiat.info\/index.php\/wp-json\/wp\/v2\/posts\/8685\/revisions\/8697"}],"wp:featuredmedia":[{"embeddable":true,"href":"https:\/\/naszpowiat.info\/index.php\/wp-json\/wp\/v2\/media\/8695"}],"wp:attachment":[{"href":"https:\/\/naszpowiat.info\/index.php\/wp-json\/wp\/v2\/media?parent=8685"}],"wp:term":[{"taxonomy":"category","embeddable":true,"href":"https:\/\/naszpowiat.info\/index.php\/wp-json\/wp\/v2\/categories?post=8685"},{"taxonomy":"post_tag","embeddable":true,"href":"https:\/\/naszpowiat.info\/index.php\/wp-json\/wp\/v2\/tags?post=8685"}],"curies":[{"name":"wp","href":"https:\/\/api.w.org\/{rel}","templated":true}]}}