{"id":8670,"date":"2025-05-04T21:01:56","date_gmt":"2025-05-04T21:01:56","guid":{"rendered":"https:\/\/naszpowiat.info\/?p=8670"},"modified":"2025-05-04T21:01:57","modified_gmt":"2025-05-04T21:01:57","slug":"mazowsze-i-podlasie-w-jednym-kadrze-wystawa-w-nowym-dworze-mazowieckim","status":"publish","type":"post","link":"https:\/\/naszpowiat.info\/index.php\/2025\/05\/04\/mazowsze-i-podlasie-w-jednym-kadrze-wystawa-w-nowym-dworze-mazowieckim\/","title":{"rendered":"Mazowsze i Podlasie w jednym kadrze &#8211; wystawa w Nowym Dworze Mazowieckim!"},"content":{"rendered":"\n<p>Ju\u017c 9 maja 2025 roku o godzinie 18:00 w Galerii \u0141\u0105cznik, mieszcz\u0105cej si\u0119 w Nowodworskim O\u015brodku Kultury przy ul. Paderewskiego 1A w Nowym Dworze Mazowieckim, odb\u0119dzie si\u0119 niezwyk\u0142y wernisa\u017c wystawy \u201eMazowsze \u2013 Podlasie. \u0141\u0105czy nas sztuka\u201d. Wst\u0119p na wydarzenie jest ca\u0142kowicie bezp\u0142atny, co czyni je jeszcze bardziej dost\u0119pnym dla wszystkich mi\u0142o\u015bnik\u00f3w sztuki i lokalnej kultury.<\/p>\n\n\n\n<p>Wystawa ta stanowi wyj\u0105tkowy efekt artystycznej wsp\u00f3\u0142pracy tw\u00f3rc\u00f3w pochodz\u0105cych z dw\u00f3ch odmiennych, ale duchowo bliskich sobie region\u00f3w \u2013 Mazowsza i Podlasia. Prezentowane prace s\u0105 owocem ich wielokrotnych spotka\u0144, wsp\u00f3lnych plener\u00f3w, rozm\u00f3w i wzajemnych inspiracji. To nie tylko ekspozycja dzie\u0142, ale przede wszystkim opowie\u015b\u0107 o tym, jak sztuka staje si\u0119 pomostem mi\u0119dzy lud\u017ami, miejscami i emocjami. Arty\u015bci bior\u0105cy udzia\u0142 w tym projekcie nie tylko dziel\u0105 si\u0119 swoimi umiej\u0119tno\u015bciami, ale r\u00f3wnie\u017c ucz\u0105 si\u0119 od siebie nawzajem, czerpi\u0105c z r\u00f3\u017cnorodno\u015bci do\u015bwiadcze\u0144 oraz z bogactwa lokalnej kultury i przyrody.<\/p>\n\n\n\n<p>W przestrzeni wystawienniczej Galerii \u0141\u0105cznik b\u0119dzie mo\u017cna podziwia\u0107 prace z zakresu malarstwa, rze\u017aby i tkaniny artystycznej. Te trzy formy tw\u00f3rczej ekspresji staj\u0105 si\u0119 narz\u0119dziem komunikacji i budowania dialogu \u2013 z widzem, z krajobrazem, z przesz\u0142o\u015bci\u0105 i tera\u017aniejszo\u015bci\u0105. Sztuka, jak\u0105 prezentuj\u0105 arty\u015bci, nie powstaje w oderwaniu od rzeczywisto\u015bci \u2013 jest g\u0142\u0119boko zakorzeniona w to\u017csamo\u015bci region\u00f3w, w osobistych prze\u017cyciach tw\u00f3rc\u00f3w, a tak\u017ce w energii, jaka wytwarza si\u0119 podczas wsp\u00f3lnych dzia\u0142a\u0144 artystycznych. Ka\u017cda praca to \u015bwiadectwo indywidualnej drogi, ale tak\u017ce wynik wsp\u00f3lnego do\u015bwiadczenia, kt\u00f3re owocuje czym\u015b nowym i niepowtarzalnym.<\/p>\n\n\n\n<p>Jak podkre\u015blaj\u0105 sami arty\u015bci, ta wystawa to nie tylko prezentacja efekt\u00f3w pracy \u2013 to zaproszenie do wsp\u00f3\u0142odczuwania. Ich dzie\u0142a powsta\u0142y z potrzeby dialogu: z miejscem, z tradycj\u0105, z cz\u0142owiekiem. Przez sztuk\u0119 pokazuj\u0105, jak wiele nas \u0142\u0105czy, nawet je\u015bli dzieli nas geografia czy codzienno\u015b\u0107.<\/p>\n\n\n\n<p>W\u015br\u00f3d autor\u00f3w prac zobaczymy nazwiska zar\u00f3wno uznanych, jak i mniej znanych, ale r\u00f3wnie utalentowanych tw\u00f3rc\u00f3w. Wystawiaj\u0105 swoje dzie\u0142a: Ma\u0142gorzata Bartel, Tomasz Bartel, Dorota Bielik, Krzysztof Chy\u017cy, El\u017cbieta Czausz-Matel, Marek Czy\u017cewski, Jolanta Ga\u0142\u0105zka, Kamil Kalinowski, Ma\u0142gorzata Omela\u0144czuk-Pawluk, Beata Palikot-Borowska oraz Marko Sapio\u0142ko.<\/p>\n\n\n\n<p>Wystawa potrwa do 23 maja 2025 roku. To doskona\u0142a okazja, by zanurzy\u0107 si\u0119 w atmosfer\u0119 artystycznej refleksji, zobaczy\u0107 r\u00f3\u017cnorodno\u015b\u0107 styl\u00f3w i technik, a przede wszystkim do\u015bwiadczy\u0107 tego, jak sztuka potrafi \u0142\u0105czy\u0107 ludzi ponad granicami region\u00f3w i odmiennych \u015bwiat\u00f3w.<\/p>\n\n\n<div class=\"wp-block-image\">\n<figure class=\"aligncenter size-large\"><img loading=\"lazy\" decoding=\"async\" width=\"724\" height=\"1024\" src=\"https:\/\/naszpowiat.info\/wp-content\/uploads\/2025\/05\/image-3-724x1024.png\" alt=\"\" class=\"wp-image-8671\"\/><figcaption class=\"wp-element-caption\">Fot. nowydwormaz.pl<\/figcaption><\/figure>\n<\/div><div class=\"naszp-po-tresci\" id=\"naszp-1942253576\"><script async src=\"\/\/pagead2.googlesyndication.com\/pagead\/js\/adsbygoogle.js?client=ca-pub-5304901113955943\" crossorigin=\"anonymous\"><\/script><ins class=\"adsbygoogle\" style=\"display:block;\" data-ad-client=\"ca-pub-5304901113955943\" \ndata-ad-slot=\"9226873542\" \ndata-ad-format=\"auto\"><\/ins>\n<script> \n(adsbygoogle = window.adsbygoogle || []).push({}); \n<\/script>\n<\/div>","protected":false},"excerpt":{"rendered":"<p>Ju\u017c 9 maja 2025 roku o godzinie 18:00 w Galerii \u0141\u0105cznik, mieszcz\u0105cej si\u0119 w Nowodworskim O\u015brodku Kultury przy ul. Paderewskiego 1A w Nowym Dworze Mazowieckim, odb\u0119dzie si\u0119 niezwyk\u0142y wernisa\u017c wystawy \u201eMazowsze \u2013 Podlasie. \u0141\u0105czy nas sztuka\u201d. Wst\u0119p na wydarzenie jest ca\u0142kowicie bezp\u0142atny, co czyni je jeszcze bardziej dost\u0119pnym dla wszystkich<span class=\"more-link\"><a href=\"https:\/\/naszpowiat.info\/index.php\/2025\/05\/04\/mazowsze-i-podlasie-w-jednym-kadrze-wystawa-w-nowym-dworze-mazowieckim\/\">Czytaj dalej<\/a><\/span><\/p>\n","protected":false},"author":9,"featured_media":8671,"comment_status":"open","ping_status":"open","sticky":false,"template":"","format":"standard","meta":{"_monsterinsights_skip_tracking":false,"_monsterinsights_sitenote_active":false,"_monsterinsights_sitenote_note":"","_monsterinsights_sitenote_category":0,"footnotes":""},"categories":[123,28,191,30,106,35,31,192,59],"tags":[207,457,167,309,372,290],"class_list":["entry","author-admin","post-8670","post","type-post","status-publish","format-standard","has-post-thumbnail","category-aktualnosci","category-dla-mieszkanca","category-edukacja","category-kultura","category-nowy-dwor-mazowiecki","category-nowodworski","category-powiaty-mazowieckiego","category-sztuka","category-wydarzenia","tag-kultura","tag-nowodworski","tag-nowy-dwor-mazowiecki","tag-samorzad","tag-sztuka","tag-wydarzenia"],"aioseo_notices":[],"_links":{"self":[{"href":"https:\/\/naszpowiat.info\/index.php\/wp-json\/wp\/v2\/posts\/8670","targetHints":{"allow":["GET"]}}],"collection":[{"href":"https:\/\/naszpowiat.info\/index.php\/wp-json\/wp\/v2\/posts"}],"about":[{"href":"https:\/\/naszpowiat.info\/index.php\/wp-json\/wp\/v2\/types\/post"}],"author":[{"embeddable":true,"href":"https:\/\/naszpowiat.info\/index.php\/wp-json\/wp\/v2\/users\/9"}],"replies":[{"embeddable":true,"href":"https:\/\/naszpowiat.info\/index.php\/wp-json\/wp\/v2\/comments?post=8670"}],"version-history":[{"count":1,"href":"https:\/\/naszpowiat.info\/index.php\/wp-json\/wp\/v2\/posts\/8670\/revisions"}],"predecessor-version":[{"id":8672,"href":"https:\/\/naszpowiat.info\/index.php\/wp-json\/wp\/v2\/posts\/8670\/revisions\/8672"}],"wp:featuredmedia":[{"embeddable":true,"href":"https:\/\/naszpowiat.info\/index.php\/wp-json\/wp\/v2\/media\/8671"}],"wp:attachment":[{"href":"https:\/\/naszpowiat.info\/index.php\/wp-json\/wp\/v2\/media?parent=8670"}],"wp:term":[{"taxonomy":"category","embeddable":true,"href":"https:\/\/naszpowiat.info\/index.php\/wp-json\/wp\/v2\/categories?post=8670"},{"taxonomy":"post_tag","embeddable":true,"href":"https:\/\/naszpowiat.info\/index.php\/wp-json\/wp\/v2\/tags?post=8670"}],"curies":[{"name":"wp","href":"https:\/\/api.w.org\/{rel}","templated":true}]}}