{"id":8633,"date":"2025-04-28T14:48:12","date_gmt":"2025-04-28T14:48:12","guid":{"rendered":"https:\/\/naszpowiat.info\/?p=8633"},"modified":"2025-04-28T14:48:13","modified_gmt":"2025-04-28T14:48:13","slug":"20-lecie-powiatowej-stacji-ratownictwa-medycznego-w-bloniu","status":"publish","type":"post","link":"https:\/\/naszpowiat.info\/index.php\/2025\/04\/28\/20-lecie-powiatowej-stacji-ratownictwa-medycznego-w-bloniu\/","title":{"rendered":"20-lecie Powiatowej Stacji Ratownictwa Medycznego w B\u0142oniu!"},"content":{"rendered":"\n<p><span style=\"font-size: revert; color: initial;\">Powiatowa Stacja Ratownictwa Medycznego Powiatu Warszawskiego Zachodniego, utworzona 28 kwietnia 2005 roku, obchodzi w tym roku swoje 20-lecie. To czas dynamicznego rozwoju, kt\u00f3ry zawdzi\u0119cza odpowiedniej strategii zarz\u0105dzania oraz zaanga\u017cowaniu Dyrektora Piotra Kosyla. Stacja, kt\u00f3ra zaczyna\u0142a skromnie z trzema zespo\u0142ami, dzi\u015b mo\u017ce pochwali\u0107 si\u0119 12 zespo\u0142ami ratowniczymi, realizuj\u0105cymi rocznie ponad 26 tysi\u0119cy wyjazd\u00f3w. Piotr Kosyl, Dyrektor Stacji, opowiada o tym, jak zmienia\u0142a si\u0119 organizacja i jak\u0105 rol\u0119 odegra\u0142a w rozwoju ratownictwa medycznego w regionie.<\/span> <p data-start=\"652\" data-end=\"1163\" class=\"\">Praca w Powiatowej Stacji Ratownictwa Medycznego to wyj\u0105tkowe wyzwanie. Ratownicy medyczni zmierz\u0105 si\u0119 z trudnymi, stresuj\u0105cymi sytuacjami, ale to tak\u017ce s\u0142u\u017cba, kt\u00f3ra daje ogromn\u0105 satysfakcj\u0119. W ci\u0105gu 20 lat Stacja wykona\u0142a setki tysi\u0119cy wyjazd\u00f3w, ratuj\u0105c ludzkie \u017cycie. Pracownicy nie tylko realizuj\u0105 swoje obowi\u0105zki, ale tak\u017ce anga\u017cuj\u0105 si\u0119 w akcje prozdrowotne, edukuj\u0105c mieszka\u0144c\u00f3w powiatu. Ponadto, wielu ratownik\u00f3w zdoby\u0142o do\u015bwiadczenie w presti\u017cowych instytucjach, takich jak Lotnicze Pogotowie Ratunkowe.Pierwsze lata dzia\u0142alno\u015bci to czas rozwoju infrastruktury \u2013 w 2007 roku Stacja dysponowa\u0142a trzema zespo\u0142ami, z kt\u00f3rych dwa by\u0142y podstawowe, a jeden specjalistyczny. Z czasem, dzi\u0119ki wsp\u00f3\u0142pracy z lokalnymi w\u0142adzami, powsta\u0142y nowe plac\u00f3wki w Starych Babicach, O\u017carowie Mazowieckim i \u0141omiankach, co umo\u017cliwi\u0142o zwi\u0119kszenie zasi\u0119gu dzia\u0142ania. Kolejne lata przynios\u0142y rozw\u00f3j taboru samochodowego, a w 2012 roku rozpocz\u0119to szerok\u0105 wsp\u00f3\u0142prac\u0119 z mieszka\u0144cami w zakresie profilaktyki zdrowotnej.W 2019 roku, po zmianie w strukturze Pa\u0144stwowego Systemu Ratownictwa Medycznego, Stacja powi\u0119kszy\u0142a sw\u00f3j obszar dzia\u0142alno\u015bci o powiaty grodziski i \u017cyrardowski, zwi\u0119kszaj\u0105c liczb\u0119 zespo\u0142\u00f3w ratowniczych z 4 do 10. W 2022 roku do struktury w\u0142\u0105czono dodatkowy zesp\u00f3\u0142 w Grodzisku Mazowieckim, a w 2025 roku planowane jest rozszerzenie dzia\u0142a\u0144 na powiat \u017cyrardowski.Z okazji jubileuszu, Dyrektor Piotr Kosyl dzi\u0119kuje wszystkim pracownikom, kt\u00f3rzy przez 20 lat tworzyli Powiatow\u0105 Stacj\u0119 Ratownictwa Medycznego, oraz wsp\u00f3\u0142pracuj\u0105cym instytucjom za pomoc w rozwoju plac\u00f3wki. Mimo ogromnych sukces\u00f3w, przysz\u0142o\u015b\u0107 Stacji nie jest wolna od wyzwa\u0144. Rosn\u0105ce potrzeby mieszka\u0144c\u00f3w oraz zmieniaj\u0105ce si\u0119 przepisy prawne sprawiaj\u0105, \u017ce rozw\u00f3j infrastruktury oraz podnoszenie kompetencji zawodowych ratownik\u00f3w medycznych pozostaj\u0105 priorytetami.<\/p><\/p>\n\n\n<div class=\"wp-block-image\">\n<figure class=\"aligncenter size-full\"><img loading=\"lazy\" decoding=\"async\" width=\"970\" height=\"570\" src=\"https:\/\/naszpowiat.info\/wp-content\/uploads\/2025\/04\/image-41.png\" alt=\"\" class=\"wp-image-8634\" srcset=\"https:\/\/naszpowiat.info\/wp-content\/uploads\/2025\/04\/image-41.png 970w, https:\/\/naszpowiat.info\/wp-content\/uploads\/2025\/04\/image-41-300x176.png 300w, https:\/\/naszpowiat.info\/wp-content\/uploads\/2025\/04\/image-41-768x451.png 768w, https:\/\/naszpowiat.info\/wp-content\/uploads\/2025\/04\/image-41-465x273.png 465w, https:\/\/naszpowiat.info\/wp-content\/uploads\/2025\/04\/image-41-695x408.png 695w\" sizes=\"auto, (max-width: 970px) 100vw, 970px\" \/><figcaption class=\"wp-element-caption\">Fot. pwz.pl<\/figcaption><\/figure>\n<\/div><div class=\"naszp-po-tresci\" id=\"naszp-255151175\"><script async src=\"\/\/pagead2.googlesyndication.com\/pagead\/js\/adsbygoogle.js?client=ca-pub-5304901113955943\" crossorigin=\"anonymous\"><\/script><ins class=\"adsbygoogle\" style=\"display:block;\" data-ad-client=\"ca-pub-5304901113955943\" \ndata-ad-slot=\"9226873542\" \ndata-ad-format=\"auto\"><\/ins>\n<script> \n(adsbygoogle = window.adsbygoogle || []).push({}); \n<\/script>\n<\/div>","protected":false},"excerpt":{"rendered":"<p>Powiatowa Stacja Ratownictwa Medycznego Powiatu Warszawskiego Zachodniego, utworzona 28 kwietnia 2005 roku, obchodzi w tym roku swoje 20-lecie. To czas dynamicznego rozwoju, kt\u00f3ry zawdzi\u0119cza odpowiedniej strategii zarz\u0105dzania oraz zaanga\u017cowaniu Dyrektora Piotra Kosyla. Stacja, kt\u00f3ra zaczyna\u0142a skromnie z trzema zespo\u0142ami, dzi\u015b mo\u017ce pochwali\u0107 si\u0119 12 zespo\u0142ami ratowniczymi, realizuj\u0105cymi rocznie ponad 26<span class=\"more-link\"><a href=\"https:\/\/naszpowiat.info\/index.php\/2025\/04\/28\/20-lecie-powiatowej-stacji-ratownictwa-medycznego-w-bloniu\/\">Czytaj dalej<\/a><\/span><\/p>\n","protected":false},"author":9,"featured_media":8634,"comment_status":"open","ping_status":"open","sticky":false,"template":"","format":"standard","meta":{"_monsterinsights_skip_tracking":false,"_monsterinsights_sitenote_active":false,"_monsterinsights_sitenote_note":"","_monsterinsights_sitenote_category":0,"footnotes":""},"categories":[123,172,67,28,161,39,31,59,228],"tags":[1096,156,1098,162,1094,1095,290],"class_list":["entry","author-admin","post-8633","post","type-post","status-publish","format-standard","has-post-thumbnail","category-aktualnosci","category-bezpieczenstwo","category-blonie","category-dla-mieszkanca","category-powiat-warszawski-zachodni","category-warszawski-zachodni","category-powiaty-mazowieckiego","category-wydarzenia","category-zdrowie","tag-20-lecie","tag-bezpieczenstwo","tag-blonie","tag-powiat-warszawski-zachodni","tag-powiatowa-stacja-ratownictwa-medycznego","tag-ratownictwo-medyczne","tag-wydarzenia"],"aioseo_notices":[],"_links":{"self":[{"href":"https:\/\/naszpowiat.info\/index.php\/wp-json\/wp\/v2\/posts\/8633","targetHints":{"allow":["GET"]}}],"collection":[{"href":"https:\/\/naszpowiat.info\/index.php\/wp-json\/wp\/v2\/posts"}],"about":[{"href":"https:\/\/naszpowiat.info\/index.php\/wp-json\/wp\/v2\/types\/post"}],"author":[{"embeddable":true,"href":"https:\/\/naszpowiat.info\/index.php\/wp-json\/wp\/v2\/users\/9"}],"replies":[{"embeddable":true,"href":"https:\/\/naszpowiat.info\/index.php\/wp-json\/wp\/v2\/comments?post=8633"}],"version-history":[{"count":1,"href":"https:\/\/naszpowiat.info\/index.php\/wp-json\/wp\/v2\/posts\/8633\/revisions"}],"predecessor-version":[{"id":8635,"href":"https:\/\/naszpowiat.info\/index.php\/wp-json\/wp\/v2\/posts\/8633\/revisions\/8635"}],"wp:featuredmedia":[{"embeddable":true,"href":"https:\/\/naszpowiat.info\/index.php\/wp-json\/wp\/v2\/media\/8634"}],"wp:attachment":[{"href":"https:\/\/naszpowiat.info\/index.php\/wp-json\/wp\/v2\/media?parent=8633"}],"wp:term":[{"taxonomy":"category","embeddable":true,"href":"https:\/\/naszpowiat.info\/index.php\/wp-json\/wp\/v2\/categories?post=8633"},{"taxonomy":"post_tag","embeddable":true,"href":"https:\/\/naszpowiat.info\/index.php\/wp-json\/wp\/v2\/tags?post=8633"}],"curies":[{"name":"wp","href":"https:\/\/api.w.org\/{rel}","templated":true}]}}