{"id":8609,"date":"2025-04-26T18:39:24","date_gmt":"2025-04-26T18:39:24","guid":{"rendered":"https:\/\/naszpowiat.info\/?p=8609"},"modified":"2025-04-26T18:39:25","modified_gmt":"2025-04-26T18:39:25","slug":"druhowie-osp-karczew-swietuja-nowy-woz-gasniczy","status":"publish","type":"post","link":"https:\/\/naszpowiat.info\/index.php\/2025\/04\/26\/druhowie-osp-karczew-swietuja-nowy-woz-gasniczy\/","title":{"rendered":"Druhowie OSP Karczew \u015bwi\u0119tuj\u0105 nowy w\u00f3z ga\u015bniczy!"},"content":{"rendered":"\n<p>W \u015brodowe popo\u0142udnie, 23 kwietnia, w Karczewie rozegra\u0142a si\u0119 scena pe\u0142na emocji, rado\u015bci i dumy. Druhowie z Ochotniczej Stra\u017cy Po\u017carnej w Karczewie z wielk\u0105 pomp\u0105 odebrali nowy, ci\u0119\u017cki samoch\u00f3d ratowniczo-ga\u015bniczy. Na ulicach rozbrzmia\u0142y syreny, niebo roz\u015bwietli\u0142y race, a wok\u00f3\u0142 da\u0142o si\u0119 wyczu\u0107 autentyczne wzruszenie i ogromne szcz\u0119\u015bcie zgromadzonych stra\u017cak\u00f3w oraz mieszka\u0144c\u00f3w. Ten dzie\u0144 zapisze si\u0119 na d\u0142ugo w pami\u0119ci ca\u0142ej lokalnej spo\u0142eczno\u015bci, bo nie by\u0142 to zwyk\u0142y odbi\u00f3r sprz\u0119tu \u2013 to spe\u0142nienie marzenia, na kt\u00f3re druhowie czekali od lat, wierz\u0105c, \u017ce ich ci\u0119\u017cka praca i niegasn\u0105ca determinacja zostan\u0105 nagrodzone.<\/p>\n\n\n\n<p>Nowoczesny, solidny i w pe\u0142ni wyposa\u017cony samoch\u00f3d ratowniczo-ga\u015bniczy to dla OSP Karczew nie tylko nowe mo\u017cliwo\u015bci dzia\u0142ania, ale r\u00f3wnie\u017c symbol bezpiecze\u0144stwa i rozwoju. Dzi\u0119ki temu pojazdowi stra\u017cacy b\u0119d\u0105 mogli jeszcze skuteczniej nie\u015b\u0107 pomoc tam, gdzie zagro\u017cone jest ludzkie \u017cycie, zdrowie i mienie. Nowy w\u00f3z to tak\u017ce odpowied\u017a na potrzeby zmieniaj\u0105cych si\u0119 warunk\u00f3w, w kt\u00f3rych s\u0142u\u017cby ratunkowe musz\u0105 dzia\u0142a\u0107 szybciej, efektywniej i bezpieczniej.<\/p>\n\n\n\n<p>Ju\u017c teraz druhowie serdecznie zapraszaj\u0105 wszystkich mieszka\u0144c\u00f3w na uroczyste oficjalne przekazanie oraz powitanie nowego wozu bojowego. Wydarzenie odb\u0119dzie si\u0119 10 maja o godzinie 17:00 na Rynku, tu\u017c przed siedzib\u0105 OSP Karczew. To wyj\u0105tkowy moment, kt\u00f3ry warto prze\u017cy\u0107 wsp\u00f3lnie, okazuj\u0105c szacunek i wsparcie dla tych, kt\u00f3rzy codziennie czuwaj\u0105 nad naszym bezpiecze\u0144stwem.<\/p>\n\n\n\n<p>Realizacja projektu &#8222;Zakup ci\u0119\u017ckiego wozu bojowego dla Ochotniczej Stra\u017cy Po\u017carnej Karczew&#8221; by\u0142a mo\u017cliwa dzi\u0119ki znacz\u0105cemu wsparciu finansowemu pochodz\u0105cemu z Europejskiego Funduszu Rozwoju Regionalnego. \u015arodki te przyznano w ramach Priorytetu II: &#8222;Fundusze Europejskie na zielony rozw\u00f3j Mazowsza&#8221; oraz Dzia\u0142ania 2.4: &#8222;Dostosowanie do zmian klimatu&#8221; w ramach programu Fundusze Europejskie dla Mazowsza 2021-2027. To kolejny dow\u00f3d na to, \u017ce dobrze zarz\u0105dzane fundusze europejskie realnie zmieniaj\u0105 lokalne spo\u0142eczno\u015bci i pomagaj\u0105 rozwija\u0107 ich potencja\u0142.<\/p>\n\n\n<div class=\"wp-block-image\">\n<figure class=\"aligncenter size-full\"><img loading=\"lazy\" decoding=\"async\" width=\"960\" height=\"639\" src=\"https:\/\/naszpowiat.info\/wp-content\/uploads\/2025\/04\/image-36.png\" alt=\"\" class=\"wp-image-8610\" srcset=\"https:\/\/naszpowiat.info\/wp-content\/uploads\/2025\/04\/image-36.png 960w, https:\/\/naszpowiat.info\/wp-content\/uploads\/2025\/04\/image-36-300x200.png 300w, https:\/\/naszpowiat.info\/wp-content\/uploads\/2025\/04\/image-36-768x511.png 768w, https:\/\/naszpowiat.info\/wp-content\/uploads\/2025\/04\/image-36-465x310.png 465w, https:\/\/naszpowiat.info\/wp-content\/uploads\/2025\/04\/image-36-695x463.png 695w\" sizes=\"auto, (max-width: 960px) 100vw, 960px\" \/><figcaption class=\"wp-element-caption\">Fot. karczew.pl<\/figcaption><\/figure>\n<\/div><div class=\"naszp-po-tresci\" id=\"naszp-2077019513\"><script async src=\"\/\/pagead2.googlesyndication.com\/pagead\/js\/adsbygoogle.js?client=ca-pub-5304901113955943\" crossorigin=\"anonymous\"><\/script><ins class=\"adsbygoogle\" style=\"display:block;\" data-ad-client=\"ca-pub-5304901113955943\" \ndata-ad-slot=\"9226873542\" \ndata-ad-format=\"auto\"><\/ins>\n<script> \n(adsbygoogle = window.adsbygoogle || []).push({}); \n<\/script>\n<\/div>","protected":false},"excerpt":{"rendered":"<p>W \u015brodowe popo\u0142udnie, 23 kwietnia, w Karczewie rozegra\u0142a si\u0119 scena pe\u0142na emocji, rado\u015bci i dumy. Druhowie z Ochotniczej Stra\u017cy Po\u017carnej w Karczewie z wielk\u0105 pomp\u0105 odebrali nowy, ci\u0119\u017cki samoch\u00f3d ratowniczo-ga\u015bniczy. Na ulicach rozbrzmia\u0142y syreny, niebo roz\u015bwietli\u0142y race, a wok\u00f3\u0142 da\u0142o si\u0119 wyczu\u0107 autentyczne wzruszenie i ogromne szcz\u0119\u015bcie zgromadzonych stra\u017cak\u00f3w oraz<span class=\"more-link\"><a href=\"https:\/\/naszpowiat.info\/index.php\/2025\/04\/26\/druhowie-osp-karczew-swietuja-nowy-woz-gasniczy\/\">Czytaj dalej<\/a><\/span><\/p>\n","protected":false},"author":9,"featured_media":8610,"comment_status":"open","ping_status":"open","sticky":false,"template":"","format":"standard","meta":{"_monsterinsights_skip_tracking":false,"_monsterinsights_sitenote_active":false,"_monsterinsights_sitenote_note":"","_monsterinsights_sitenote_category":0,"footnotes":""},"categories":[123,172,186,87,36,31,166,59],"tags":[834,126,163,207,203,232,290],"class_list":["entry","author-admin","post-8609","post","type-post","status-publish","format-standard","has-post-thumbnail","category-aktualnosci","category-bezpieczenstwo","category-budzet","category-karczew","category-otwocki","category-powiaty-mazowieckiego","category-rekreacja","category-wydarzenia","tag-fundusze-europejskie","tag-inwestycje","tag-karczew","tag-kultura","tag-osp","tag-straz-pozarna","tag-wydarzenia"],"aioseo_notices":[],"_links":{"self":[{"href":"https:\/\/naszpowiat.info\/index.php\/wp-json\/wp\/v2\/posts\/8609","targetHints":{"allow":["GET"]}}],"collection":[{"href":"https:\/\/naszpowiat.info\/index.php\/wp-json\/wp\/v2\/posts"}],"about":[{"href":"https:\/\/naszpowiat.info\/index.php\/wp-json\/wp\/v2\/types\/post"}],"author":[{"embeddable":true,"href":"https:\/\/naszpowiat.info\/index.php\/wp-json\/wp\/v2\/users\/9"}],"replies":[{"embeddable":true,"href":"https:\/\/naszpowiat.info\/index.php\/wp-json\/wp\/v2\/comments?post=8609"}],"version-history":[{"count":1,"href":"https:\/\/naszpowiat.info\/index.php\/wp-json\/wp\/v2\/posts\/8609\/revisions"}],"predecessor-version":[{"id":8611,"href":"https:\/\/naszpowiat.info\/index.php\/wp-json\/wp\/v2\/posts\/8609\/revisions\/8611"}],"wp:featuredmedia":[{"embeddable":true,"href":"https:\/\/naszpowiat.info\/index.php\/wp-json\/wp\/v2\/media\/8610"}],"wp:attachment":[{"href":"https:\/\/naszpowiat.info\/index.php\/wp-json\/wp\/v2\/media?parent=8609"}],"wp:term":[{"taxonomy":"category","embeddable":true,"href":"https:\/\/naszpowiat.info\/index.php\/wp-json\/wp\/v2\/categories?post=8609"},{"taxonomy":"post_tag","embeddable":true,"href":"https:\/\/naszpowiat.info\/index.php\/wp-json\/wp\/v2\/tags?post=8609"}],"curies":[{"name":"wp","href":"https:\/\/api.w.org\/{rel}","templated":true}]}}