{"id":8602,"date":"2025-04-25T18:25:50","date_gmt":"2025-04-25T18:25:50","guid":{"rendered":"https:\/\/naszpowiat.info\/?p=8602"},"modified":"2025-04-25T18:25:50","modified_gmt":"2025-04-25T18:25:50","slug":"wspolne-sprzatanie-lasu-z-okazji-dnia-ziemi-w-zabkach","status":"publish","type":"post","link":"https:\/\/naszpowiat.info\/index.php\/2025\/04\/25\/wspolne-sprzatanie-lasu-z-okazji-dnia-ziemi-w-zabkach\/","title":{"rendered":"Wsp\u00f3lne sprz\u0105tanie lasu z okazji Dnia Ziemi w Z\u0105bkach"},"content":{"rendered":"\n<p>Przy wsp\u00f3\u0142pracy Stra\u017cy Miejskiej w Z\u0105bkach z Nadle\u015bnictwem Drewnica oraz Biurem Gospodarki Odpadami, a tak\u017ce uczniami okolicznych szk\u00f3\u0142 po raz kolejny uda\u0142o si\u0119 zatroszczy\u0107 o dobro naszej planety.<\/p>\n\n\n\n<p>Dzi\u0119ki ogromnemu zaanga\u017cowaniu organizator\u00f3w oraz uczestnik\u00f3w tej wspania\u0142ej inicjatywy uda\u0142o si\u0119 zebra\u0107 wiele odpad\u00f3w, co przyczyni\u0142o si\u0119 do poprawy stanu \u015brodowiska i wizerunku wyznaczonego le\u015bnego terenu.<\/p>\n\n\n\n<p>Pami\u0119tajmy, \u017ce tylko wsp\u00f3lnym wysi\u0142kiem mo\u017cemy skutecznie dba\u0107 o nasz\u0105 Ziemi\u0119 i zachowa\u0107 jej pi\u0119kno dla przysz\u0142ych pokole\u0144!<\/p>\n\n\n<div class=\"wp-block-image\">\n<figure class=\"aligncenter size-large is-resized\"><img loading=\"lazy\" decoding=\"async\" width=\"1024\" height=\"435\" src=\"https:\/\/naszpowiat.info\/wp-content\/uploads\/2025\/04\/492716597-640553512137264-3916240104818268650-n-1024x435.jpg\" alt=\"\" class=\"wp-image-8603\" style=\"width:662px;height:auto\" srcset=\"https:\/\/naszpowiat.info\/wp-content\/uploads\/2025\/04\/492716597-640553512137264-3916240104818268650-n-1024x435.jpg 1024w, https:\/\/naszpowiat.info\/wp-content\/uploads\/2025\/04\/492716597-640553512137264-3916240104818268650-n-300x127.jpg 300w, https:\/\/naszpowiat.info\/wp-content\/uploads\/2025\/04\/492716597-640553512137264-3916240104818268650-n-768x326.jpg 768w, https:\/\/naszpowiat.info\/wp-content\/uploads\/2025\/04\/492716597-640553512137264-3916240104818268650-n-1536x652.jpg 1536w, https:\/\/naszpowiat.info\/wp-content\/uploads\/2025\/04\/492716597-640553512137264-3916240104818268650-n-2048x870.jpg 2048w, https:\/\/naszpowiat.info\/wp-content\/uploads\/2025\/04\/492716597-640553512137264-3916240104818268650-n-465x197.jpg 465w, https:\/\/naszpowiat.info\/wp-content\/uploads\/2025\/04\/492716597-640553512137264-3916240104818268650-n-695x295.jpg 695w\" sizes=\"auto, (max-width: 1024px) 100vw, 1024px\" \/><\/figure>\n<\/div>\n\n<div class=\"wp-block-image\">\n<figure class=\"aligncenter size-large is-resized\"><img loading=\"lazy\" decoding=\"async\" width=\"1024\" height=\"473\" src=\"https:\/\/naszpowiat.info\/wp-content\/uploads\/2025\/04\/492298266_640553198803962_800249430715798497_n-1024x473.jpg\" alt=\"\" class=\"wp-image-8604\" style=\"width:690px;height:auto\" srcset=\"https:\/\/naszpowiat.info\/wp-content\/uploads\/2025\/04\/492298266_640553198803962_800249430715798497_n-1024x473.jpg 1024w, https:\/\/naszpowiat.info\/wp-content\/uploads\/2025\/04\/492298266_640553198803962_800249430715798497_n-300x139.jpg 300w, https:\/\/naszpowiat.info\/wp-content\/uploads\/2025\/04\/492298266_640553198803962_800249430715798497_n-768x355.jpg 768w, https:\/\/naszpowiat.info\/wp-content\/uploads\/2025\/04\/492298266_640553198803962_800249430715798497_n-465x215.jpg 465w, https:\/\/naszpowiat.info\/wp-content\/uploads\/2025\/04\/492298266_640553198803962_800249430715798497_n-695x321.jpg 695w, https:\/\/naszpowiat.info\/wp-content\/uploads\/2025\/04\/492298266_640553198803962_800249430715798497_n-920x425.jpg 920w, https:\/\/naszpowiat.info\/wp-content\/uploads\/2025\/04\/492298266_640553198803962_800249430715798497_n.jpg 1130w\" sizes=\"auto, (max-width: 1024px) 100vw, 1024px\" \/><figcaption class=\"wp-element-caption\">Fot. Urz\u0105d Miasta Z\u0105bki<\/figcaption><\/figure>\n<\/div><div class=\"naszp-po-tresci\" id=\"naszp-4053753792\"><script async src=\"\/\/pagead2.googlesyndication.com\/pagead\/js\/adsbygoogle.js?client=ca-pub-5304901113955943\" crossorigin=\"anonymous\"><\/script><ins class=\"adsbygoogle\" style=\"display:block;\" data-ad-client=\"ca-pub-5304901113955943\" \ndata-ad-slot=\"9226873542\" \ndata-ad-format=\"auto\"><\/ins>\n<script> \n(adsbygoogle = window.adsbygoogle || []).push({}); \n<\/script>\n<\/div>","protected":false},"excerpt":{"rendered":"<p>Przy wsp\u00f3\u0142pracy Stra\u017cy Miejskiej w Z\u0105bkach z Nadle\u015bnictwem Drewnica oraz Biurem Gospodarki Odpadami, a tak\u017ce uczniami okolicznych szk\u00f3\u0142 po raz kolejny uda\u0142o si\u0119 zatroszczy\u0107 o dobro naszej planety. Dzi\u0119ki ogromnemu zaanga\u017cowaniu organizator\u00f3w oraz uczestnik\u00f3w tej wspania\u0142ej inicjatywy uda\u0142o si\u0119 zebra\u0107 wiele odpad\u00f3w, co przyczyni\u0142o si\u0119 do poprawy stanu \u015brodowiska i<span class=\"more-link\"><a href=\"https:\/\/naszpowiat.info\/index.php\/2025\/04\/25\/wspolne-sprzatanie-lasu-z-okazji-dnia-ziemi-w-zabkach\/\">Czytaj dalej<\/a><\/span><\/p>\n","protected":false},"author":9,"featured_media":8603,"comment_status":"open","ping_status":"open","sticky":false,"template":"","format":"standard","meta":{"_monsterinsights_skip_tracking":false,"_monsterinsights_sitenote_active":false,"_monsterinsights_sitenote_note":"","_monsterinsights_sitenote_category":0,"footnotes":""},"categories":[123,28,169,30,187,61,62],"tags":[1082,253,317,125,309,290,130],"class_list":["entry","author-admin","post-8602","post","type-post","status-publish","format-standard","has-post-thumbnail","category-aktualnosci","category-dla-mieszkanca","category-ekologia","category-kultura","category-samorzad","category-zabki","category-zabki-wolominski","tag-dzien-ziemi","tag-edukacja","tag-ekologia","tag-powiat-wolominski","tag-samorzad","tag-wydarzenia","tag-zabki"],"aioseo_notices":[],"_links":{"self":[{"href":"https:\/\/naszpowiat.info\/index.php\/wp-json\/wp\/v2\/posts\/8602","targetHints":{"allow":["GET"]}}],"collection":[{"href":"https:\/\/naszpowiat.info\/index.php\/wp-json\/wp\/v2\/posts"}],"about":[{"href":"https:\/\/naszpowiat.info\/index.php\/wp-json\/wp\/v2\/types\/post"}],"author":[{"embeddable":true,"href":"https:\/\/naszpowiat.info\/index.php\/wp-json\/wp\/v2\/users\/9"}],"replies":[{"embeddable":true,"href":"https:\/\/naszpowiat.info\/index.php\/wp-json\/wp\/v2\/comments?post=8602"}],"version-history":[{"count":1,"href":"https:\/\/naszpowiat.info\/index.php\/wp-json\/wp\/v2\/posts\/8602\/revisions"}],"predecessor-version":[{"id":8605,"href":"https:\/\/naszpowiat.info\/index.php\/wp-json\/wp\/v2\/posts\/8602\/revisions\/8605"}],"wp:featuredmedia":[{"embeddable":true,"href":"https:\/\/naszpowiat.info\/index.php\/wp-json\/wp\/v2\/media\/8603"}],"wp:attachment":[{"href":"https:\/\/naszpowiat.info\/index.php\/wp-json\/wp\/v2\/media?parent=8602"}],"wp:term":[{"taxonomy":"category","embeddable":true,"href":"https:\/\/naszpowiat.info\/index.php\/wp-json\/wp\/v2\/categories?post=8602"},{"taxonomy":"post_tag","embeddable":true,"href":"https:\/\/naszpowiat.info\/index.php\/wp-json\/wp\/v2\/tags?post=8602"}],"curies":[{"name":"wp","href":"https:\/\/api.w.org\/{rel}","templated":true}]}}