{"id":8581,"date":"2025-04-24T17:20:21","date_gmt":"2025-04-24T17:20:21","guid":{"rendered":"https:\/\/naszpowiat.info\/?p=8581"},"modified":"2025-04-24T17:20:22","modified_gmt":"2025-04-24T17:20:22","slug":"plebiscyt-perly-mazowsza-2024","status":"publish","type":"post","link":"https:\/\/naszpowiat.info\/index.php\/2025\/04\/24\/plebiscyt-perly-mazowsza-2024\/","title":{"rendered":"Plebiscyt Per\u0142y Mazowsza 2024"},"content":{"rendered":"\n<p>Dziewi\u0105ta edycja Plebiscytu Per\u0142y Mazowsza sta\u0142a si\u0119 nie tylko uhonorowaniem wyj\u0105tkowych ludzi i inicjatyw, lecz tak\u017ce prawdziwym \u015bwi\u0119tem lokalnej to\u017csamo\u015bci, wsp\u00f3lnoty i dumy, kt\u00f3ra bije z ka\u017cdej mazowieckiej gminy. Wydarzenie, kt\u00f3re na sta\u0142e wpisa\u0142o si\u0119 w kalendarz najwa\u017cniejszych uroczysto\u015bci regionu, przyci\u0105gn\u0119\u0142o ponad 600 zaproszonych go\u015bci i zosta\u0142o u\u015bwietnione siedmioma transmisjami na \u017cywo z gal powiatowych. To nie tylko liczby \u2013 to obraz rosn\u0105cego zainteresowania i coraz silniejszej potrzeby doceniania tych, kt\u00f3rzy codziennie zmieniaj\u0105 swoje otoczenie na lepsze.<\/p>\n\n\n\n<p>Szczeg\u00f3lny wymiar plebiscytu podkre\u015bli\u0142a Burmistrz Tarczyna, Dorota Lisicka, kt\u00f3ra podczas gali podzieli\u0142a si\u0119 poruszaj\u0105cym przes\u0142aniem. Zwr\u00f3ci\u0142a uwag\u0119, \u017ce sercem Mazowsza s\u0105 ludzie \u2013 ci, kt\u00f3rzy nie czekaj\u0105, a\u017c lepsze czasy nadejd\u0105, lecz sami je tworz\u0105. To oni, poprzez swoj\u0105 prac\u0119, pomys\u0142y, dzia\u0142alno\u015b\u0107 spo\u0142eczn\u0105 i kultur\u0119, buduj\u0105 lokaln\u0105 wsp\u00f3lnot\u0119. To ich zaanga\u017cowanie sprawia, \u017ce ka\u017cda mazowiecka gmina ma powody do dumy.<\/p>\n\n\n\n<p>Ca\u0142e wydarzenie odbywa\u0142o si\u0119 pod Patronatem Honorowym Marsza\u0142ka Wojew\u00f3dztwa Mazowieckiego Adama Struzika, kt\u00f3ry skierowa\u0142 do uczestnik\u00f3w i laureat\u00f3w s\u0142owa pe\u0142ne uznania i otuchy. Podkre\u015bli\u0142, \u017ce nagrody przyznawane w ramach plebiscytu s\u0105 nie tylko symbolicznym docenieniem dzia\u0142a\u0144 lokalnych lider\u00f3w, ale r\u00f3wnie\u017c impulsem do dalszego rozwijania pasji i wdra\u017cania warto\u015bciowych projekt\u00f3w w \u017cycie.<\/p>\n\n\n\n<p>W gronie laureat\u00f3w z Powiatu Pruszkowskiego znale\u017ali si\u0119 wyj\u0105tkowi reprezentanci lokalnej spo\u0142eczno\u015bci, kt\u00f3rych dzia\u0142ania maj\u0105 nieoceniony wp\u0142yw na otoczenie. Przyk\u0142adem jest Kawiarnia Szcz\u0119\u015bliwa Si\u00f3demka \u2013 miejsce niezwyk\u0142e, bo prowadzone przez osoby z niepe\u0142nosprawno\u015bciami, kt\u00f3re dzi\u0119ki tej inicjatywie nie tylko realizuj\u0105 si\u0119 zawodowo, ale te\u017c aktywnie integruj\u0105 si\u0119 z mieszka\u0144cami. To dow\u00f3d na to, \u017ce inkluzywno\u015b\u0107 i empatia mog\u0105 i\u015b\u0107 w parze z wysok\u0105 jako\u015bci\u0105 i pozytywn\u0105 energi\u0105.<\/p>\n\n\n\n<p>Drugim wyr\u00f3\u017cnionym by\u0142 Piotr Tomaszewski \u2013 utalentowany fotograf przyrody z Pruszkowa, kt\u00f3ry z pasj\u0105 dokumentuje pi\u0119kno natury, prowadz\u0105c na Facebooku profil &#8222;Przyroda w obiektywie Piotra&#8221;. Jego prace znane s\u0105 nie tylko lokalnie \u2013 zachwycaj\u0105 i inspiruj\u0105 tak\u017ce poza granicami regionu. Jego zdj\u0119cia s\u0105 niczym ciche opowie\u015bci o \u015bwiecie, kt\u00f3ry nas otacza, a cz\u0119sto umyka w codziennym biegu.<\/p>\n\n\n\n<p>Jak podkre\u015bli\u0142a prowadz\u0105ca gal\u0119, Katarzyna Klimaszewska, to w\u0142a\u015bnie tacy ludzie jak Piotr Tomaszewski czy zesp\u00f3\u0142 Szcz\u0119\u015bliwej Si\u00f3demki tworz\u0105 prawdziw\u0105 si\u0142\u0119 spo\u0142eczno\u015bci lokalnej \u2013 nie poprzez wielkie deklaracje, lecz przez codzienne, pe\u0142ne pasji i zaanga\u017cowania dzia\u0142ania. To oni s\u0105 bohaterami naszych czas\u00f3w \u2013 bez peleryn, ale z ogromnym sercem i determinacj\u0105.<\/p>\n\n\n<div class=\"wp-block-image\">\n<figure class=\"aligncenter size-large is-resized\"><img loading=\"lazy\" decoding=\"async\" width=\"1024\" height=\"715\" src=\"https:\/\/naszpowiat.info\/wp-content\/uploads\/2025\/04\/image-31-1024x715.png\" alt=\"\" class=\"wp-image-8582\" style=\"width:781px;height:auto\" srcset=\"https:\/\/naszpowiat.info\/wp-content\/uploads\/2025\/04\/image-31-1024x715.png 1024w, https:\/\/naszpowiat.info\/wp-content\/uploads\/2025\/04\/image-31-300x209.png 300w, https:\/\/naszpowiat.info\/wp-content\/uploads\/2025\/04\/image-31-768x536.png 768w, https:\/\/naszpowiat.info\/wp-content\/uploads\/2025\/04\/image-31-1536x1072.png 1536w, https:\/\/naszpowiat.info\/wp-content\/uploads\/2025\/04\/image-31-465x324.png 465w, https:\/\/naszpowiat.info\/wp-content\/uploads\/2025\/04\/image-31-695x485.png 695w, https:\/\/naszpowiat.info\/wp-content\/uploads\/2025\/04\/image-31.png 2048w\" sizes=\"auto, (max-width: 1024px) 100vw, 1024px\" \/><figcaption class=\"wp-element-caption\">Fot. Miasto Pruszk\u00f3w<\/figcaption><\/figure>\n<\/div><div class=\"naszp-po-tresci\" id=\"naszp-2554296412\"><script async src=\"\/\/pagead2.googlesyndication.com\/pagead\/js\/adsbygoogle.js?client=ca-pub-5304901113955943\" crossorigin=\"anonymous\"><\/script><ins class=\"adsbygoogle\" style=\"display:block;\" data-ad-client=\"ca-pub-5304901113955943\" \ndata-ad-slot=\"9226873542\" \ndata-ad-format=\"auto\"><\/ins>\n<script> \n(adsbygoogle = window.adsbygoogle || []).push({}); \n<\/script>\n<\/div>","protected":false},"excerpt":{"rendered":"<p>Dziewi\u0105ta edycja Plebiscytu Per\u0142y Mazowsza sta\u0142a si\u0119 nie tylko uhonorowaniem wyj\u0105tkowych ludzi i inicjatyw, lecz tak\u017ce prawdziwym \u015bwi\u0119tem lokalnej to\u017csamo\u015bci, wsp\u00f3lnoty i dumy, kt\u00f3ra bije z ka\u017cdej mazowieckiej gminy. Wydarzenie, kt\u00f3re na sta\u0142e wpisa\u0142o si\u0119 w kalendarz najwa\u017cniejszych uroczysto\u015bci regionu, przyci\u0105gn\u0119\u0142o ponad 600 zaproszonych go\u015bci i zosta\u0142o u\u015bwietnione siedmioma transmisjami<span class=\"more-link\"><a href=\"https:\/\/naszpowiat.info\/index.php\/2025\/04\/24\/plebiscyt-perly-mazowsza-2024\/\">Czytaj dalej<\/a><\/span><\/p>\n","protected":false},"author":9,"featured_media":8582,"comment_status":"open","ping_status":"open","sticky":false,"template":"","format":"standard","meta":{"_monsterinsights_skip_tracking":false,"_monsterinsights_sitenote_active":false,"_monsterinsights_sitenote_note":"","_monsterinsights_sitenote_category":0,"footnotes":""},"categories":[123,28,30,38,31,42,166,59],"tags":[207,271,1076,141,309,951,290],"class_list":["entry","author-admin","post-8581","post","type-post","status-publish","format-standard","has-post-thumbnail","category-aktualnosci","category-dla-mieszkanca","category-kultura","category-pruszkowski","category-powiaty-mazowieckiego","category-pruszkow","category-rekreacja","category-wydarzenia","tag-kultura","tag-mazowsze","tag-perly-mazowsza","tag-pruszkow","tag-samorzad","tag-tarczyn","tag-wydarzenia"],"aioseo_notices":[],"_links":{"self":[{"href":"https:\/\/naszpowiat.info\/index.php\/wp-json\/wp\/v2\/posts\/8581","targetHints":{"allow":["GET"]}}],"collection":[{"href":"https:\/\/naszpowiat.info\/index.php\/wp-json\/wp\/v2\/posts"}],"about":[{"href":"https:\/\/naszpowiat.info\/index.php\/wp-json\/wp\/v2\/types\/post"}],"author":[{"embeddable":true,"href":"https:\/\/naszpowiat.info\/index.php\/wp-json\/wp\/v2\/users\/9"}],"replies":[{"embeddable":true,"href":"https:\/\/naszpowiat.info\/index.php\/wp-json\/wp\/v2\/comments?post=8581"}],"version-history":[{"count":1,"href":"https:\/\/naszpowiat.info\/index.php\/wp-json\/wp\/v2\/posts\/8581\/revisions"}],"predecessor-version":[{"id":8583,"href":"https:\/\/naszpowiat.info\/index.php\/wp-json\/wp\/v2\/posts\/8581\/revisions\/8583"}],"wp:featuredmedia":[{"embeddable":true,"href":"https:\/\/naszpowiat.info\/index.php\/wp-json\/wp\/v2\/media\/8582"}],"wp:attachment":[{"href":"https:\/\/naszpowiat.info\/index.php\/wp-json\/wp\/v2\/media?parent=8581"}],"wp:term":[{"taxonomy":"category","embeddable":true,"href":"https:\/\/naszpowiat.info\/index.php\/wp-json\/wp\/v2\/categories?post=8581"},{"taxonomy":"post_tag","embeddable":true,"href":"https:\/\/naszpowiat.info\/index.php\/wp-json\/wp\/v2\/tags?post=8581"}],"curies":[{"name":"wp","href":"https:\/\/api.w.org\/{rel}","templated":true}]}}