{"id":8508,"date":"2025-04-13T07:43:56","date_gmt":"2025-04-13T07:43:56","guid":{"rendered":"https:\/\/naszpowiat.info\/?p=8508"},"modified":"2025-04-13T07:43:56","modified_gmt":"2025-04-13T07:43:56","slug":"siedleckie-czwartki-lekkoatletyczne-wracaja-z-nowa-energia","status":"publish","type":"post","link":"https:\/\/naszpowiat.info\/index.php\/2025\/04\/13\/siedleckie-czwartki-lekkoatletyczne-wracaja-z-nowa-energia\/","title":{"rendered":"Siedleckie Czwartki Lekkoatletyczne wracaj\u0105 z now\u0105 energi\u0105!"},"content":{"rendered":"\n<p>Wiosna zawita\u0142a na stadion lekkoatletyczny w Siedlcach, a wraz z ni\u0105 powr\u00f3ci\u0142y pe\u0142ne pasji i sportowych emocji Siedleckie Czwartki Lekkoatletyczne \u2013 wydarzenie, kt\u00f3re od lat przyci\u0105ga m\u0142odych mi\u0142o\u015bnik\u00f3w ruchu i rywalizacji. Siedlecki Okr\u0119gowy Zwi\u0105zek Lekkiej Atletyki zaprasza wszystkie dzieci i m\u0142odzie\u017c do 13 roku \u017cycia do udzia\u0142u w bezp\u0142atnych zawodach, kt\u00f3re odbywaj\u0105 si\u0119 na stadionie Agencji Rozwoju Miasta Siedlce przy ul. Boles\u0142awa Prusa 6. Tegoroczna, wiosenna edycja rozpocz\u0119\u0142a si\u0119 ju\u017c 10 kwietnia, a kolejne terminy zaplanowano na 24 kwietnia, 8 maja, 22 maja oraz 29 maja.<\/p>\n\n\n\n<p>Start rywalizacji zawsze punktualnie o godzinie 16:00, a co wa\u017cne \u2013 nie obowi\u0105zuj\u0105 wcze\u015bniejsze zapisy. Rejestracja uczestnik\u00f3w odbywa si\u0119 bezpo\u015brednio na stadionie tu\u017c przed rozpocz\u0119ciem zmaga\u0144. To doskona\u0142a okazja, aby w naturalny i bezstresowy spos\u00f3b wprowadzi\u0107 dzieci w \u015bwiat sportu i da\u0107 im mo\u017cliwo\u015b\u0107 sprawdzenia si\u0119 w prawdziwych zawodach.<\/p>\n\n\n\n<p>Czwartki Lekkoatletyczne to wydarzenie, kt\u00f3re \u0142\u0105czy sportow\u0105 rywalizacj\u0119 z rado\u015bci\u0105 aktywno\u015bci fizycznej. M\u0142odzi zawodnicy mog\u0105 wzi\u0105\u0107 udzia\u0142 w jednej konkurencji technicznej oraz jednej biegowej podczas ka\u017cdej rundy. W\u015br\u00f3d konkurencji biegowych znalaz\u0142y si\u0119 sprinty na 60 metr\u00f3w, biegi na 300 metr\u00f3w, 600 metr\u00f3w dla dziewcz\u0105t oraz d\u0142u\u017cszy dystans \u2013 1000 metr\u00f3w dla ch\u0142opc\u00f3w. Techniczne wyzwania to skok w dal, skok wzwy\u017c, pchni\u0119cie kul\u0105 oraz rzut pi\u0142eczk\u0105 palantow\u0105.<\/p>\n\n\n\n<p>Ka\u017cde zawody s\u0105 okazj\u0105 do zdobycia nie tylko do\u015bwiadczenia, ale tak\u017ce wyr\u00f3\u017cnie\u0144 \u2013 organizatorzy nagradzaj\u0105 dyplomami miejsca od pierwszego do trzeciego w ka\u017cdej konkurencji, z podzia\u0142em na wiek i p\u0142e\u0107. To jednak nie wszystko \u2013 na m\u0142odych sportowc\u00f3w czeka nowo\u015b\u0107, kt\u00f3ra z pewno\u015bci\u0105 doda im motywacji do udzia\u0142u w ka\u017cdej rundzie. Ka\u017cdy uczestnik otrzyma cz\u0119\u015b\u0107 unikalnego medalu, kt\u00f3rego pe\u0142na wersja sk\u0142ada si\u0119 z trzech element\u00f3w. Aby zebra\u0107 je wszystkie, trzeba pojawi\u0107 si\u0119 na trzech r\u00f3\u017cnych edycjach zawod\u00f3w \u2013 to \u015bwietna zabawa i pi\u0119kna pami\u0105tka dla ka\u017cdego ma\u0142ego lekkoatlety.<\/p>\n\n\n\n<p>Warto tak\u017ce zaznaczy\u0107, \u017ce najlepsi zawodnicy \u2013 ci, kt\u00f3rzy osi\u0105gn\u0105 trzy najwy\u017csze wyniki w danej konkurencji \u2013 uzyskaj\u0105 awans do Fina\u0142\u00f3w Og\u00f3lnopolskich w \u0141odzi i b\u0119d\u0105 reprezentowa\u0107 Miasto Siedlce na arenie og\u00f3lnopolskiej. To niepowtarzalna szansa na rozw\u00f3j sportowej kariery i prze\u017cycie niezapomnianej przygody.<\/p>\n\n\n<div class=\"wp-block-image\">\n<figure class=\"aligncenter size-large\"><img loading=\"lazy\" decoding=\"async\" width=\"1024\" height=\"727\" src=\"https:\/\/naszpowiat.info\/wp-content\/uploads\/2025\/04\/image-18-1024x727.png\" alt=\"\" class=\"wp-image-8509\" srcset=\"https:\/\/naszpowiat.info\/wp-content\/uploads\/2025\/04\/image-18-1024x727.png 1024w, https:\/\/naszpowiat.info\/wp-content\/uploads\/2025\/04\/image-18-300x213.png 300w, https:\/\/naszpowiat.info\/wp-content\/uploads\/2025\/04\/image-18-768x545.png 768w, https:\/\/naszpowiat.info\/wp-content\/uploads\/2025\/04\/image-18-1536x1090.png 1536w, https:\/\/naszpowiat.info\/wp-content\/uploads\/2025\/04\/image-18-465x330.png 465w, https:\/\/naszpowiat.info\/wp-content\/uploads\/2025\/04\/image-18-695x493.png 695w, https:\/\/naszpowiat.info\/wp-content\/uploads\/2025\/04\/image-18.png 1749w\" sizes=\"auto, (max-width: 1024px) 100vw, 1024px\" \/><figcaption class=\"wp-element-caption\">Fot. siedlce.pl<\/figcaption><\/figure>\n<\/div><div class=\"naszp-po-tresci\" id=\"naszp-2866818572\"><script async src=\"\/\/pagead2.googlesyndication.com\/pagead\/js\/adsbygoogle.js?client=ca-pub-5304901113955943\" crossorigin=\"anonymous\"><\/script><ins class=\"adsbygoogle\" style=\"display:block;\" data-ad-client=\"ca-pub-5304901113955943\" \ndata-ad-slot=\"9226873542\" \ndata-ad-format=\"auto\"><\/ins>\n<script> \n(adsbygoogle = window.adsbygoogle || []).push({}); \n<\/script>\n<\/div>","protected":false},"excerpt":{"rendered":"<p>Wiosna zawita\u0142a na stadion lekkoatletyczny w Siedlcach, a wraz z ni\u0105 powr\u00f3ci\u0142y pe\u0142ne pasji i sportowych emocji Siedleckie Czwartki Lekkoatletyczne \u2013 wydarzenie, kt\u00f3re od lat przyci\u0105ga m\u0142odych mi\u0142o\u015bnik\u00f3w ruchu i rywalizacji. Siedlecki Okr\u0119gowy Zwi\u0105zek Lekkiej Atletyki zaprasza wszystkie dzieci i m\u0142odzie\u017c do 13 roku \u017cycia do udzia\u0142u w bezp\u0142atnych zawodach,<span class=\"more-link\"><a href=\"https:\/\/naszpowiat.info\/index.php\/2025\/04\/13\/siedleckie-czwartki-lekkoatletyczne-wracaja-z-nowa-energia\/\">Czytaj dalej<\/a><\/span><\/p>\n","protected":false},"author":9,"featured_media":8509,"comment_status":"open","ping_status":"open","sticky":false,"template":"","format":"standard","meta":{"_monsterinsights_skip_tracking":false,"_monsterinsights_sitenote_active":false,"_monsterinsights_sitenote_note":"","_monsterinsights_sitenote_category":0,"footnotes":""},"categories":[123,28,30,31,166,226,157,59],"tags":[1054,207,1053,309,474,138,290],"class_list":["entry","author-admin","post-8508","post","type-post","status-publish","format-standard","has-post-thumbnail","category-aktualnosci","category-dla-mieszkanca","category-kultura","category-powiaty-mazowieckiego","category-rekreacja","category-siedlce","category-sport","category-wydarzenia","tag-czwartki-lekkoatletyczne","tag-kultura","tag-lekkoatletyka","tag-samorzad","tag-siedlce","tag-sport","tag-wydarzenia"],"aioseo_notices":[],"_links":{"self":[{"href":"https:\/\/naszpowiat.info\/index.php\/wp-json\/wp\/v2\/posts\/8508","targetHints":{"allow":["GET"]}}],"collection":[{"href":"https:\/\/naszpowiat.info\/index.php\/wp-json\/wp\/v2\/posts"}],"about":[{"href":"https:\/\/naszpowiat.info\/index.php\/wp-json\/wp\/v2\/types\/post"}],"author":[{"embeddable":true,"href":"https:\/\/naszpowiat.info\/index.php\/wp-json\/wp\/v2\/users\/9"}],"replies":[{"embeddable":true,"href":"https:\/\/naszpowiat.info\/index.php\/wp-json\/wp\/v2\/comments?post=8508"}],"version-history":[{"count":1,"href":"https:\/\/naszpowiat.info\/index.php\/wp-json\/wp\/v2\/posts\/8508\/revisions"}],"predecessor-version":[{"id":8510,"href":"https:\/\/naszpowiat.info\/index.php\/wp-json\/wp\/v2\/posts\/8508\/revisions\/8510"}],"wp:featuredmedia":[{"embeddable":true,"href":"https:\/\/naszpowiat.info\/index.php\/wp-json\/wp\/v2\/media\/8509"}],"wp:attachment":[{"href":"https:\/\/naszpowiat.info\/index.php\/wp-json\/wp\/v2\/media?parent=8508"}],"wp:term":[{"taxonomy":"category","embeddable":true,"href":"https:\/\/naszpowiat.info\/index.php\/wp-json\/wp\/v2\/categories?post=8508"},{"taxonomy":"post_tag","embeddable":true,"href":"https:\/\/naszpowiat.info\/index.php\/wp-json\/wp\/v2\/tags?post=8508"}],"curies":[{"name":"wp","href":"https:\/\/api.w.org\/{rel}","templated":true}]}}