{"id":8504,"date":"2025-04-12T20:09:46","date_gmt":"2025-04-12T20:09:46","guid":{"rendered":"https:\/\/naszpowiat.info\/?p=8504"},"modified":"2025-04-12T20:10:47","modified_gmt":"2025-04-12T20:10:47","slug":"nowa-jakosc-ulicy-sienkiewicza-w-piasecznie","status":"publish","type":"post","link":"https:\/\/naszpowiat.info\/index.php\/2025\/04\/12\/nowa-jakosc-ulicy-sienkiewicza-w-piasecznie\/","title":{"rendered":"Nowa jako\u015b\u0107 ulicy Sienkiewicza w Piasecznie!"},"content":{"rendered":"\n<p>Inwestycja zwi\u0105zana z przebudow\u0105 fragmentu ulicy Sienkiewicza oraz skrzy\u017cowania z ulic\u0105 Ko\u015bciuszki w Piasecznie zbli\u017ca si\u0119 do ko\u0144ca. Otwarcie skrzy\u017cowania dla ruchu drogowego zosta\u0142o zaplanowane na \u015brod\u0119, 16 kwietnia 2025 roku, co stanowi wa\u017cny etap w rozwoju infrastruktury miejskiej. Modernizacja obejmowa\u0142a nie tylko same zmiany w uk\u0142adzie drogowym, ale r\u00f3wnie\u017c szereg dzia\u0142a\u0144 maj\u0105cych na celu popraw\u0119 jako\u015bci \u017cycia mieszka\u0144c\u00f3w oraz estetyki tego fragmentu miasta.<\/p>\n\n\n\n<p>G\u0142\u00f3wne prace skupi\u0142y si\u0119 na przebudowie skrzy\u017cowania ulic Ko\u015bciuszki i Sienkiewicza oraz modernizacji gminnego odcinka ulicy Sienkiewicza, kt\u00f3ry rozci\u0105ga si\u0119 od wspomnianego skrzy\u017cowania a\u017c do ronda na skrzy\u017cowaniu z ulicami Wojska Polskiego i Gerbera. Inwestycja obejmowa\u0142a tak\u017ce kompleksow\u0105 przebudow\u0119 sieci podziemnych, co pozwoli\u0142o na modernizacj\u0119 infrastruktury w tym obszarze. Zrealizowano r\u00f3wnie\u017c budow\u0119 nowych chodnik\u00f3w, kt\u00f3re nie tylko poprawi\u0105 komfort pieszych, ale tak\u017ce poszerzono pasy rowerowe, co umo\u017cliwi bezpieczniejszy transport rowerowy w tej cz\u0119\u015bci miasta. Z kolei nowe latarnie zainstalowane na tym odcinku ulicy poprawi\u0105 o\u015bwietlenie, zwi\u0119kszaj\u0105c bezpiecze\u0144stwo poruszaj\u0105cych si\u0119 po nim os\u00f3b.<\/p>\n\n\n\n<p>Przebudowa skrzy\u017cowania Ko\u015bciuszki i Sienkiewicza by\u0142a jednym z kluczowych element\u00f3w tej inwestycji. Zmiany obejmowa\u0142y poszerzenie chodnik\u00f3w, dzi\u0119ki czemu piesi b\u0119d\u0105 mieli do dyspozycji szersz\u0105 przestrze\u0144 do poruszania si\u0119. Dodatkowo pojawi\u0142y si\u0119 nowe \u0142awki, kt\u00f3re b\u0119d\u0105 stanowi\u0107 miejsce odpoczynku dla przechodni\u00f3w. Zrealizowano tak\u017ce nowe przej\u015bcie dla pieszych, poprawiaj\u0105c tym samym komfort i bezpiecze\u0144stwo os\u00f3b poruszaj\u0105cych si\u0119 pieszo. Warto podkre\u015bli\u0107, \u017ce w ramach tej inwestycji wykonano liczne nasadzenia ro\u015blinno\u015bci, w tym posadzono 20 du\u017cych drzew oraz liczne trawy, krzewy i byliny, kt\u00f3re dodatkowo wzbogac\u0105 przestrze\u0144 publiczn\u0105. Koszt wykonania nasadze\u0144 oraz piel\u0119gnacji ro\u015blin przez trzy lata wyniesie blisko 387 tysi\u0119cy z\u0142otych, co stanowi istotn\u0105 cz\u0119\u015b\u0107 ca\u0142ej inwestycji.<\/p>\n\n\n\n<p>Ca\u0142kowity koszt przebudowy odcinka ulicy Sienkiewicza oraz skrzy\u017cowania z ulic\u0105 Ko\u015bciuszki to ponad 4,8 miliona z\u0142otych. Warto zaznaczy\u0107, \u017ce planowane otwarcie przebudowanego skrzy\u017cowania oraz wznowienie kursowania autobus\u00f3w komunikacji miejskiej 16 kwietnia 2025 roku to wa\u017cny moment dla mieszka\u0144c\u00f3w Piaseczna. Informacje na temat szczeg\u00f3\u0142owych zmian w kursowaniu autobus\u00f3w b\u0119d\u0105 dost\u0119pne na stronie internetowej <a class=\"\" href=\"http:\/\/www.wtp.waw.pl\">www.wtp.waw.pl<\/a>, co umo\u017cliwi pasa\u017cerom \u0142atwe zaplanowanie swoich podr\u00f3\u017cy.<\/p>\n\n\n<div class=\"wp-block-image\">\n<figure class=\"aligncenter size-full\"><img loading=\"lazy\" decoding=\"async\" width=\"871\" height=\"625\" src=\"https:\/\/naszpowiat.info\/wp-content\/uploads\/2025\/04\/gidugrgjwga.png\" alt=\"\" class=\"wp-image-8505\" srcset=\"https:\/\/naszpowiat.info\/wp-content\/uploads\/2025\/04\/gidugrgjwga.png 871w, https:\/\/naszpowiat.info\/wp-content\/uploads\/2025\/04\/gidugrgjwga-300x215.png 300w, https:\/\/naszpowiat.info\/wp-content\/uploads\/2025\/04\/gidugrgjwga-768x551.png 768w, https:\/\/naszpowiat.info\/wp-content\/uploads\/2025\/04\/gidugrgjwga-465x334.png 465w, https:\/\/naszpowiat.info\/wp-content\/uploads\/2025\/04\/gidugrgjwga-695x500.png 695w\" sizes=\"auto, (max-width: 871px) 100vw, 871px\" \/><figcaption class=\"wp-element-caption\">Fot. piaseczno.eu<\/figcaption><\/figure>\n<\/div><div class=\"naszp-po-tresci\" id=\"naszp-309235887\"><script async src=\"\/\/pagead2.googlesyndication.com\/pagead\/js\/adsbygoogle.js?client=ca-pub-5304901113955943\" crossorigin=\"anonymous\"><\/script><ins class=\"adsbygoogle\" style=\"display:block;\" data-ad-client=\"ca-pub-5304901113955943\" \ndata-ad-slot=\"9226873542\" \ndata-ad-format=\"auto\"><\/ins>\n<script> \n(adsbygoogle = window.adsbygoogle || []).push({}); \n<\/script>\n<\/div>","protected":false},"excerpt":{"rendered":"<p>Inwestycja zwi\u0105zana z przebudow\u0105 fragmentu ulicy Sienkiewicza oraz skrzy\u017cowania z ulic\u0105 Ko\u015bciuszki w Piasecznie zbli\u017ca si\u0119 do ko\u0144ca. Otwarcie skrzy\u017cowania dla ruchu drogowego zosta\u0142o zaplanowane na \u015brod\u0119, 16 kwietnia 2025 roku, co stanowi wa\u017cny etap w rozwoju infrastruktury miejskiej. Modernizacja obejmowa\u0142a nie tylko same zmiany w uk\u0142adzie drogowym, ale r\u00f3wnie\u017c<span class=\"more-link\"><a href=\"https:\/\/naszpowiat.info\/index.php\/2025\/04\/12\/nowa-jakosc-ulicy-sienkiewicza-w-piasecznie\/\">Czytaj dalej<\/a><\/span><\/p>\n","protected":false},"author":9,"featured_media":8505,"comment_status":"open","ping_status":"open","sticky":false,"template":"","format":"standard","meta":{"_monsterinsights_skip_tracking":false,"_monsterinsights_sitenote_active":false,"_monsterinsights_sitenote_note":"","_monsterinsights_sitenote_category":0,"footnotes":""},"categories":[123,172,28,183,127,110,37,31,187,59],"tags":[373,396,1051,151,464,1052],"class_list":["entry","author-admin","post-8504","post","type-post","status-publish","format-standard","has-post-thumbnail","category-aktualnosci","category-bezpieczenstwo","category-dla-mieszkanca","category-infrastruktura","category-inwestycje","category-piaseczno","category-piaseczynski","category-powiaty-mazowieckiego","category-samorzad","category-wydarzenia","tag-infrastruktura","tag-komunikacja","tag-kosciuszki","tag-piaseczno","tag-przebudowa","tag-sienkiewicza"],"aioseo_notices":[],"_links":{"self":[{"href":"https:\/\/naszpowiat.info\/index.php\/wp-json\/wp\/v2\/posts\/8504","targetHints":{"allow":["GET"]}}],"collection":[{"href":"https:\/\/naszpowiat.info\/index.php\/wp-json\/wp\/v2\/posts"}],"about":[{"href":"https:\/\/naszpowiat.info\/index.php\/wp-json\/wp\/v2\/types\/post"}],"author":[{"embeddable":true,"href":"https:\/\/naszpowiat.info\/index.php\/wp-json\/wp\/v2\/users\/9"}],"replies":[{"embeddable":true,"href":"https:\/\/naszpowiat.info\/index.php\/wp-json\/wp\/v2\/comments?post=8504"}],"version-history":[{"count":1,"href":"https:\/\/naszpowiat.info\/index.php\/wp-json\/wp\/v2\/posts\/8504\/revisions"}],"predecessor-version":[{"id":8506,"href":"https:\/\/naszpowiat.info\/index.php\/wp-json\/wp\/v2\/posts\/8504\/revisions\/8506"}],"wp:featuredmedia":[{"embeddable":true,"href":"https:\/\/naszpowiat.info\/index.php\/wp-json\/wp\/v2\/media\/8505"}],"wp:attachment":[{"href":"https:\/\/naszpowiat.info\/index.php\/wp-json\/wp\/v2\/media?parent=8504"}],"wp:term":[{"taxonomy":"category","embeddable":true,"href":"https:\/\/naszpowiat.info\/index.php\/wp-json\/wp\/v2\/categories?post=8504"},{"taxonomy":"post_tag","embeddable":true,"href":"https:\/\/naszpowiat.info\/index.php\/wp-json\/wp\/v2\/tags?post=8504"}],"curies":[{"name":"wp","href":"https:\/\/api.w.org\/{rel}","templated":true}]}}