{"id":8501,"date":"2025-04-12T14:48:38","date_gmt":"2025-04-12T14:48:38","guid":{"rendered":"https:\/\/naszpowiat.info\/?p=8501"},"modified":"2025-04-12T14:48:39","modified_gmt":"2025-04-12T14:48:39","slug":"pierwszy-turniej-miedzyklasowy-lo-pilecki-w-zabkach-w-pilce-noznej-dobiegl-konca","status":"publish","type":"post","link":"https:\/\/naszpowiat.info\/index.php\/2025\/04\/12\/pierwszy-turniej-miedzyklasowy-lo-pilecki-w-zabkach-w-pilce-noznej-dobiegl-konca\/","title":{"rendered":"Pierwszy turniej mi\u0119dzyklasowy LO Pilecki w Z\u0105bkach w pi\u0142ce no\u017cnej dobieg\u0142 ko\u0144ca"},"content":{"rendered":"\n<p>Pierwszy turniej mi\u0119dzyklasowy LO Pilecki w pi\u0142ce no\u017cnej dobieg\u0142 ko\u0144ca. Zwyci\u0119\u017cy\u0142a w nim klasa 2c w finale pokonuj\u0105c 2b 7 &#8211; 4 po 3 bramkach \u015bwietnie dysponowanych dzisiejszego dnia Maciej Szatkowskiego i Karola Go\u0142aszewskiego oraz dzi\u0119ki postawie fenomenalnie broni\u0105cego dzi\u015b Marcela Kluska i trzymaj\u0105cego ca\u0142\u0105 defensyw\u0119 Szymona Hejny , za\u015b kr\u00f3lem strzelc\u00f3w zosta\u0142 Tobiasz Karpi\u0144ski z 2 d, kt\u00f3ry zdoby\u0142 jedn\u0105 bramk\u0119 wi\u0119cej od Kajetana Lelito , kt\u00f3rego sportowa postawa do ko\u0144ca by\u0142a godna na\u015bladowania. Tak\u017ce na s\u0142owa uznania zas\u0142u\u017cy\u0142 Igor Milewski , kt\u00f3ry nie do\u015b\u0107, \u017ce jak na kapitana przysta\u0142o da\u0142 ogromny impuls swojej klasie, to jeszcze pokaza\u0142 wielk\u0105 klas\u0119, gdy nie do ko\u0144ca zgadzaj\u0105c si\u0119 z decyzj\u0105 s\u0119dziego umia\u0142 zachowa\u0107 si\u0119 jak na prawdziwego profesjonalist\u0119 przysta\u0142o, nie szukaj\u0105c \u017cadnych wym\u00f3wek do ko\u0144ca walczy\u0142 o zwyci\u0119stwo.\u00a0<\/p>\n\n\n\n<p>W meczu o 3 miejsce 2d pokona\u0142a 1 b,c&nbsp; w karnych 3 &#8211; 1 ( w meczu pad\u0142 wynik 2 &#8211; 2 ). Dominik G\u00f3rski umocni\u0142 si\u0119 na 3 miejscu klasyfikacji kr\u00f3la strzelc\u00f3w, a Tobiasz Karpi\u0144ski jak wspomniano wy\u017cej zdobyt\u0105 bramk\u0105 pozosta\u0142 samodzielnym liderem klasyfikacji strzelc\u00f3w.&nbsp;<\/p>\n\n\n\n<p>Podczas dzisiejszych fina\u0142\u00f3w zaszczycili nas znamienici go\u015bcie, m.in. Ma\u0142gorzata Zy\u015bk, burmistrz miasta Z\u0105bki, Jacek Ma\u0142ecki radny miasta Z\u0105bki, Jacek Roma\u0144czuk Dyrektor MOSiR Z\u0105bki i Gra\u017cyna Sobierajska Dyrektor LO Pilecki. Organizatorzy dzi\u0119kuj\u0105 za obecno\u015b\u0107 i wsparcie.\u00a0<\/p>\n\n\n\n<p>Fina\u0142<\/p>\n\n\n\n<p>2 b &#8211; 2 c 4 &#8211; 7<\/p>\n\n\n\n<p>Maks Trzosowski \u00d7 2 \/&nbsp; Maciek Szatkowski \u00d7 3<\/p>\n\n\n\n<p>Igor Milewski&nbsp; \u00d7 1 \/ &#8211; Karol Go\u0142aszewski \u00d7 3&nbsp;<\/p>\n\n\n\n<p>Antek Sachanowicz \u00d7 1 \/ Kacper Kowalczyk \u00d7 1<\/p>\n\n\n\n<p>Mecz o 3 miejsce<\/p>\n\n\n\n<p>2 d &#8211; 1b,c 2 &#8211; 2 k. 3 &#8211; 1<\/p>\n\n\n\n<p>Tobiasz Karpi\u0144ski \u00d7 1 \/ Franek Gryc \u00d7 1<\/p>\n\n\n\n<p>Dominik G\u00f3rski \u00d7 1\/ Maks Trzosowski \u00d7 1<\/p>\n\n\n\n<p>Karne&nbsp;<\/p>\n\n\n\n<p>Tobiasz Karpi\u0144ski x 1 \/&nbsp; Kajetan Lelito \u00d7 1<\/p>\n\n\n\n<p>Wiktor Zienczuk \u00d7 1<\/p>\n\n\n\n<p>Dominik G\u00f3rski \u00d7 1<\/p>\n\n\n<div class=\"wp-block-image\">\n<figure class=\"aligncenter size-large is-resized\"><img loading=\"lazy\" decoding=\"async\" width=\"1024\" height=\"768\" src=\"https:\/\/naszpowiat.info\/wp-content\/uploads\/2025\/04\/1000065814-1-1024x768.jpg\" alt=\"\" class=\"wp-image-8502\" style=\"width:503px;height:auto\" srcset=\"https:\/\/naszpowiat.info\/wp-content\/uploads\/2025\/04\/1000065814-1-1024x768.jpg 1024w, https:\/\/naszpowiat.info\/wp-content\/uploads\/2025\/04\/1000065814-1-300x225.jpg 300w, https:\/\/naszpowiat.info\/wp-content\/uploads\/2025\/04\/1000065814-1-768x576.jpg 768w, https:\/\/naszpowiat.info\/wp-content\/uploads\/2025\/04\/1000065814-1-1536x1152.jpg 1536w, https:\/\/naszpowiat.info\/wp-content\/uploads\/2025\/04\/1000065814-1-2048x1536.jpg 2048w, https:\/\/naszpowiat.info\/wp-content\/uploads\/2025\/04\/1000065814-1-465x349.jpg 465w, https:\/\/naszpowiat.info\/wp-content\/uploads\/2025\/04\/1000065814-1-667x500.jpg 667w\" sizes=\"auto, (max-width: 1024px) 100vw, 1024px\" \/><figcaption class=\"wp-element-caption\">Fot. Urz\u0105d Miasta Z\u0105bki<\/figcaption><\/figure>\n<\/div><div class=\"naszp-po-tresci\" id=\"naszp-3487980672\"><script async src=\"\/\/pagead2.googlesyndication.com\/pagead\/js\/adsbygoogle.js?client=ca-pub-5304901113955943\" crossorigin=\"anonymous\"><\/script><ins class=\"adsbygoogle\" style=\"display:block;\" data-ad-client=\"ca-pub-5304901113955943\" \ndata-ad-slot=\"9226873542\" \ndata-ad-format=\"auto\"><\/ins>\n<script> \n(adsbygoogle = window.adsbygoogle || []).push({}); \n<\/script>\n<\/div>","protected":false},"excerpt":{"rendered":"<p>Pierwszy turniej mi\u0119dzyklasowy LO Pilecki w pi\u0142ce no\u017cnej dobieg\u0142 ko\u0144ca. Zwyci\u0119\u017cy\u0142a w nim klasa 2c w finale pokonuj\u0105c 2b 7 &#8211; 4 po 3 bramkach \u015bwietnie dysponowanych dzisiejszego dnia Maciej Szatkowskiego i Karola Go\u0142aszewskiego oraz dzi\u0119ki postawie fenomenalnie broni\u0105cego dzi\u015b Marcela Kluska i trzymaj\u0105cego ca\u0142\u0105 defensyw\u0119 Szymona Hejny , za\u015b<span class=\"more-link\"><a href=\"https:\/\/naszpowiat.info\/index.php\/2025\/04\/12\/pierwszy-turniej-miedzyklasowy-lo-pilecki-w-zabkach-w-pilce-noznej-dobiegl-konca\/\">Czytaj dalej<\/a><\/span><\/p>\n","protected":false},"author":9,"featured_media":8502,"comment_status":"open","ping_status":"open","sticky":false,"template":"","format":"standard","meta":{"_monsterinsights_skip_tracking":false,"_monsterinsights_sitenote_active":false,"_monsterinsights_sitenote_note":"","_monsterinsights_sitenote_category":0,"footnotes":""},"categories":[123,28,187,157,59,61,62],"tags":[454,125,309,138,130],"class_list":["entry","author-admin","post-8501","post","type-post","status-publish","format-standard","has-post-thumbnail","category-aktualnosci","category-dla-mieszkanca","category-samorzad","category-sport","category-wydarzenia","category-zabki","category-zabki-wolominski","tag-mlodziez","tag-powiat-wolominski","tag-samorzad","tag-sport","tag-zabki"],"aioseo_notices":[],"_links":{"self":[{"href":"https:\/\/naszpowiat.info\/index.php\/wp-json\/wp\/v2\/posts\/8501","targetHints":{"allow":["GET"]}}],"collection":[{"href":"https:\/\/naszpowiat.info\/index.php\/wp-json\/wp\/v2\/posts"}],"about":[{"href":"https:\/\/naszpowiat.info\/index.php\/wp-json\/wp\/v2\/types\/post"}],"author":[{"embeddable":true,"href":"https:\/\/naszpowiat.info\/index.php\/wp-json\/wp\/v2\/users\/9"}],"replies":[{"embeddable":true,"href":"https:\/\/naszpowiat.info\/index.php\/wp-json\/wp\/v2\/comments?post=8501"}],"version-history":[{"count":1,"href":"https:\/\/naszpowiat.info\/index.php\/wp-json\/wp\/v2\/posts\/8501\/revisions"}],"predecessor-version":[{"id":8503,"href":"https:\/\/naszpowiat.info\/index.php\/wp-json\/wp\/v2\/posts\/8501\/revisions\/8503"}],"wp:featuredmedia":[{"embeddable":true,"href":"https:\/\/naszpowiat.info\/index.php\/wp-json\/wp\/v2\/media\/8502"}],"wp:attachment":[{"href":"https:\/\/naszpowiat.info\/index.php\/wp-json\/wp\/v2\/media?parent=8501"}],"wp:term":[{"taxonomy":"category","embeddable":true,"href":"https:\/\/naszpowiat.info\/index.php\/wp-json\/wp\/v2\/categories?post=8501"},{"taxonomy":"post_tag","embeddable":true,"href":"https:\/\/naszpowiat.info\/index.php\/wp-json\/wp\/v2\/tags?post=8501"}],"curies":[{"name":"wp","href":"https:\/\/api.w.org\/{rel}","templated":true}]}}