{"id":8487,"date":"2025-04-11T10:24:48","date_gmt":"2025-04-11T10:24:48","guid":{"rendered":"https:\/\/naszpowiat.info\/?p=8487"},"modified":"2025-04-11T10:24:49","modified_gmt":"2025-04-11T10:24:49","slug":"garwolinska-aktywizacja-bezrobotnych-znaczace-wsparcie-dla-lokalnej-spolecznosci","status":"publish","type":"post","link":"https:\/\/naszpowiat.info\/index.php\/2025\/04\/11\/garwolinska-aktywizacja-bezrobotnych-znaczace-wsparcie-dla-lokalnej-spolecznosci\/","title":{"rendered":"Garwoli\u0144ska aktywizacja bezrobotnych \u2013 znacz\u0105ce wsparcie dla lokalnej spo\u0142eczno\u015bci"},"content":{"rendered":"\n<p>31 marca 2025 roku sta\u0142 si\u0119 kolejnym wa\u017cnym dniem dla powiatu garwoli\u0144skiego. Starosta Iwona Kurowska podpisa\u0142a a\u017c 11 um\u00f3w z lokalnymi przedsi\u0119biorcami, maj\u0105cych na celu aktywizacj\u0119 zawodow\u0105 os\u00f3b bezrobotnych. W ramach programu wyposa\u017cania i doposa\u017cenia stanowisk pracy, dzi\u0119ki wsp\u00f3\u0142pracy z przedsi\u0119biorcami, utworzono 11 nowych miejsc zatrudnienia, g\u0142\u00f3wnie w bran\u017cach: budowlanej, motoryzacyjnej oraz spo\u017cywczej. Ca\u0142kowita kwota refundacji wynios\u0142a 439 970,00 z\u0142.<\/p>\n\n\n\n<p>Program ten od pocz\u0105tku roku cieszy si\u0119 du\u017cym zainteresowaniem i skuteczno\u015bci\u0105. W 2025 roku podpisano ju\u017c 55 um\u00f3w, w wyniku czego powsta\u0142o 57 nowych stanowisk pracy. Nak\u0142ady na ten cel wyni\u00f3s\u0142 &nbsp;2 532 260,00 z\u0142. Te liczby wyra\u017anie pokazuj\u0105, \u017ce lokalne wsparcie finansowe przynosi wymierne korzy\u015bci dla spo\u0142eczno\u015bci powiatu.<\/p>\n\n\n\n<p>Powiatowy Urz\u0105d Pracy w Garwolinie r\u00f3wnie\u017c aktywnie dzia\u0142a na rzecz os\u00f3b pozostaj\u0105cych bez zatrudnienia. Dzi\u0119ki funduszom z Funduszu Pracy w 2025 roku zaktywizowano ju\u017c 257 os\u00f3b. Realizowane formy wsparcia s\u0105 r\u00f3\u017cnorodne, co pozwala obj\u0105\u0107 pomoc\u0105 osoby o r\u00f3\u017cnych potrzebach i kwalifikacjach. W ramach dzia\u0142a\u0144 zorganizowano m.in. prace interwencyjne dla 32 os\u00f3b, skierowano 93 osoby na sta\u017ce oraz 49 os\u00f3b do prac spo\u0142ecznie u\u017cytecznych. Szkoleniami obj\u0119to 14 os\u00f3b, dzi\u0119ki czemu mog\u0142y podnie\u015b\u0107 swoje kwalifikacje zawodowe.<\/p>\n\n\n\n<p>Szczeg\u00f3lnie efektywnym narz\u0119dziem okaza\u0142y si\u0119 umowy na refundacj\u0119 koszt\u00f3w wyposa\u017cenia i doposa\u017cenia stanowisk pracy. \u0141\u0105cznie obj\u0119\u0142y one 57 os\u00f3b bezrobotnych, stwarzaj\u0105c dla nich realne szanse na powr\u00f3t na rynek pracy. Warto r\u00f3wnie\u017c wspomnie\u0107 o wsparciu w formie bon\u00f3w na zasiedlenie \u2013 9 os\u00f3b otrzyma\u0142o pomoc w zwi\u0105zku z podj\u0119ciem pracy poza dotychczasowym miejscem zamieszkania. Dodatkowo 3 osoby bezrobotne zyska\u0142y dofinansowanie studi\u00f3w podyplomowych, co podkre\u015bla r\u00f3\u017cnorodno\u015b\u0107 oferowanych narz\u0119dzi wsparcia.<\/p>\n\n\n\n<p>Starosta Iwona Kurowska nie kryje swojego zadowolenia z efekt\u00f3w programu: \u201eInwestowanie w aktywizacj\u0119 zawodow\u0105 to inwestowanie w przysz\u0142o\u015b\u0107 naszego powiatu. Ciesz\u0119 si\u0119, \u017ce nasze dzia\u0142ania przynosz\u0105 wymierne rezultaty i realnie wspieraj\u0105 mieszka\u0144c\u00f3w w powrocie na rynek pracy.\u201d<\/p>\n\n\n\n<p>Zaanga\u017cowanie lokalnych w\u0142adz oraz przedsi\u0119biorc\u00f3w w aktywizacj\u0119 os\u00f3b bezrobotnych stanowi przyk\u0142ad, jak skutecznie mo\u017cna wspiera\u0107 lokaln\u0105 spo\u0142eczno\u015b\u0107. Takie programy takie nie tylko pomagaj\u0105 jednostkom, ale tak\u017ce przyczyniaj\u0105 si\u0119 do wzrostu gospodarczego i poprawy jako\u015bci \u017cycia mieszka\u0144c\u00f3w powiatu garwoli\u0144skiego.<\/p>\n\n\n<div class=\"wp-block-image\">\n<figure class=\"aligncenter size-full is-resized\"><img loading=\"lazy\" decoding=\"async\" width=\"600\" height=\"800\" src=\"https:\/\/naszpowiat.info\/wp-content\/uploads\/2025\/04\/csm_488909098_623716790491032_4051109579026494227_n_a6825c39f1.jpg\" alt=\"\" class=\"wp-image-8488\" style=\"width:350px;height:auto\" srcset=\"https:\/\/naszpowiat.info\/wp-content\/uploads\/2025\/04\/csm_488909098_623716790491032_4051109579026494227_n_a6825c39f1.jpg 600w, https:\/\/naszpowiat.info\/wp-content\/uploads\/2025\/04\/csm_488909098_623716790491032_4051109579026494227_n_a6825c39f1-225x300.jpg 225w, https:\/\/naszpowiat.info\/wp-content\/uploads\/2025\/04\/csm_488909098_623716790491032_4051109579026494227_n_a6825c39f1-413x550.jpg 413w, https:\/\/naszpowiat.info\/wp-content\/uploads\/2025\/04\/csm_488909098_623716790491032_4051109579026494227_n_a6825c39f1-375x500.jpg 375w\" sizes=\"auto, (max-width: 600px) 100vw, 600px\" \/><\/figure>\n<\/div>\n\n<div class=\"wp-block-image\">\n<figure class=\"aligncenter size-large is-resized\"><img loading=\"lazy\" decoding=\"async\" width=\"1024\" height=\"575\" src=\"https:\/\/naszpowiat.info\/wp-content\/uploads\/2025\/04\/csm_488294721_623716793824365_6403417074251641641_n_deb6146ad9-1024x575.jpg\" alt=\"\" class=\"wp-image-8489\" style=\"width:428px;height:auto\" srcset=\"https:\/\/naszpowiat.info\/wp-content\/uploads\/2025\/04\/csm_488294721_623716793824365_6403417074251641641_n_deb6146ad9-1024x575.jpg 1024w, https:\/\/naszpowiat.info\/wp-content\/uploads\/2025\/04\/csm_488294721_623716793824365_6403417074251641641_n_deb6146ad9-300x169.jpg 300w, https:\/\/naszpowiat.info\/wp-content\/uploads\/2025\/04\/csm_488294721_623716793824365_6403417074251641641_n_deb6146ad9-768x431.jpg 768w, https:\/\/naszpowiat.info\/wp-content\/uploads\/2025\/04\/csm_488294721_623716793824365_6403417074251641641_n_deb6146ad9-465x261.jpg 465w, https:\/\/naszpowiat.info\/wp-content\/uploads\/2025\/04\/csm_488294721_623716793824365_6403417074251641641_n_deb6146ad9-695x390.jpg 695w, https:\/\/naszpowiat.info\/wp-content\/uploads\/2025\/04\/csm_488294721_623716793824365_6403417074251641641_n_deb6146ad9.jpg 1077w\" sizes=\"auto, (max-width: 1024px) 100vw, 1024px\" \/><\/figure>\n<\/div>\n\n<div class=\"wp-block-image\">\n<figure class=\"aligncenter size-full is-resized\"><img loading=\"lazy\" decoding=\"async\" width=\"600\" height=\"800\" src=\"https:\/\/naszpowiat.info\/wp-content\/uploads\/2025\/04\/csm_487909292_623716787157699_7166881873295184812_n_7ec035aeab.jpg\" alt=\"\" class=\"wp-image-8490\" style=\"width:318px;height:auto\" srcset=\"https:\/\/naszpowiat.info\/wp-content\/uploads\/2025\/04\/csm_487909292_623716787157699_7166881873295184812_n_7ec035aeab.jpg 600w, https:\/\/naszpowiat.info\/wp-content\/uploads\/2025\/04\/csm_487909292_623716787157699_7166881873295184812_n_7ec035aeab-225x300.jpg 225w, https:\/\/naszpowiat.info\/wp-content\/uploads\/2025\/04\/csm_487909292_623716787157699_7166881873295184812_n_7ec035aeab-413x550.jpg 413w, https:\/\/naszpowiat.info\/wp-content\/uploads\/2025\/04\/csm_487909292_623716787157699_7166881873295184812_n_7ec035aeab-375x500.jpg 375w\" sizes=\"auto, (max-width: 600px) 100vw, 600px\" \/><\/figure>\n<\/div>\n\n<div class=\"wp-block-image\">\n<figure class=\"aligncenter size-full is-resized\"><img loading=\"lazy\" decoding=\"async\" width=\"600\" height=\"800\" src=\"https:\/\/naszpowiat.info\/wp-content\/uploads\/2025\/04\/csm_488500502_623716797157698_8224663168628708445_n_74a894146c.jpg\" alt=\"\" class=\"wp-image-8491\" style=\"width:296px;height:auto\" srcset=\"https:\/\/naszpowiat.info\/wp-content\/uploads\/2025\/04\/csm_488500502_623716797157698_8224663168628708445_n_74a894146c.jpg 600w, https:\/\/naszpowiat.info\/wp-content\/uploads\/2025\/04\/csm_488500502_623716797157698_8224663168628708445_n_74a894146c-225x300.jpg 225w, https:\/\/naszpowiat.info\/wp-content\/uploads\/2025\/04\/csm_488500502_623716797157698_8224663168628708445_n_74a894146c-413x550.jpg 413w, https:\/\/naszpowiat.info\/wp-content\/uploads\/2025\/04\/csm_488500502_623716797157698_8224663168628708445_n_74a894146c-375x500.jpg 375w\" sizes=\"auto, (max-width: 600px) 100vw, 600px\" \/><figcaption class=\"wp-element-caption\">Fot. Starostwo Powiatowe w Garwolinie<\/figcaption><\/figure>\n<\/div>\n\n\n<p class=\"has-text-align-center\"><strong><em>MATERIA\u0141 PARTNER\u00d3W<\/em><\/strong><\/p>\n<div class=\"naszp-po-tresci\" id=\"naszp-2118314542\"><script async src=\"\/\/pagead2.googlesyndication.com\/pagead\/js\/adsbygoogle.js?client=ca-pub-5304901113955943\" crossorigin=\"anonymous\"><\/script><ins class=\"adsbygoogle\" style=\"display:block;\" data-ad-client=\"ca-pub-5304901113955943\" \ndata-ad-slot=\"9226873542\" \ndata-ad-format=\"auto\"><\/ins>\n<script> \n(adsbygoogle = window.adsbygoogle || []).push({}); \n<\/script>\n<\/div>","protected":false},"excerpt":{"rendered":"<p>31 marca 2025 roku sta\u0142 si\u0119 kolejnym wa\u017cnym dniem dla powiatu garwoli\u0144skiego. Starosta Iwona Kurowska podpisa\u0142a a\u017c 11 um\u00f3w z lokalnymi przedsi\u0119biorcami, maj\u0105cych na celu aktywizacj\u0119 zawodow\u0105 os\u00f3b bezrobotnych. W ramach programu wyposa\u017cania i doposa\u017cenia stanowisk pracy, dzi\u0119ki wsp\u00f3\u0142pracy z przedsi\u0119biorcami, utworzono 11 nowych miejsc zatrudnienia, g\u0142\u00f3wnie w bran\u017cach: budowlanej,<span class=\"more-link\"><a href=\"https:\/\/naszpowiat.info\/index.php\/2025\/04\/11\/garwolinska-aktywizacja-bezrobotnych-znaczace-wsparcie-dla-lokalnej-spolecznosci\/\">Czytaj dalej<\/a><\/span><\/p>\n","protected":false},"author":9,"featured_media":8488,"comment_status":"open","ping_status":"open","sticky":false,"template":"","format":"standard","meta":{"_monsterinsights_skip_tracking":false,"_monsterinsights_sitenote_active":false,"_monsterinsights_sitenote_note":"","_monsterinsights_sitenote_category":0,"footnotes":""},"categories":[123,28,213,209,187],"tags":[1050,227,278,353,309,290],"class_list":["entry","author-admin","post-8487","post","type-post","status-publish","format-standard","has-post-thumbnail","category-aktualnosci","category-dla-mieszkanca","category-garwolin","category-powiat-garwolinski","category-samorzad","tag-bezrobocie","tag-garwolin","tag-iwona-kurowska","tag-praca","tag-samorzad","tag-wydarzenia"],"aioseo_notices":[],"_links":{"self":[{"href":"https:\/\/naszpowiat.info\/index.php\/wp-json\/wp\/v2\/posts\/8487","targetHints":{"allow":["GET"]}}],"collection":[{"href":"https:\/\/naszpowiat.info\/index.php\/wp-json\/wp\/v2\/posts"}],"about":[{"href":"https:\/\/naszpowiat.info\/index.php\/wp-json\/wp\/v2\/types\/post"}],"author":[{"embeddable":true,"href":"https:\/\/naszpowiat.info\/index.php\/wp-json\/wp\/v2\/users\/9"}],"replies":[{"embeddable":true,"href":"https:\/\/naszpowiat.info\/index.php\/wp-json\/wp\/v2\/comments?post=8487"}],"version-history":[{"count":1,"href":"https:\/\/naszpowiat.info\/index.php\/wp-json\/wp\/v2\/posts\/8487\/revisions"}],"predecessor-version":[{"id":8492,"href":"https:\/\/naszpowiat.info\/index.php\/wp-json\/wp\/v2\/posts\/8487\/revisions\/8492"}],"wp:featuredmedia":[{"embeddable":true,"href":"https:\/\/naszpowiat.info\/index.php\/wp-json\/wp\/v2\/media\/8488"}],"wp:attachment":[{"href":"https:\/\/naszpowiat.info\/index.php\/wp-json\/wp\/v2\/media?parent=8487"}],"wp:term":[{"taxonomy":"category","embeddable":true,"href":"https:\/\/naszpowiat.info\/index.php\/wp-json\/wp\/v2\/categories?post=8487"},{"taxonomy":"post_tag","embeddable":true,"href":"https:\/\/naszpowiat.info\/index.php\/wp-json\/wp\/v2\/tags?post=8487"}],"curies":[{"name":"wp","href":"https:\/\/api.w.org\/{rel}","templated":true}]}}