{"id":8479,"date":"2025-04-11T10:21:53","date_gmt":"2025-04-11T10:21:53","guid":{"rendered":"https:\/\/naszpowiat.info\/?p=8479"},"modified":"2025-04-11T10:21:53","modified_gmt":"2025-04-11T10:21:53","slug":"xxi-otwarty-mazowiecki-turniej-cheerleaders-w-garwolinie-wyjatkowe-wydarzenie-w-powiecie-garwolinskim","status":"publish","type":"post","link":"https:\/\/naszpowiat.info\/index.php\/2025\/04\/11\/xxi-otwarty-mazowiecki-turniej-cheerleaders-w-garwolinie-wyjatkowe-wydarzenie-w-powiecie-garwolinskim\/","title":{"rendered":"XXI Otwarty Mazowiecki Turniej Cheerleaders w Garwolinie \u2013 Wyj\u0105tkowe Wydarzenie w Powiecie Garwoli\u0144skim"},"content":{"rendered":"\n<p>W dniu 22 marca 2025 roku w Garwolinie odby\u0142 si\u0119 XXI Otwarty Mazowiecki Turniej Cheerleaders, b\u0119d\u0105cy cz\u0119\u015bci\u0105 cyklu Grand Prix Polski Cheerleaders. To wyj\u0105tkowe wydarzenie odby\u0142o si\u0119 z okazji 25-lecia dzia\u0142alno\u015bci Mi\u0119dzyszkolnego Gimnastyczno-Tanecznego Uczniowskiego Klubu Sportowego \u201eNO NAME\u201d (MG-T UKS \u201eNO NAME\u201d), kt\u00f3ry by\u0142 organizatorem turnieju i zgromadzi\u0142 ponad tysi\u0105c tancerzy, kt\u00f3rzy przez 14 godzin elektryzowali publiczno\u015b\u0107 nieprawdopodobnymi umiej\u0119tno\u015bciami.<\/p>\n\n\n\n<h3 class=\"wp-block-heading\"><strong>Organizatorzy i Wsp\u00f3\u0142praca<\/strong><\/h3>\n\n\n\n<p>Turniej zosta\u0142 zorganizowany przez Mi\u0119dzyszkolny Gimnastyczno-Taneczny Uczniowski Klub Sportowy \u201eNO NAME\u201d przy wsp\u00f3\u0142pracy z wieloma partnerami i sponsorami. Przy organizacji wspierali go:<\/p>\n\n\n\n<ul class=\"wp-block-list\">\n<li>Fundacja Pomocy Rodzinie Noela (Bo\u017cena Szczepa\u0144ska i Zofia Meloyan),<\/li>\n\n\n\n<li>Centrum Sportu i Kultury w Garwolinie (Jaros\u0142aw Kargol),<\/li>\n\n\n\n<li>PSP nr 5 w Garwolinie (Agnieszka Majewska),<\/li>\n\n\n\n<li>Polskie Stowarzyszenie Cheerleaders \u2013 Polish Cheerleading Association (Bartosz Penkala).<\/li>\n<\/ul>\n\n\n\n<p>Patronat nad wydarzeniem obj\u0119li:<\/p>\n\n\n\n<ul class=\"wp-block-list\">\n<li>Adam Struzik \u2013 Marsza\u0142ek Wojew\u00f3dztwa Mazowieckiego,<\/li>\n\n\n\n<li>Iwona Kurowska \u2013 Starosta Powiatu Garwoli\u0144skiego,<\/li>\n\n\n\n<li>Marzena \u015awieczak \u2013 Burmistrz Miasta Garwolin,<\/li>\n\n\n\n<li>Marcin Ko\u0142odziejczyk \u2013 W\u00f3jt Gminy Garwolin.<\/li>\n<\/ul>\n\n\n\n<p>Partnerem wydarzenia by\u0142 Samorz\u0105d Wojew\u00f3dztwa Mazowieckiego.<br>Turniej wsp\u00f3\u0142finansowany by\u0142 r\u00f3wnie\u017c ze \u015brodk\u00f3w bud\u017cetu Powiatu Garwoli\u0144skiego.<\/p>\n\n\n\n<h3 class=\"wp-block-heading\"><strong>Wysoka Frekwencja i Rozgrywki<\/strong><\/h3>\n\n\n\n<p>W turnieju wzi\u0119\u0142o udzia\u0142 ponad 1000 tancerzy, z 28 klub\u00f3w, reprezentuj\u0105cych 75 zespo\u0142\u00f3w i 80 duet\u00f3w. Ca\u0142o\u015b\u0107 rywalizacji trwa\u0142a od 8:00 do 21:30 i zosta\u0142a podzielona na cztery bloki. Na parkiecie walczy\u0142y zespo\u0142y i duety w r\u00f3\u017cnych kategoriach wiekowych i poziomach zaawansowania w dywizji PERFORMANCE CHEER oraz POM DANCE. Ze wzgl\u0119du na rekordow\u0105 liczb\u0119 uczestnik\u00f3w \u2013 a\u017c 168 prezentacji \u2013 turniej by\u0142 oceniany przez dwa panele s\u0119dziowskie, co pozwoli\u0142o na sprawn\u0105 organizacj\u0119 wydarzenia w jednym dniu.<\/p>\n\n\n\n<h3 class=\"wp-block-heading\"><strong>Rywalizacja i Nagrody<\/strong><\/h3>\n\n\n\n<p>Tancerze rywalizowali w konkurencjach Freestyle Pom, Jazz, Basic, Elite oraz Premier, a w\u015br\u00f3d najlepszych zespo\u0142\u00f3w i duet\u00f3w wr\u0119czono liczne nagrody i upominki. Ka\u017cdy uczestnik otrzyma\u0142 pami\u0105tkow\u0105 torb\u0119, przypink\u0119, a tak\u017ce s\u0142odk\u0105 niespodziank\u0119 od firmy &nbsp;Br\u00fcggen Polska. Zespo\u0142y mia\u0142y r\u00f3wnie\u017c szans\u0119 wzi\u0105\u0107 udzia\u0142 w losowaniu pami\u0105tkowych koszulek. Najlepsze zespo\u0142y i duety otrzyma\u0142y medale oraz puchary. Nagrody i upominki wr\u0119czali zaproszeni go\u015bcie.<\/p>\n\n\n\n<p>Wyniki naszych reprezentant\u00f3w:<\/p>\n\n\n\n<p>POM DANCE ELITE:<\/p>\n\n\n\n<ul class=\"wp-block-list\">\n<li>DREAM TEAM MINI &#8211; 4 miejsce \u2013 kat wiekowa &#8211; DZIECI<\/li>\n\n\n\n<li>DREAM TEAM PINK FIRES &#8211; 7 miejsce \u2013 kat wiekowa- JUNIOR M\u0141ODSZY<\/li>\n\n\n\n<li>DREAM TEAM KIDS &#8211; 8 miejsce \u2013 kat. wiekowa&nbsp; &#8211; JUNIOR M\u0141ODSZY<\/li>\n\n\n\n<li>DREAM TEAM MASTERS &#8211; 4 miejsce \u2013 kat. wiekowa&nbsp; &#8211; MASTERS<\/li>\n\n\n\n<li>Gabrysia i Zosia &#8211; 5 miejsce &#8211; DUET \u2013 kat. wiekowa DZIECI<\/li>\n<\/ul>\n\n\n\n<p>FREESTYLE POM:<\/p>\n\n\n\n<ul class=\"wp-block-list\">\n<li>DREAM TEAM TEENAGE &#8211; 1 miejsce \u2013&nbsp;kat wiekowa&nbsp; JUNIOR M\u0141ODSZY<\/li>\n\n\n\n<li>DREAM TEAM JUNIOR &#8211; 1 miejsce, kat wiekowa &#8211; JUNIOR<\/li>\n<\/ul>\n\n\n\n<ul class=\"wp-block-list\">\n<li>Magdalena&nbsp; i Aleksandra &#8211; 1 miejsce &#8211;&nbsp; kat. wiekowa &#8211; JUNIOR M\u0141ODSZY<\/li>\n\n\n\n<li>Hania i Zosia &#8211; 3 miejsce &#8211; DUET &#8211; kat. wiekowa JUNIOR M\u0141ODSZY<\/li>\n\n\n\n<li>Hania i Karolina &#8211; 4 miejsce &#8211; DUET &#8211; kat. wiekowa JUNIOR M\u0141ODSZY<\/li>\n\n\n\n<li>Agata i Agata &#8211; 6 miejsce &#8211; DUET &#8211; kat. wiekowa JUNIOR M\u0141ODSZY<\/li>\n\n\n\n<li>Julka i Jowita &#8211; 1 miejsce &#8211; DUET &#8211; kat. wiekowa JUNIOR<\/li>\n\n\n\n<li>Alicja i Jagoda &#8211; 2 miejsce &#8211; DUET &#8211; kat. wiekowa JUNIOR<\/li>\n\n\n\n<li>Ania i Maja &#8211; 3 miejsce &#8211; DUET &#8211; kat. wiekowa JUNIOR<\/li>\n\n\n\n<li>Karolina i Asia &#8211; 1 miejsce &#8211; DUET &#8211; kat. wiekowa SENIOR<\/li>\n<\/ul>\n\n\n\n<h3 class=\"wp-block-heading\"><strong>Otwarcie Turnieju i zaproszeni go\u015bcie<\/strong><\/h3>\n\n\n\n<p>Uroczyste otwarcie turnieju mia\u0142o miejsce o godzinie 14:30. W\u015br\u00f3d zaproszonych go\u015bci byli:<\/p>\n\n\n\n<ul class=\"wp-block-list\">\n<li>Ewa Orze\u0142owska, cz\u0142onek Zarz\u0105du Wojew\u00f3dztwa Mazowieckiego,<\/li>\n\n\n\n<li>Marzena \u015awieczak, Burmistrz Garwolina,<\/li>\n\n\n\n<li>Iwona Kurowska, starosta Powiatu Garwoli\u0144skiego, Krystyna Antolak, Cz\u0142onek Zarz\u0105du Powiatu Garwoli\u0144skiego,<\/li>\n\n\n\n<li>Wojciech Parol zast\u0119pc\u0105 W\u00f3jta<\/li>\n\n\n\n<li>Anna Polatowska Zegar, Zast\u0119pca Prezesa Polskiego Zwi\u0105zku Sportowego Cheerleaders,<\/li>\n\n\n\n<li>Kordian Zalewski, Vice Prezes Polskiego Stowarzyszenia Cheerleaders.<\/li>\n\n\n\n<li>Jaros\u0142aw Kargol, dyrektor CSiK<\/li>\n<\/ul>\n\n\n\n<p>Ceremonia rozpocz\u0119\u0142a si\u0119 od powitania tancerzy i go\u015bci, po czym nast\u0105pi\u0142o oficjalne otwarcie turniejukrokiem poloneza. Kolejnym punktem by\u0142 polonez, kt\u00f3ry wykona\u0142a m\u0142odzie\u017c z Katolickiego Liceum Og\u00f3lnokszta\u0142c\u0105cego w Garwolinie. Na scenie zaprezentowali si\u0119 tak\u017ce tancerze z MG-T UKS \u201eNO NAME\u201d oraz laureatka Powiatowego Festiwalu Piosenki Rozrywkowej, Maja G\u0105siorowska. Na zako\u0144czenie otwarcia odby\u0142 si\u0119 wyst\u0119p z okazji 25-lecia klubu, w kt\u00f3rym wzi\u0119\u0142o udzia\u0142 oko\u0142o 140 tancerzy z NO NAME.<\/p>\n\n\n\n<h3 class=\"wp-block-heading\"><strong>Podzi\u0119kowania<\/strong><\/h3>\n\n\n\n<p>Klub MG-T UKS \u201eNO NAME\u201d sk\u0142ada serdeczne podzi\u0119kowania wszystkim, kt\u00f3rzy przyczynili si\u0119 do organizacji turnieju, w szczeg\u00f3lno\u015bci:<\/p>\n\n\n\n<ul class=\"wp-block-list\">\n<li>Agnieszce Majewskiej, dyrektor PSP nr 5 w Garwolinie, za nieodp\u0142atne udost\u0119pnienie hali,<\/li>\n\n\n\n<li>Oksanie Roksanie Trzmiel \u2013 Decorate Your Dreams, za przygotowanie dekoracji<\/li>\n\n\n\n<li>Nyord &#8211; za relacja na \u017cywo z turnieju<\/li>\n\n\n\n<li>DJ SKYREKS &#8211; nag\u0142o\u015bnienie<\/li>\n\n\n\n<li>Adamowi Migdo\u0142owi, FotoGans, za pi\u0119kne zdj\u0119cia,<\/li>\n\n\n\n<li>Zarz\u0105dowi MG-T UKS \u201eNO NAME\u201d&nbsp; i tancerkom z dawnemu zespo\u0142u DREAM TEAM SENIOR 2 oraz rodzicom naszych tancerek, za pomoc w przygotowaniu i organizacji turnieju<\/li>\n\n\n\n<li>Darkowi Zieli\u0144skiemu za prowadzenie turnieju<\/li>\n\n\n\n<li>Wszystkim sponsorom turnieju: Hotel Moderno, OSM Garwolin, Spo\u0142em Garwolin, Br\u00fcggen Polska, Ekolider, Piekarnia Jerzy Tara\u0144ski, Piekarnia Henryk Mianowski, Jadwiga Walenda, Aleksandra i Andrzej Soska, ZS nr 1 im. Bohater\u00f3w Westerplatte w Garwolinie, Katolickie Liceum C.K. Norwida w Garwolinie<\/li>\n\n\n\n<li>Naszym Trenerkom za przygotowanie zespo\u0142\u00f3w do rywalizacji w zawodach i do otwarcia turnieju.<\/li>\n<\/ul>\n\n\n\n<p>Turniej w Garwolinie po raz kolejny okaza\u0142 si\u0119 wielkim sukcesem, nie tylko organizacyjnym, ale tak\u017ce w kwestii wynik\u00f3w sportowych. Tancerze MG-T UKS \u201eNO NAME\u201d zaprezentowali si\u0119 z najlepszej strony, a ich osi\u0105gni\u0119cia \u015bwiadcz\u0105 o wysokim poziomie przygotowa\u0144 i zaanga\u017cowania.<\/p>\n\n\n\n<p><strong>Czekamy z niecierpliwo\u015bci\u0105 na kolejne edycje tej presti\u017cowej imprezy!<\/strong><\/p>\n\n\n<div class=\"wp-block-image\">\n<figure class=\"aligncenter size-large is-resized\"><img loading=\"lazy\" decoding=\"async\" width=\"1024\" height=\"683\" src=\"https:\/\/naszpowiat.info\/wp-content\/uploads\/2025\/04\/csm_DWE_2870_17e90b944a-1024x683.jpg\" alt=\"\" class=\"wp-image-8480\" style=\"width:600px;height:auto\" srcset=\"https:\/\/naszpowiat.info\/wp-content\/uploads\/2025\/04\/csm_DWE_2870_17e90b944a-1024x683.jpg 1024w, https:\/\/naszpowiat.info\/wp-content\/uploads\/2025\/04\/csm_DWE_2870_17e90b944a-300x200.jpg 300w, https:\/\/naszpowiat.info\/wp-content\/uploads\/2025\/04\/csm_DWE_2870_17e90b944a-768x512.jpg 768w, https:\/\/naszpowiat.info\/wp-content\/uploads\/2025\/04\/csm_DWE_2870_17e90b944a-465x310.jpg 465w, https:\/\/naszpowiat.info\/wp-content\/uploads\/2025\/04\/csm_DWE_2870_17e90b944a-695x463.jpg 695w, https:\/\/naszpowiat.info\/wp-content\/uploads\/2025\/04\/csm_DWE_2870_17e90b944a.jpg 1200w\" sizes=\"auto, (max-width: 1024px) 100vw, 1024px\" \/><\/figure>\n<\/div>\n\n\n<hr class=\"wp-block-separator has-alpha-channel-opacity\"\/>\n\n\n<div class=\"wp-block-image\">\n<figure class=\"aligncenter size-large is-resized\"><img loading=\"lazy\" decoding=\"async\" width=\"1024\" height=\"683\" src=\"https:\/\/naszpowiat.info\/wp-content\/uploads\/2025\/04\/csm__AT_0615_ff3c75a2ce-1024x683.jpg\" alt=\"\" class=\"wp-image-8481\" style=\"width:606px;height:auto\" srcset=\"https:\/\/naszpowiat.info\/wp-content\/uploads\/2025\/04\/csm__AT_0615_ff3c75a2ce-1024x683.jpg 1024w, https:\/\/naszpowiat.info\/wp-content\/uploads\/2025\/04\/csm__AT_0615_ff3c75a2ce-300x200.jpg 300w, https:\/\/naszpowiat.info\/wp-content\/uploads\/2025\/04\/csm__AT_0615_ff3c75a2ce-768x512.jpg 768w, https:\/\/naszpowiat.info\/wp-content\/uploads\/2025\/04\/csm__AT_0615_ff3c75a2ce-465x310.jpg 465w, https:\/\/naszpowiat.info\/wp-content\/uploads\/2025\/04\/csm__AT_0615_ff3c75a2ce-695x463.jpg 695w, https:\/\/naszpowiat.info\/wp-content\/uploads\/2025\/04\/csm__AT_0615_ff3c75a2ce.jpg 1200w\" sizes=\"auto, (max-width: 1024px) 100vw, 1024px\" \/><\/figure>\n<\/div>\n\n<div class=\"wp-block-image\">\n<figure class=\"aligncenter size-large is-resized\"><img loading=\"lazy\" decoding=\"async\" width=\"1024\" height=\"683\" src=\"https:\/\/naszpowiat.info\/wp-content\/uploads\/2025\/04\/csm_IMG_2073_935c0bf612-1024x683.jpg\" alt=\"\" class=\"wp-image-8482\" style=\"width:596px;height:auto\" srcset=\"https:\/\/naszpowiat.info\/wp-content\/uploads\/2025\/04\/csm_IMG_2073_935c0bf612-1024x683.jpg 1024w, https:\/\/naszpowiat.info\/wp-content\/uploads\/2025\/04\/csm_IMG_2073_935c0bf612-300x200.jpg 300w, https:\/\/naszpowiat.info\/wp-content\/uploads\/2025\/04\/csm_IMG_2073_935c0bf612-768x512.jpg 768w, https:\/\/naszpowiat.info\/wp-content\/uploads\/2025\/04\/csm_IMG_2073_935c0bf612-465x310.jpg 465w, https:\/\/naszpowiat.info\/wp-content\/uploads\/2025\/04\/csm_IMG_2073_935c0bf612-695x463.jpg 695w, https:\/\/naszpowiat.info\/wp-content\/uploads\/2025\/04\/csm_IMG_2073_935c0bf612.jpg 1200w\" sizes=\"auto, (max-width: 1024px) 100vw, 1024px\" \/><\/figure>\n<\/div>\n\n<div class=\"wp-block-image\">\n<figure class=\"aligncenter size-large is-resized\"><img loading=\"lazy\" decoding=\"async\" width=\"1024\" height=\"683\" src=\"https:\/\/naszpowiat.info\/wp-content\/uploads\/2025\/04\/csm__AT_0511_ab472ba3ea-1024x683.jpg\" alt=\"\" class=\"wp-image-8483\" style=\"width:616px;height:auto\" srcset=\"https:\/\/naszpowiat.info\/wp-content\/uploads\/2025\/04\/csm__AT_0511_ab472ba3ea-1024x683.jpg 1024w, https:\/\/naszpowiat.info\/wp-content\/uploads\/2025\/04\/csm__AT_0511_ab472ba3ea-300x200.jpg 300w, https:\/\/naszpowiat.info\/wp-content\/uploads\/2025\/04\/csm__AT_0511_ab472ba3ea-768x512.jpg 768w, https:\/\/naszpowiat.info\/wp-content\/uploads\/2025\/04\/csm__AT_0511_ab472ba3ea-465x310.jpg 465w, https:\/\/naszpowiat.info\/wp-content\/uploads\/2025\/04\/csm__AT_0511_ab472ba3ea-695x463.jpg 695w, https:\/\/naszpowiat.info\/wp-content\/uploads\/2025\/04\/csm__AT_0511_ab472ba3ea.jpg 1200w\" sizes=\"auto, (max-width: 1024px) 100vw, 1024px\" \/><\/figure>\n<\/div>\n\n<div class=\"wp-block-image\">\n<figure class=\"aligncenter size-large is-resized\"><img loading=\"lazy\" decoding=\"async\" width=\"1024\" height=\"683\" src=\"https:\/\/naszpowiat.info\/wp-content\/uploads\/2025\/04\/csm_IMG_1248_aa6421cbdf-1024x683.jpg\" alt=\"\" class=\"wp-image-8484\" style=\"width:596px;height:auto\" srcset=\"https:\/\/naszpowiat.info\/wp-content\/uploads\/2025\/04\/csm_IMG_1248_aa6421cbdf-1024x683.jpg 1024w, https:\/\/naszpowiat.info\/wp-content\/uploads\/2025\/04\/csm_IMG_1248_aa6421cbdf-300x200.jpg 300w, https:\/\/naszpowiat.info\/wp-content\/uploads\/2025\/04\/csm_IMG_1248_aa6421cbdf-768x512.jpg 768w, https:\/\/naszpowiat.info\/wp-content\/uploads\/2025\/04\/csm_IMG_1248_aa6421cbdf-465x310.jpg 465w, https:\/\/naszpowiat.info\/wp-content\/uploads\/2025\/04\/csm_IMG_1248_aa6421cbdf-695x463.jpg 695w, https:\/\/naszpowiat.info\/wp-content\/uploads\/2025\/04\/csm_IMG_1248_aa6421cbdf.jpg 1200w\" sizes=\"auto, (max-width: 1024px) 100vw, 1024px\" \/><\/figure>\n<\/div>\n\n\n<figure class=\"wp-block-image size-full\"><img loading=\"lazy\" decoding=\"async\" width=\"600\" height=\"800\" src=\"https:\/\/naszpowiat.info\/wp-content\/uploads\/2025\/04\/csm_486370706_1073176181513855_4412609942903757731_n_24bbf4ed12.jpg\" alt=\"\" class=\"wp-image-8485\" srcset=\"https:\/\/naszpowiat.info\/wp-content\/uploads\/2025\/04\/csm_486370706_1073176181513855_4412609942903757731_n_24bbf4ed12.jpg 600w, https:\/\/naszpowiat.info\/wp-content\/uploads\/2025\/04\/csm_486370706_1073176181513855_4412609942903757731_n_24bbf4ed12-225x300.jpg 225w, https:\/\/naszpowiat.info\/wp-content\/uploads\/2025\/04\/csm_486370706_1073176181513855_4412609942903757731_n_24bbf4ed12-413x550.jpg 413w, https:\/\/naszpowiat.info\/wp-content\/uploads\/2025\/04\/csm_486370706_1073176181513855_4412609942903757731_n_24bbf4ed12-375x500.jpg 375w\" sizes=\"auto, (max-width: 600px) 100vw, 600px\" \/><figcaption class=\"wp-element-caption\">Fot. Starostwo Powiatowe w Garwolinie<\/figcaption><\/figure>\n\n\n\n<p class=\"has-text-align-center\"><strong><em>MATERIA\u0141 PARTNER\u00d3W<\/em><\/strong><\/p>\n<div class=\"naszp-po-tresci\" id=\"naszp-714861713\"><script async src=\"\/\/pagead2.googlesyndication.com\/pagead\/js\/adsbygoogle.js?client=ca-pub-5304901113955943\" crossorigin=\"anonymous\"><\/script><ins class=\"adsbygoogle\" style=\"display:block;\" data-ad-client=\"ca-pub-5304901113955943\" \ndata-ad-slot=\"9226873542\" \ndata-ad-format=\"auto\"><\/ins>\n<script> \n(adsbygoogle = window.adsbygoogle || []).push({}); \n<\/script>\n<\/div>","protected":false},"excerpt":{"rendered":"<p>W dniu 22 marca 2025 roku w Garwolinie odby\u0142 si\u0119 XXI Otwarty Mazowiecki Turniej Cheerleaders, b\u0119d\u0105cy cz\u0119\u015bci\u0105 cyklu Grand Prix Polski Cheerleaders. To wyj\u0105tkowe wydarzenie odby\u0142o si\u0119 z okazji 25-lecia dzia\u0142alno\u015bci Mi\u0119dzyszkolnego Gimnastyczno-Tanecznego Uczniowskiego Klubu Sportowego \u201eNO NAME\u201d (MG-T UKS \u201eNO NAME\u201d), kt\u00f3ry by\u0142 organizatorem turnieju i zgromadzi\u0142 ponad tysi\u0105c<span class=\"more-link\"><a href=\"https:\/\/naszpowiat.info\/index.php\/2025\/04\/11\/xxi-otwarty-mazowiecki-turniej-cheerleaders-w-garwolinie-wyjatkowe-wydarzenie-w-powiecie-garwolinskim\/\">Czytaj dalej<\/a><\/span><\/p>\n","protected":false},"author":9,"featured_media":8480,"comment_status":"open","ping_status":"open","sticky":false,"template":"","format":"standard","meta":{"_monsterinsights_skip_tracking":false,"_monsterinsights_sitenote_active":false,"_monsterinsights_sitenote_note":"","_monsterinsights_sitenote_category":0,"footnotes":""},"categories":[123,28,213,30,209,187,192],"tags":[227,278,207,210,309,565,290],"class_list":["entry","author-admin","post-8479","post","type-post","status-publish","format-standard","has-post-thumbnail","category-aktualnosci","category-dla-mieszkanca","category-garwolin","category-kultura","category-powiat-garwolinski","category-samorzad","category-sztuka","tag-garwolin","tag-iwona-kurowska","tag-kultura","tag-powiat-garwolinski","tag-samorzad","tag-turniej","tag-wydarzenia"],"aioseo_notices":[],"_links":{"self":[{"href":"https:\/\/naszpowiat.info\/index.php\/wp-json\/wp\/v2\/posts\/8479","targetHints":{"allow":["GET"]}}],"collection":[{"href":"https:\/\/naszpowiat.info\/index.php\/wp-json\/wp\/v2\/posts"}],"about":[{"href":"https:\/\/naszpowiat.info\/index.php\/wp-json\/wp\/v2\/types\/post"}],"author":[{"embeddable":true,"href":"https:\/\/naszpowiat.info\/index.php\/wp-json\/wp\/v2\/users\/9"}],"replies":[{"embeddable":true,"href":"https:\/\/naszpowiat.info\/index.php\/wp-json\/wp\/v2\/comments?post=8479"}],"version-history":[{"count":1,"href":"https:\/\/naszpowiat.info\/index.php\/wp-json\/wp\/v2\/posts\/8479\/revisions"}],"predecessor-version":[{"id":8486,"href":"https:\/\/naszpowiat.info\/index.php\/wp-json\/wp\/v2\/posts\/8479\/revisions\/8486"}],"wp:featuredmedia":[{"embeddable":true,"href":"https:\/\/naszpowiat.info\/index.php\/wp-json\/wp\/v2\/media\/8480"}],"wp:attachment":[{"href":"https:\/\/naszpowiat.info\/index.php\/wp-json\/wp\/v2\/media?parent=8479"}],"wp:term":[{"taxonomy":"category","embeddable":true,"href":"https:\/\/naszpowiat.info\/index.php\/wp-json\/wp\/v2\/categories?post=8479"},{"taxonomy":"post_tag","embeddable":true,"href":"https:\/\/naszpowiat.info\/index.php\/wp-json\/wp\/v2\/tags?post=8479"}],"curies":[{"name":"wp","href":"https:\/\/api.w.org\/{rel}","templated":true}]}}