{"id":8476,"date":"2025-04-11T06:56:04","date_gmt":"2025-04-11T06:56:04","guid":{"rendered":"https:\/\/naszpowiat.info\/?p=8476"},"modified":"2025-04-11T06:56:05","modified_gmt":"2025-04-11T06:56:05","slug":"wielkanocna-magia-na-jarmarku-twierdzy-modlin","status":"publish","type":"post","link":"https:\/\/naszpowiat.info\/index.php\/2025\/04\/11\/wielkanocna-magia-na-jarmarku-twierdzy-modlin\/","title":{"rendered":"Wielkanocna magia na jarmarku twierdzy Modlin!"},"content":{"rendered":"\n<p>W minion\u0105 sobot\u0119, 5 kwietnia 2025 roku, historyczne wn\u0119trza Kasyna Oficerskiego w sercu Twierdzy Modlin na chwil\u0119 zamieni\u0142y si\u0119 w barwny \u015bwiat wielkanocnych tradycji, r\u0119kodzie\u0142a i rodzinnych emocji. Artystyczny Jarmark Wielkanocny przyci\u0105gn\u0105\u0142 t\u0142umy mieszka\u0144c\u00f3w oraz licznych go\u015bci z okolicznych miejscowo\u015bci, oferuj\u0105c co\u015b wi\u0119cej ni\u017c tylko klasyczny kiermasz. By\u0142o to prawdziwe \u015bwi\u0119to wiosny i wsp\u00f3lnoty \u2013 wydarzenie, kt\u00f3re pomimo zimowej aury za oknem, rozgrza\u0142o serca wszystkich obecnych.<\/p>\n\n\n\n<p>Zar\u00f3wno dzieci, jak i doro\u015bli nie kryli zachwytu nad przygotowanymi atrakcjami. Szczeg\u00f3lnym zainteresowaniem cieszy\u0142y si\u0119 przesympatyczne, puszyste alpaki oraz urocze kr\u00f3liczki, kt\u00f3re nie tylko rozczula\u0142y, ale tak\u017ce zapewnia\u0142y okazj\u0119 do kontaktu ze zwierz\u0119tami w przyjaznej atmosferze. Nie zabrak\u0142o tak\u017ce emocjonuj\u0105cych warsztat\u00f3w artystycznych, podczas kt\u00f3rych uczestnicy mieli okazj\u0119 wykona\u0107 w\u0142asnor\u0119czne \u015bwi\u0105teczne ozdoby \u2013 od malowanych pisanek po wielkanocne stroiki i palmy. Kreatywno\u015b\u0107 i zaanga\u017cowanie uczestnik\u00f3w by\u0142y imponuj\u0105ce, a powsta\u0142e prace mog\u0142yby z powodzeniem ozdobi\u0107 niejedno wn\u0119trze.<\/p>\n\n\n\n<p>Dla najm\u0142odszych przygotowano r\u00f3wnie\u017c wyj\u0105tkowe przedstawienie teatralne zatytu\u0142owane \u201eJajko\u201d, kt\u00f3re w przyst\u0119pny i zabawny spos\u00f3b opowiedzia\u0142o o tradycjach wielkanocnych, wci\u0105gaj\u0105c dzieci w kolorowy \u015bwiat teatru. Wiecz\u00f3r natomiast up\u0142yn\u0105\u0142 pod znakiem refleksji \u2013 publiczno\u015b\u0107 mia\u0142a okazj\u0119 obejrze\u0107 dwa filmy o g\u0142\u0119bokiej, religijnej tematyce: \u201e21.37\u201d oraz \u201eSerce Ojca\u201d. Oba seanse poruszy\u0142y temat duchowo\u015bci, wiary i nadziei, wpisuj\u0105c si\u0119 doskonale w charakter przed\u015bwi\u0105tecznego okresu.<\/p>\n\n\n\n<p>Nowodworski O\u015brodek Kultury, organizator wydarzenia, serdecznie dzi\u0119kuje wszystkim wystawcom za pi\u0119knie przygotowane stoiska, a odwiedzaj\u0105cym za liczny udzia\u0142 i stworzenie razem tej wyj\u0105tkowej atmosfery. Pomimo niespodziewanego kwietniowego \u015bniegu, kt\u00f3ry zaskoczy\u0142 uczestnik\u00f3w, uda\u0142o si\u0119 wsp\u00f3lnie zbudowa\u0107 niezwyk\u0142y, wiosenny klimat pe\u0142en ciep\u0142a, rado\u015bci i \u015bwi\u0105tecznego ducha.<\/p>\n\n\n<div class=\"wp-block-image\">\n<figure class=\"aligncenter size-full\"><img loading=\"lazy\" decoding=\"async\" width=\"800\" height=\"534\" src=\"https:\/\/naszpowiat.info\/wp-content\/uploads\/2025\/04\/image-17.png\" alt=\"\" class=\"wp-image-8477\" srcset=\"https:\/\/naszpowiat.info\/wp-content\/uploads\/2025\/04\/image-17.png 800w, https:\/\/naszpowiat.info\/wp-content\/uploads\/2025\/04\/image-17-300x200.png 300w, https:\/\/naszpowiat.info\/wp-content\/uploads\/2025\/04\/image-17-768x513.png 768w, https:\/\/naszpowiat.info\/wp-content\/uploads\/2025\/04\/image-17-465x310.png 465w, https:\/\/naszpowiat.info\/wp-content\/uploads\/2025\/04\/image-17-695x464.png 695w\" sizes=\"auto, (max-width: 800px) 100vw, 800px\" \/><figcaption class=\"wp-element-caption\">Fot. nowydwormaz.pl<\/figcaption><\/figure>\n<\/div><div class=\"naszp-po-tresci\" id=\"naszp-2374175893\"><script async src=\"\/\/pagead2.googlesyndication.com\/pagead\/js\/adsbygoogle.js?client=ca-pub-5304901113955943\" crossorigin=\"anonymous\"><\/script><ins class=\"adsbygoogle\" style=\"display:block;\" data-ad-client=\"ca-pub-5304901113955943\" \ndata-ad-slot=\"9226873542\" \ndata-ad-format=\"auto\"><\/ins>\n<script> \n(adsbygoogle = window.adsbygoogle || []).push({}); \n<\/script>\n<\/div>","protected":false},"excerpt":{"rendered":"<p>W minion\u0105 sobot\u0119, 5 kwietnia 2025 roku, historyczne wn\u0119trza Kasyna Oficerskiego w sercu Twierdzy Modlin na chwil\u0119 zamieni\u0142y si\u0119 w barwny \u015bwiat wielkanocnych tradycji, r\u0119kodzie\u0142a i rodzinnych emocji. Artystyczny Jarmark Wielkanocny przyci\u0105gn\u0105\u0142 t\u0142umy mieszka\u0144c\u00f3w oraz licznych go\u015bci z okolicznych miejscowo\u015bci, oferuj\u0105c co\u015b wi\u0119cej ni\u017c tylko klasyczny kiermasz. By\u0142o to prawdziwe<span class=\"more-link\"><a href=\"https:\/\/naszpowiat.info\/index.php\/2025\/04\/11\/wielkanocna-magia-na-jarmarku-twierdzy-modlin\/\">Czytaj dalej<\/a><\/span><\/p>\n","protected":false},"author":9,"featured_media":8477,"comment_status":"open","ping_status":"open","sticky":false,"template":"","format":"standard","meta":{"_monsterinsights_skip_tracking":false,"_monsterinsights_sitenote_active":false,"_monsterinsights_sitenote_note":"","_monsterinsights_sitenote_category":0,"footnotes":""},"categories":[123,191,30,106,35,31,166,187,59],"tags":[1048,207,851,167,309,847,997,290],"class_list":["entry","author-admin","post-8476","post","type-post","status-publish","format-standard","has-post-thumbnail","category-aktualnosci","category-edukacja","category-kultura","category-nowy-dwor-mazowiecki","category-nowodworski","category-powiaty-mazowieckiego","category-rekreacja","category-samorzad","category-wydarzenia","tag-jarmark-wielkanocny","tag-kultura","tag-nowodworski-osrodek-kultury","tag-nowy-dwor-mazowiecki","tag-samorzad","tag-twierdza-modlin","tag-wielkanoc","tag-wydarzenia"],"aioseo_notices":[],"_links":{"self":[{"href":"https:\/\/naszpowiat.info\/index.php\/wp-json\/wp\/v2\/posts\/8476","targetHints":{"allow":["GET"]}}],"collection":[{"href":"https:\/\/naszpowiat.info\/index.php\/wp-json\/wp\/v2\/posts"}],"about":[{"href":"https:\/\/naszpowiat.info\/index.php\/wp-json\/wp\/v2\/types\/post"}],"author":[{"embeddable":true,"href":"https:\/\/naszpowiat.info\/index.php\/wp-json\/wp\/v2\/users\/9"}],"replies":[{"embeddable":true,"href":"https:\/\/naszpowiat.info\/index.php\/wp-json\/wp\/v2\/comments?post=8476"}],"version-history":[{"count":1,"href":"https:\/\/naszpowiat.info\/index.php\/wp-json\/wp\/v2\/posts\/8476\/revisions"}],"predecessor-version":[{"id":8478,"href":"https:\/\/naszpowiat.info\/index.php\/wp-json\/wp\/v2\/posts\/8476\/revisions\/8478"}],"wp:featuredmedia":[{"embeddable":true,"href":"https:\/\/naszpowiat.info\/index.php\/wp-json\/wp\/v2\/media\/8477"}],"wp:attachment":[{"href":"https:\/\/naszpowiat.info\/index.php\/wp-json\/wp\/v2\/media?parent=8476"}],"wp:term":[{"taxonomy":"category","embeddable":true,"href":"https:\/\/naszpowiat.info\/index.php\/wp-json\/wp\/v2\/categories?post=8476"},{"taxonomy":"post_tag","embeddable":true,"href":"https:\/\/naszpowiat.info\/index.php\/wp-json\/wp\/v2\/tags?post=8476"}],"curies":[{"name":"wp","href":"https:\/\/api.w.org\/{rel}","templated":true}]}}