{"id":8433,"date":"2025-04-06T06:23:28","date_gmt":"2025-04-06T06:23:28","guid":{"rendered":"https:\/\/naszpowiat.info\/?p=8433"},"modified":"2025-04-06T06:23:29","modified_gmt":"2025-04-06T06:23:29","slug":"festiwal-im-witolda-maliszewskiego-2025","status":"publish","type":"post","link":"https:\/\/naszpowiat.info\/index.php\/2025\/04\/06\/festiwal-im-witolda-maliszewskiego-2025\/","title":{"rendered":"FESTIWAL IM. WITOLDA MALISZEWSKIEGO 2025"},"content":{"rendered":"\n<p><strong>Jak co roku Piaseczno upami\u0119tni Witolda Maliszewskiego \u2013 wybitnego kompozytora, kt\u00f3ry mieszka\u0142, tworzy\u0142 i zmar\u0142 w Piasecznie. Od ponad dwudziestu lat Centrum Kultury w Piasecznie organizuje cykl koncert\u00f3w muzyki klasycznej (kameralnej i ch\u00f3ralnej) w ko\u015bcio\u0142ach dekanatu piaseczy\u0144skiego. Koncertom towarzysz\u0105 prelekcje z historii.<\/strong><\/p>\n\n\n\n<p>W tym roku Centrum Kultury w Piasecznie i Fundacja Sztuka i Pasja we wsp\u00f3\u0142pracy ze Zwi\u0105zkiem Kompozytor\u00f3w Polskich w ramach festiwalu organizuje Og\u00f3lnopolski Konkurs Kompozytorski im. Witolda Maliszewskiego. Przedmiotem konkursu jest skomponowanie utworu na kwartet smyczkowy lub kwintet smyczkowy w sk\u0142adzie: 2 skrzypiec, alt\u00f3wka, wiolonczela i kontrabas.<\/p>\n\n\n\n<p><strong>VII Festiwal im. Witolda Maliszewskiego w Piasecznie odb\u0119dzie si\u0119 w niedziele od 27 kwietnia do 1 czerwca 2025 roku w ko\u015bcio\u0142ach dekanatu piaseczy\u0144skiego (G\u0142osk\u00f3w, Zalesie Dolne, Piaseczno) i w Pra\u017cmowie. Wst\u0119p wolny. Zapraszamy mieszka\u0144c\u00f3w!<\/strong><\/p>\n\n\n\n<p>Konkurs patronatem honorowym obj\u0119li Starosta Piaseczy\u0144ski Ewa Lubianiec oraz Burmistrz Miasta i Gminy Piaseczno Daniel Putkiewicz. Patronat medialny nad konkursem obj\u0119\u0142o Polskie Centrum Informacji Muzycznej POLMIC. Partnerem wydarzenia jest Samorz\u0105d Wojew\u00f3dztwa Mazowieckiego. Premierowe wykonanie nagrodzonych utwor\u00f3w nast\u0105pi podczas uroczystego koncertu w dniu 25 maja.<\/p>\n\n\n\n<p>Wszystkie koncerty w ramach festiwalu poprowadzi Malina Sarnowska.<\/p>\n\n\n\n<h3 class=\"wp-block-heading\"><strong>PROGRAM FESTIWALU IM. WITOLDA MALISZEWSKIEGO:<\/strong><\/h3>\n\n\n\n<p><strong>27 kwietnia, godz. 19.00<\/strong><br><strong>INAUGURACJA FESTIWALU<\/strong><br><strong>ZESP\u00d3\u0141 KAMERALIST\u00d3W CAMERATA VISTULA<\/strong><br><strong>ANNA WR\u00d3BEL<\/strong><br>W programie:<br>\u2013 Witold Maliszewski \u2013 Kwintet smyczkowy Op. 3<br>\u2013 Witold Maliszewski \u2013 Suita wiolonczelowa Op. 20 na wiolonczel\u0119 i zesp\u00f3\u0142 smyczkowy<br>G\u0142osk\u00f3w, Ko\u015bci\u00f3\u0142 pw. MB Wspomo\u017cenia Wiernych ul. Millenium 13<\/p>\n\n\n\n<p><strong>11 maja, godz. 19.00<\/strong><br><strong>HISTORIE STRUNAMI I SMYCZKIEM PISANE<\/strong><br><strong>PATRYCJA SZYMA\u0143SKA \u2013 SKRZYPCE<\/strong><br><strong>ADAM WOCH \u2013 GITARA KLASYCZNA<\/strong><br>W programie:<br>\u2013 Ch. W. Gluck \u2013 Melodie<br>\u2013 N. Paganini \u2013 Cantabile D-dur, VI Sonata a \u2013 moll<br>\u2013 V. Moniti \u2013 Czardasz<br>\u2013 M. de Falla \u2013 Suite Espagnole, Danse Espagnole<br>\u2013 R. Dyens \u2013 Tango en skai<br>\u2013 A. Piazzolla \u2013 Historia du tango<br>Pra\u017cm\u00f3w, Ko\u015bci\u00f3\u0142 pw. \u015bw. Franciszka z Asy\u017cu, ul. Ryxa 34. Wst\u0119p wolny<\/p>\n\n\n\n<p><strong>25 maja, godz. 19.30<\/strong><br><strong>100-LECIE ZALESIA DOLNEGO<\/strong><br><strong>ROZSTRZYGNI\u0118CIE OG\u00d3LNOPOLSKIEGO KONKURSU KOMPOZYTORSKIEGO<\/strong><br><strong>WARSAW STRING ENSEMBLE, ALEKSANDRA RESZTIK<\/strong><br>W programie:<br>\u2013 prawykonanie nagrodzonych utwor\u00f3w<br>\u2013 pie\u015bni W. Maliszewskiego<br>Zalesie Dolne, Ko\u015bci\u00f3\u0142 pw. NMP ul. Modrzewiowa 2.<\/p>\n\n\n\n<p><strong>1 czerwca, godz. 14.00<\/strong><br><strong>MUZYKA CZTERECH \u017bYWIO\u0141\u00d3W. KONCERT FAMILIJNY<\/strong><br><strong>Agnieszka Rogowiecka \u2013 flet; Adam Woch \u2013 gitara; Jacek Ma\u0142achowski \u2013 akordeon;\u00a0Karolina Mys\u0142ek \u2013 perkusja (cajon, ocean drum)<\/strong><br>W programie:<br>\u2013 Melodia z Bornholmu, Robert Aitken \u2013 Icicle WODA<br>\u2013 Roland Dyens \u2013 Fuoco OGIE\u0143<br>\u2013 Michael Daugherty \u2013 The High and the Mighty<br>\u2013 Maciej Ka\u0142amucki Beats \u2013 Toccata<br>\u2013 Michio Miyagi \u2013 Haru no umi<br>\u2013 Izabela Wa\u0142aszewska \u2013 Ziemia jest darem<br>\u2013 Richard Galliano \u2013 Tangaria<br>Piaseczno, sala parafialna przy Ko\u015bciele \u015bw. Anny, pl. Pi\u0142sudskiego 10.<\/p>\n\n\n<div class=\"wp-block-image\">\n<figure class=\"aligncenter size-large is-resized\"><img loading=\"lazy\" decoding=\"async\" width=\"1024\" height=\"380\" src=\"https:\/\/naszpowiat.info\/wp-content\/uploads\/2025\/04\/485315904_1225101982954587_4337577624443133514_n-1024x380.jpg\" alt=\"\" class=\"wp-image-8434\" style=\"width:600px;height:auto\" srcset=\"https:\/\/naszpowiat.info\/wp-content\/uploads\/2025\/04\/485315904_1225101982954587_4337577624443133514_n-1024x380.jpg 1024w, https:\/\/naszpowiat.info\/wp-content\/uploads\/2025\/04\/485315904_1225101982954587_4337577624443133514_n-300x111.jpg 300w, https:\/\/naszpowiat.info\/wp-content\/uploads\/2025\/04\/485315904_1225101982954587_4337577624443133514_n-768x285.jpg 768w, https:\/\/naszpowiat.info\/wp-content\/uploads\/2025\/04\/485315904_1225101982954587_4337577624443133514_n-1536x570.jpg 1536w, https:\/\/naszpowiat.info\/wp-content\/uploads\/2025\/04\/485315904_1225101982954587_4337577624443133514_n-465x172.jpg 465w, https:\/\/naszpowiat.info\/wp-content\/uploads\/2025\/04\/485315904_1225101982954587_4337577624443133514_n-695x258.jpg 695w, https:\/\/naszpowiat.info\/wp-content\/uploads\/2025\/04\/485315904_1225101982954587_4337577624443133514_n.jpg 1920w\" sizes=\"auto, (max-width: 1024px) 100vw, 1024px\" \/><figcaption class=\"wp-element-caption\">Fot. Centrum Kultury w Piasecznie<\/figcaption><\/figure>\n<\/div><div class=\"naszp-po-tresci\" id=\"naszp-3135329350\"><script async src=\"\/\/pagead2.googlesyndication.com\/pagead\/js\/adsbygoogle.js?client=ca-pub-5304901113955943\" crossorigin=\"anonymous\"><\/script><ins class=\"adsbygoogle\" style=\"display:block;\" data-ad-client=\"ca-pub-5304901113955943\" \ndata-ad-slot=\"9226873542\" \ndata-ad-format=\"auto\"><\/ins>\n<script> \n(adsbygoogle = window.adsbygoogle || []).push({}); \n<\/script>\n<\/div>","protected":false},"excerpt":{"rendered":"<p>Jak co roku Piaseczno upami\u0119tni Witolda Maliszewskiego \u2013 wybitnego kompozytora, kt\u00f3ry mieszka\u0142, tworzy\u0142 i zmar\u0142 w Piasecznie. Od ponad dwudziestu lat Centrum Kultury w Piasecznie organizuje cykl koncert\u00f3w muzyki klasycznej (kameralnej i ch\u00f3ralnej) w ko\u015bcio\u0142ach dekanatu piaseczy\u0144skiego. Koncertom towarzysz\u0105 prelekcje z historii. W tym roku Centrum Kultury w Piasecznie i<span class=\"more-link\"><a href=\"https:\/\/naszpowiat.info\/index.php\/2025\/04\/06\/festiwal-im-witolda-maliszewskiego-2025\/\">Czytaj dalej<\/a><\/span><\/p>\n","protected":false},"author":9,"featured_media":8434,"comment_status":"open","ping_status":"open","sticky":false,"template":"","format":"standard","meta":{"_monsterinsights_skip_tracking":false,"_monsterinsights_sitenote_active":false,"_monsterinsights_sitenote_note":"","_monsterinsights_sitenote_category":0,"footnotes":""},"categories":[123,28,30,110,187,192],"tags":[287,285,151,309],"class_list":["entry","author-admin","post-8433","post","type-post","status-publish","format-standard","has-post-thumbnail","category-aktualnosci","category-dla-mieszkanca","category-kultura","category-piaseczno","category-samorzad","category-sztuka","tag-festiwal","tag-muzyka","tag-piaseczno","tag-samorzad"],"aioseo_notices":[],"_links":{"self":[{"href":"https:\/\/naszpowiat.info\/index.php\/wp-json\/wp\/v2\/posts\/8433","targetHints":{"allow":["GET"]}}],"collection":[{"href":"https:\/\/naszpowiat.info\/index.php\/wp-json\/wp\/v2\/posts"}],"about":[{"href":"https:\/\/naszpowiat.info\/index.php\/wp-json\/wp\/v2\/types\/post"}],"author":[{"embeddable":true,"href":"https:\/\/naszpowiat.info\/index.php\/wp-json\/wp\/v2\/users\/9"}],"replies":[{"embeddable":true,"href":"https:\/\/naszpowiat.info\/index.php\/wp-json\/wp\/v2\/comments?post=8433"}],"version-history":[{"count":1,"href":"https:\/\/naszpowiat.info\/index.php\/wp-json\/wp\/v2\/posts\/8433\/revisions"}],"predecessor-version":[{"id":8435,"href":"https:\/\/naszpowiat.info\/index.php\/wp-json\/wp\/v2\/posts\/8433\/revisions\/8435"}],"wp:featuredmedia":[{"embeddable":true,"href":"https:\/\/naszpowiat.info\/index.php\/wp-json\/wp\/v2\/media\/8434"}],"wp:attachment":[{"href":"https:\/\/naszpowiat.info\/index.php\/wp-json\/wp\/v2\/media?parent=8433"}],"wp:term":[{"taxonomy":"category","embeddable":true,"href":"https:\/\/naszpowiat.info\/index.php\/wp-json\/wp\/v2\/categories?post=8433"},{"taxonomy":"post_tag","embeddable":true,"href":"https:\/\/naszpowiat.info\/index.php\/wp-json\/wp\/v2\/tags?post=8433"}],"curies":[{"name":"wp","href":"https:\/\/api.w.org\/{rel}","templated":true}]}}