{"id":8427,"date":"2025-04-04T19:30:57","date_gmt":"2025-04-04T19:30:57","guid":{"rendered":"https:\/\/naszpowiat.info\/?p=8427"},"modified":"2025-04-04T19:30:58","modified_gmt":"2025-04-04T19:30:58","slug":"iv-turniej-darta-w-celestynowie","status":"publish","type":"post","link":"https:\/\/naszpowiat.info\/index.php\/2025\/04\/04\/iv-turniej-darta-w-celestynowie\/","title":{"rendered":"IV Turniej Darta w Celestynowie"},"content":{"rendered":"\n<p>Mi\u0142o\u015bnicy darta, szykujcie si\u0119 na sportowe emocje! Ju\u017c 5 kwietnia o godzinie 12:00 w Hali Sportowej przy ul. prof. Hilarego Koprowskiego 2 w Celestynowie odb\u0119dzie si\u0119 czwarta edycja Turnieju Darta pod Patronatem W\u00f3jt Gminy Celestyn\u00f3w. To doskona\u0142a okazja, by sprawdzi\u0107 swoje umiej\u0119tno\u015bci, zmierzy\u0107 si\u0119 z innymi zawodnikami i zawalczy\u0107 o zwyci\u0119stwo. Przed startem turnieju, o 11:30, zaplanowana jest odprawa techniczna wraz z losowaniem, kt\u00f3re wyznaczy uczestnikom pierwsze pojedynki.<\/p>\n\n\n\n<p>Zapisy na turniej ruszaj\u0105 ju\u017c 19 marca o godzinie 9:00 i odbywaj\u0105 si\u0119 za po\u015brednictwem platformy internetowej &#8222;Strefa Zaj\u0119\u0107&#8221;. Aby wzi\u0105\u0107 udzia\u0142, nale\u017cy za\u0142o\u017cy\u0107 indywidualne konto na tej platformie i dokona\u0107 rejestracji. Wpisowe wynosi 20 z\u0142. Warto si\u0119 pospieszy\u0107, bo liczba miejsc jest ograniczona, a zainteresowanie z pewno\u015bci\u0105 b\u0119dzie du\u017ce!<\/p>\n\n\n\n<p>Turniej organizowany jest z my\u015bl\u0105 o wszystkich fanach tej dynamicznej gry \u2013 zar\u00f3wno dla tych, kt\u00f3rzy dopiero zaczynaj\u0105 swoj\u0105 przygod\u0119 z rzutkami, jak i dla bardziej do\u015bwiadczonych zawodnik\u00f3w. To nie tylko sportowa rywalizacja, ale tak\u017ce \u015bwietna okazja do spotkania w gronie pasjonat\u00f3w i wsp\u00f3lnego sp\u0119dzenia czasu w emocjonuj\u0105cej atmosferze.<\/p>\n\n\n\n<p>Patronat medialny nad wydarzeniem obj\u0105\u0142 miesi\u0119cznik samorz\u0105dowy &#8222;Celestynka&#8221;, a organizacj\u0119 turnieju wspiera &#8222;Celes Dart Team&#8221;.<\/p>\n\n\n<div class=\"wp-block-image\">\n<figure class=\"aligncenter size-full\"><img loading=\"lazy\" decoding=\"async\" width=\"890\" height=\"501\" src=\"https:\/\/naszpowiat.info\/wp-content\/uploads\/2025\/04\/image-7.png\" alt=\"\" class=\"wp-image-8428\" srcset=\"https:\/\/naszpowiat.info\/wp-content\/uploads\/2025\/04\/image-7.png 890w, https:\/\/naszpowiat.info\/wp-content\/uploads\/2025\/04\/image-7-300x169.png 300w, https:\/\/naszpowiat.info\/wp-content\/uploads\/2025\/04\/image-7-768x432.png 768w, https:\/\/naszpowiat.info\/wp-content\/uploads\/2025\/04\/image-7-465x262.png 465w, https:\/\/naszpowiat.info\/wp-content\/uploads\/2025\/04\/image-7-695x391.png 695w\" sizes=\"auto, (max-width: 890px) 100vw, 890px\" \/><figcaption class=\"wp-element-caption\">Fot. celestynow.pl<\/figcaption><\/figure>\n<\/div><div class=\"naszp-po-tresci\" id=\"naszp-786794424\"><script async src=\"\/\/pagead2.googlesyndication.com\/pagead\/js\/adsbygoogle.js?client=ca-pub-5304901113955943\" crossorigin=\"anonymous\"><\/script><ins class=\"adsbygoogle\" style=\"display:block;\" data-ad-client=\"ca-pub-5304901113955943\" \ndata-ad-slot=\"9226873542\" \ndata-ad-format=\"auto\"><\/ins>\n<script> \n(adsbygoogle = window.adsbygoogle || []).push({}); \n<\/script>\n<\/div>","protected":false},"excerpt":{"rendered":"<p>Mi\u0142o\u015bnicy darta, szykujcie si\u0119 na sportowe emocje! Ju\u017c 5 kwietnia o godzinie 12:00 w Hali Sportowej przy ul. prof. Hilarego Koprowskiego 2 w Celestynowie odb\u0119dzie si\u0119 czwarta edycja Turnieju Darta pod Patronatem W\u00f3jt Gminy Celestyn\u00f3w. To doskona\u0142a okazja, by sprawdzi\u0107 swoje umiej\u0119tno\u015bci, zmierzy\u0107 si\u0119 z innymi zawodnikami i zawalczy\u0107 o<span class=\"more-link\"><a href=\"https:\/\/naszpowiat.info\/index.php\/2025\/04\/04\/iv-turniej-darta-w-celestynowie\/\">Czytaj dalej<\/a><\/span><\/p>\n","protected":false},"author":9,"featured_media":8428,"comment_status":"open","ping_status":"open","sticky":false,"template":"","format":"standard","meta":{"_monsterinsights_skip_tracking":false,"_monsterinsights_sitenote_active":false,"_monsterinsights_sitenote_note":"","_monsterinsights_sitenote_category":0,"footnotes":""},"categories":[123,70,28,36,31,166,157,59],"tags":[404,1026,207,148,138,1028,1027,935],"class_list":["entry","author-admin","post-8427","post","type-post","status-publish","format-standard","has-post-thumbnail","category-aktualnosci","category-celestynow","category-dla-mieszkanca","category-otwocki","category-powiaty-mazowieckiego","category-rekreacja","category-sport","category-wydarzenia","tag-celestynow","tag-dart","tag-kultura","tag-otwock","tag-sport","tag-turniej-darta","tag-wydarzenie-sportowe","tag-zawody"],"aioseo_notices":[],"_links":{"self":[{"href":"https:\/\/naszpowiat.info\/index.php\/wp-json\/wp\/v2\/posts\/8427","targetHints":{"allow":["GET"]}}],"collection":[{"href":"https:\/\/naszpowiat.info\/index.php\/wp-json\/wp\/v2\/posts"}],"about":[{"href":"https:\/\/naszpowiat.info\/index.php\/wp-json\/wp\/v2\/types\/post"}],"author":[{"embeddable":true,"href":"https:\/\/naszpowiat.info\/index.php\/wp-json\/wp\/v2\/users\/9"}],"replies":[{"embeddable":true,"href":"https:\/\/naszpowiat.info\/index.php\/wp-json\/wp\/v2\/comments?post=8427"}],"version-history":[{"count":1,"href":"https:\/\/naszpowiat.info\/index.php\/wp-json\/wp\/v2\/posts\/8427\/revisions"}],"predecessor-version":[{"id":8429,"href":"https:\/\/naszpowiat.info\/index.php\/wp-json\/wp\/v2\/posts\/8427\/revisions\/8429"}],"wp:featuredmedia":[{"embeddable":true,"href":"https:\/\/naszpowiat.info\/index.php\/wp-json\/wp\/v2\/media\/8428"}],"wp:attachment":[{"href":"https:\/\/naszpowiat.info\/index.php\/wp-json\/wp\/v2\/media?parent=8427"}],"wp:term":[{"taxonomy":"category","embeddable":true,"href":"https:\/\/naszpowiat.info\/index.php\/wp-json\/wp\/v2\/categories?post=8427"},{"taxonomy":"post_tag","embeddable":true,"href":"https:\/\/naszpowiat.info\/index.php\/wp-json\/wp\/v2\/tags?post=8427"}],"curies":[{"name":"wp","href":"https:\/\/api.w.org\/{rel}","templated":true}]}}