{"id":8355,"date":"2025-03-28T12:51:12","date_gmt":"2025-03-28T12:51:12","guid":{"rendered":"https:\/\/naszpowiat.info\/?p=8355"},"modified":"2025-03-28T12:51:13","modified_gmt":"2025-03-28T12:51:13","slug":"nowe-trasy-rowerowe-w-powiecie-pruszkowskim","status":"publish","type":"post","link":"https:\/\/naszpowiat.info\/index.php\/2025\/03\/28\/nowe-trasy-rowerowe-w-powiecie-pruszkowskim\/","title":{"rendered":"Nowe trasy rowerowe w Powiecie Pruszkowskim!"},"content":{"rendered":"\n<p>Podpisano projekt umowy na \u201eRozw\u00f3j mobilno\u015bci miejskiej poprzez budow\u0119 tras rowerowych w gminach powiatu grodziskiego i pruszkowskiego&#8221;. To wa\u017cny krok w stron\u0119 nowoczesnej, ekologicznej komunikacji w regionie. W wydarzeniu uczestniczy\u0142 Starosta Pruszkowski, Adrian Ejssymont.<\/p>\n\n\n\n<p>Projekt jest realizowany we wsp\u00f3\u0142pracy z Gminami: Grodzisk Mazowiecki (pe\u0142ni\u0105cym rol\u0119 lidera), Brwin\u00f3w, Micha\u0142owice oraz Powiatem Grodziskim. Jego g\u0142\u00f3wnym celem jest poprawa jako\u015bci powietrza poprzez ograniczenie emisji spalin generowanych przez transport indywidualny. W\u015br\u00f3d szczeg\u00f3\u0142owych za\u0142o\u017ce\u0144 znajduj\u0105 si\u0119 tak\u017ce:<\/p>\n\n\n\n<p>Redukcja emisji CO\u2082 i py\u0142\u00f3w zawieszonych PM10, zmniejszenie poziomu ha\u0142asu komunikacyjnego, ograniczenie nat\u0119\u017cenia ruchu samochodowego oraz promowanie alternatywnych \u015brodk\u00f3w transportu \u2013 w szczeg\u00f3lno\u015bci rower\u00f3w i komunikacji zbiorowej. Dzi\u0119ki temu projekt przyczyni si\u0119 do zwi\u0119kszenia sp\u00f3jno\u015bci transportowej w regionie oraz poprawy bezpiecze\u0144stwa rowerzyst\u00f3w.<\/p>\n\n\n\n<p>Mieszka\u0144cy powiatu ju\u017c teraz mog\u0105 korzysta\u0107 z nowoczesnych tras rowerowych na odcinku od skrzy\u017cowania z ul. Parkow\u0105 do granicy Gminy Micha\u0142owice, biegn\u0105cym wzd\u0142u\u017c drogi powiatowej nr 3115W (ul. Soko\u0142owska). Kolejne \u015bcie\u017cki powsta\u0142y w Brwinowie \u2013 na ul. Lilpopa, pomi\u0119dzy ulicami Wilsona i Borkow\u0105.<\/p>\n\n\n\n<p>Nowe trasy, kt\u00f3rych budowa zako\u0144czy si\u0119 do ko\u0144ca 2026 roku, obejm\u0105:<\/p>\n\n\n\n<ul class=\"wp-block-list\">\n<li>Gmin\u0119 Brwin\u00f3w \u2013 m.in. drog\u0119 powiatow\u0105 nr 4108W Brwin\u00f3w \u2013 Kotowice oraz drog\u0119 nr 1509W Czubin \u2013 Mil\u0119cin (od nowoprojektowanego ronda do mostu na rzece Rokitnicy). Koszt inwestycji w tej cz\u0119\u015bci zostanie w 25% pokryty przez Powiat Pruszkowski, zgodnie z zawartym porozumieniem z gmin\u0105.<\/li>\n\n\n\n<li>Gmin\u0119 Micha\u0142owice \u2013 tras\u0119 od ul. Z\u0142otej Rybki w Regu\u0142ach do ul. Dworcowej w Micha\u0142owicach (obecnie w trakcie realizacji).<\/li>\n\n\n\n<li>\u017b\u00f3\u0142win \u2013 \u015bcie\u017ck\u0119 wzd\u0142u\u017c ul. M\u0142ochowskiej, od ul. Po\u0142udniowej do granicy z Gmin\u0105 Nadarzyn.<\/li>\n<\/ul>\n\n\n\n<p>Dofinansowanie ze \u015brodk\u00f3w Unii Europejskiej wynosi 2 726 992,80 z\u0142, przy ca\u0142kowitej warto\u015bci inwestycji si\u0119gaj\u0105cej 13 961 157,61 z\u0142. Dzi\u0119ki tej inicjatywie mieszka\u0144cy zyskaj\u0105 wygodne i ekologiczne alternatywy transportowe, kt\u00f3re poprawi\u0105 komfort podr\u00f3\u017cowania oraz jako\u015b\u0107 \u017cycia w regionie.<\/p>\n\n\n<div class=\"wp-block-image\">\n<figure class=\"aligncenter size-large\"><img loading=\"lazy\" decoding=\"async\" width=\"1024\" height=\"432\" src=\"https:\/\/naszpowiat.info\/wp-content\/uploads\/2025\/03\/image-53-1024x432.png\" alt=\"\" class=\"wp-image-8356\" srcset=\"https:\/\/naszpowiat.info\/wp-content\/uploads\/2025\/03\/image-53-1024x432.png 1024w, https:\/\/naszpowiat.info\/wp-content\/uploads\/2025\/03\/image-53-300x127.png 300w, https:\/\/naszpowiat.info\/wp-content\/uploads\/2025\/03\/image-53-768x324.png 768w, https:\/\/naszpowiat.info\/wp-content\/uploads\/2025\/03\/image-53-465x196.png 465w, https:\/\/naszpowiat.info\/wp-content\/uploads\/2025\/03\/image-53-695x293.png 695w, https:\/\/naszpowiat.info\/wp-content\/uploads\/2025\/03\/image-53.png 1460w\" sizes=\"auto, (max-width: 1024px) 100vw, 1024px\" \/><figcaption class=\"wp-element-caption\">Fot. Powiat Pruszkowski<\/figcaption><\/figure>\n<\/div><div class=\"naszp-po-tresci\" id=\"naszp-2739721974\"><script async src=\"\/\/pagead2.googlesyndication.com\/pagead\/js\/adsbygoogle.js?client=ca-pub-5304901113955943\" crossorigin=\"anonymous\"><\/script><ins class=\"adsbygoogle\" style=\"display:block;\" data-ad-client=\"ca-pub-5304901113955943\" \ndata-ad-slot=\"9226873542\" \ndata-ad-format=\"auto\"><\/ins>\n<script> \n(adsbygoogle = window.adsbygoogle || []).push({}); \n<\/script>\n<\/div>","protected":false},"excerpt":{"rendered":"<p>Podpisano projekt umowy na \u201eRozw\u00f3j mobilno\u015bci miejskiej poprzez budow\u0119 tras rowerowych w gminach powiatu grodziskiego i pruszkowskiego&#8221;. To wa\u017cny krok w stron\u0119 nowoczesnej, ekologicznej komunikacji w regionie. W wydarzeniu uczestniczy\u0142 Starosta Pruszkowski, Adrian Ejssymont. Projekt jest realizowany we wsp\u00f3\u0142pracy z Gminami: Grodzisk Mazowiecki (pe\u0142ni\u0105cym rol\u0119 lidera), Brwin\u00f3w, Micha\u0142owice oraz Powiatem<span class=\"more-link\"><a href=\"https:\/\/naszpowiat.info\/index.php\/2025\/03\/28\/nowe-trasy-rowerowe-w-powiecie-pruszkowskim\/\">Czytaj dalej<\/a><\/span><\/p>\n","protected":false},"author":9,"featured_media":8356,"comment_status":"open","ping_status":"open","sticky":false,"template":"","format":"standard","meta":{"_monsterinsights_skip_tracking":false,"_monsterinsights_sitenote_active":false,"_monsterinsights_sitenote_note":"","_monsterinsights_sitenote_category":0,"footnotes":""},"categories":[123,68,186,28,183,127,99,103,38,31,166,187,59],"tags":[1008,126,207,780,309,138,339,1007,290],"class_list":["entry","author-admin","post-8355","post","type-post","status-publish","format-standard","has-post-thumbnail","category-aktualnosci","category-brwinow","category-budzet","category-dla-mieszkanca","category-infrastruktura","category-inwestycje","category-michalowice","category-nadarzyn","category-pruszkowski","category-powiaty-mazowieckiego","category-rekreacja","category-samorzad","category-wydarzenia","tag-infrastruktura-rowerowa","tag-inwestycje","tag-kultura","tag-pruszkowski","tag-samorzad","tag-sport","tag-transport","tag-trasy-rowerowe","tag-wydarzenia"],"aioseo_notices":[],"_links":{"self":[{"href":"https:\/\/naszpowiat.info\/index.php\/wp-json\/wp\/v2\/posts\/8355","targetHints":{"allow":["GET"]}}],"collection":[{"href":"https:\/\/naszpowiat.info\/index.php\/wp-json\/wp\/v2\/posts"}],"about":[{"href":"https:\/\/naszpowiat.info\/index.php\/wp-json\/wp\/v2\/types\/post"}],"author":[{"embeddable":true,"href":"https:\/\/naszpowiat.info\/index.php\/wp-json\/wp\/v2\/users\/9"}],"replies":[{"embeddable":true,"href":"https:\/\/naszpowiat.info\/index.php\/wp-json\/wp\/v2\/comments?post=8355"}],"version-history":[{"count":1,"href":"https:\/\/naszpowiat.info\/index.php\/wp-json\/wp\/v2\/posts\/8355\/revisions"}],"predecessor-version":[{"id":8357,"href":"https:\/\/naszpowiat.info\/index.php\/wp-json\/wp\/v2\/posts\/8355\/revisions\/8357"}],"wp:featuredmedia":[{"embeddable":true,"href":"https:\/\/naszpowiat.info\/index.php\/wp-json\/wp\/v2\/media\/8356"}],"wp:attachment":[{"href":"https:\/\/naszpowiat.info\/index.php\/wp-json\/wp\/v2\/media?parent=8355"}],"wp:term":[{"taxonomy":"category","embeddable":true,"href":"https:\/\/naszpowiat.info\/index.php\/wp-json\/wp\/v2\/categories?post=8355"},{"taxonomy":"post_tag","embeddable":true,"href":"https:\/\/naszpowiat.info\/index.php\/wp-json\/wp\/v2\/tags?post=8355"}],"curies":[{"name":"wp","href":"https:\/\/api.w.org\/{rel}","templated":true}]}}