{"id":8281,"date":"2025-03-21T13:37:49","date_gmt":"2025-03-21T13:37:49","guid":{"rendered":"https:\/\/naszpowiat.info\/?p=8281"},"modified":"2025-03-21T13:37:50","modified_gmt":"2025-03-21T13:37:50","slug":"festiwal-smakow-food-truckow-w-grodzisku-mazowieckim","status":"publish","type":"post","link":"https:\/\/naszpowiat.info\/index.php\/2025\/03\/21\/festiwal-smakow-food-truckow-w-grodzisku-mazowieckim\/","title":{"rendered":"Festiwal Smak\u00f3w Food Truck\u00f3w w Grodzisku Mazowieckim!"},"content":{"rendered":"\n<p>W najbli\u017cszy weekend mi\u0142o\u015bnicy dobrej kuchni powinni zarezerwowa\u0107 sobie czas, poniewa\u017c parking przy Parku im. hr. Skarbk\u00f3w w Grodzisku Mazowieckim zamieni si\u0119 w prawdziwy raj dla smakoszy. 22 i 23 marca odb\u0119dzie si\u0119 Festiwal Smak\u00f3w Food Truck\u00f3w \u2013 wydarzenie, kt\u00f3re od lat przyci\u0105ga t\u0142umy spragnione wyj\u0105tkowych dozna\u0144 kulinarnych. Na uczestnik\u00f3w czeka 16 starannie wyselekcjonowanych food truck\u00f3w, serwuj\u0105cych potrawy inspirowane kuchniami z r\u00f3\u017cnych stron \u015bwiata. To doskona\u0142a okazja, by w jednym miejscu skosztowa\u0107 smak\u00f3w Azji, Europy, Ameryki i Bliskiego Wschodu.<\/p>\n\n\n\n<p>Na festiwalu nie zabraknie kultowych burger\u00f3w od <strong>Top Burgery<\/strong> i <strong>Burger Shop<\/strong>, mi\u0142o\u015bnicy kuchni azjatyckiej b\u0119d\u0105 mogli spr\u00f3bowa\u0107 piero\u017ck\u00f3w z <strong>The Dumplings<\/strong> czy aromatycznego pad thaia z <strong>ThaiFun Pad Thai<\/strong>. Wielbiciele kuchni gruzi\u0144skiej znajd\u0105 co\u015b dla siebie w food trucku <strong>Gruzin<\/strong>, a greckie specja\u0142y serwowa\u0107 b\u0119dzie <strong>Mythos<\/strong>. Fani ostrzejszych smak\u00f3w powinni odwiedzi\u0107 <strong>Jakie Taco?!<\/strong>, kt\u00f3re zachwyci autentycznymi meksyka\u0144skimi przysmakami, a dla tych, kt\u00f3rzy lubi\u0105 tex-mex, idealnym wyborem b\u0119dzie <strong>Wheel Meal<\/strong>. W\u015br\u00f3d s\u0142odkich propozycji na szczeg\u00f3ln\u0105 uwag\u0119 zas\u0142uguj\u0105 chrupi\u0105ce <strong>Churros Amigos<\/strong>, ameryka\u0144skie donuty z <strong>Fresh Donuts<\/strong> oraz soczyste owoce w czekoladzie od <strong>Fragola<\/strong>. Nie zabraknie tak\u017ce klasycznych belgijskich frytek od <strong>Belgijki<\/strong> oraz oryginalnych wenezuelskich arepas od <strong>Arepas<\/strong>. Dla mi\u0142o\u015bnik\u00f3w klasycznych polskich zapiekanek swoje specja\u0142y przygotuje <strong>Fabryczka Zapiekanek<\/strong>, a <strong>Food Cab<\/strong> zaserwuje pyszne zapiekane bu\u0142ki. Wielbiciele da\u0144 z kurczakiem b\u0119d\u0105 mogli spr\u00f3bowa\u0107 burger\u00f3w i wrap\u00f3w z <strong>Chicken Vibe<\/strong>.<\/p>\n\n\n\n<p>Poza kulinarnymi doznaniami organizatorzy przygotowali r\u00f3wnie\u017c dodatkowe atrakcje, kt\u00f3re umil\u0105 czas wszystkim uczestnikom. Na terenie festiwalu znajdzie si\u0119 <strong>strefa relaksu<\/strong>, gdzie b\u0119dzie mo\u017cna odpocz\u0105\u0107 i delektowa\u0107 si\u0119 posi\u0142kiem w komfortowych warunkach. Dla najm\u0142odszych przygotowano <strong>stref\u0119 zabaw<\/strong>, w kt\u00f3rej czeka\u0107 b\u0119d\u0105 dmucha\u0144ce, kolorowanki i inne atrakcje. Nie zabraknie tak\u017ce <strong>konkurs\u00f3w z nagrodami<\/strong>, kt\u00f3re dostarcz\u0105 dodatkowej dawki emocji i dobrej zabawy.<\/p>\n\n\n\n<p>Festiwal Smak\u00f3w Food Truck\u00f3w odb\u0119dzie si\u0119 <strong>22 i 23 marca 2024 roku<\/strong>. W sobot\u0119 food trucki b\u0119d\u0105 serwowa\u0107 swoje specja\u0142y od <strong>12:00 do 21:00<\/strong>, natomiast w niedziel\u0119 od <strong>12:00 do 20:00<\/strong>. Wst\u0119p na wydarzenie jest <strong>bezp\u0142atny<\/strong>, co czyni je jeszcze bardziej atrakcyjnym dla wszystkich, kt\u00f3rzy chc\u0105 sp\u0119dzi\u0107 weekend w wyj\u0105tkowy spos\u00f3b.<\/p>\n\n\n\n<p>Wi\u0119cej informacji o festiwalu mo\u017cna znale\u017a\u0107 na stronie wydarzenia: <a href=\"facebook.com\/events\/1570172597718535\">facebook.com\/events\/1570172597718535<\/a>.<\/p>\n\n\n<div class=\"wp-block-image\">\n<figure class=\"aligncenter size-large\"><img loading=\"lazy\" decoding=\"async\" width=\"1024\" height=\"576\" src=\"https:\/\/naszpowiat.info\/wp-content\/uploads\/2025\/03\/image-39-1024x576.png\" alt=\"\" class=\"wp-image-8282\" srcset=\"https:\/\/naszpowiat.info\/wp-content\/uploads\/2025\/03\/image-39-1024x576.png 1024w, https:\/\/naszpowiat.info\/wp-content\/uploads\/2025\/03\/image-39-300x169.png 300w, https:\/\/naszpowiat.info\/wp-content\/uploads\/2025\/03\/image-39-768x432.png 768w, https:\/\/naszpowiat.info\/wp-content\/uploads\/2025\/03\/image-39-1536x864.png 1536w, https:\/\/naszpowiat.info\/wp-content\/uploads\/2025\/03\/image-39-465x262.png 465w, https:\/\/naszpowiat.info\/wp-content\/uploads\/2025\/03\/image-39-695x391.png 695w, https:\/\/naszpowiat.info\/wp-content\/uploads\/2025\/03\/image-39.png 1920w\" sizes=\"auto, (max-width: 1024px) 100vw, 1024px\" \/><figcaption class=\"wp-element-caption\">Fot. Festiwal Smak\u00f3w Food Truck\u00f3w \/ facebook<\/figcaption><\/figure>\n<\/div><div class=\"naszp-po-tresci\" id=\"naszp-1685041112\"><script async src=\"\/\/pagead2.googlesyndication.com\/pagead\/js\/adsbygoogle.js?client=ca-pub-5304901113955943\" crossorigin=\"anonymous\"><\/script><ins class=\"adsbygoogle\" style=\"display:block;\" data-ad-client=\"ca-pub-5304901113955943\" \ndata-ad-slot=\"9226873542\" \ndata-ad-format=\"auto\"><\/ins>\n<script> \n(adsbygoogle = window.adsbygoogle || []).push({}); \n<\/script>\n<\/div>","protected":false},"excerpt":{"rendered":"<p>W najbli\u017cszy weekend mi\u0142o\u015bnicy dobrej kuchni powinni zarezerwowa\u0107 sobie czas, poniewa\u017c parking przy Parku im. hr. Skarbk\u00f3w w Grodzisku Mazowieckim zamieni si\u0119 w prawdziwy raj dla smakoszy. 22 i 23 marca odb\u0119dzie si\u0119 Festiwal Smak\u00f3w Food Truck\u00f3w \u2013 wydarzenie, kt\u00f3re od lat przyci\u0105ga t\u0142umy spragnione wyj\u0105tkowych dozna\u0144 kulinarnych. Na uczestnik\u00f3w<span class=\"more-link\"><a href=\"https:\/\/naszpowiat.info\/index.php\/2025\/03\/21\/festiwal-smakow-food-truckow-w-grodzisku-mazowieckim\/\">Czytaj dalej<\/a><\/span><\/p>\n","protected":false},"author":9,"featured_media":8282,"comment_status":"open","ping_status":"open","sticky":false,"template":"","format":"standard","meta":{"_monsterinsights_skip_tracking":false,"_monsterinsights_sitenote_active":false,"_monsterinsights_sitenote_note":"","_monsterinsights_sitenote_category":0,"footnotes":""},"categories":[123,28,76,30,32,31,166,59],"tags":[981,982,154,424,983,980,290],"class_list":["entry","author-admin","post-8281","post","type-post","status-publish","format-standard","has-post-thumbnail","category-aktualnosci","category-dla-mieszkanca","category-grodzisk-mazowiecki","category-kultura","category-grodziski","category-powiaty-mazowieckiego","category-rekreacja","category-wydarzenia","tag-festiwal-jedzenia","tag-food-trucki","tag-grodzisk-mazowiecki","tag-grodziski","tag-kuchnie-swiata","tag-street-food","tag-wydarzenia"],"aioseo_notices":[],"_links":{"self":[{"href":"https:\/\/naszpowiat.info\/index.php\/wp-json\/wp\/v2\/posts\/8281","targetHints":{"allow":["GET"]}}],"collection":[{"href":"https:\/\/naszpowiat.info\/index.php\/wp-json\/wp\/v2\/posts"}],"about":[{"href":"https:\/\/naszpowiat.info\/index.php\/wp-json\/wp\/v2\/types\/post"}],"author":[{"embeddable":true,"href":"https:\/\/naszpowiat.info\/index.php\/wp-json\/wp\/v2\/users\/9"}],"replies":[{"embeddable":true,"href":"https:\/\/naszpowiat.info\/index.php\/wp-json\/wp\/v2\/comments?post=8281"}],"version-history":[{"count":1,"href":"https:\/\/naszpowiat.info\/index.php\/wp-json\/wp\/v2\/posts\/8281\/revisions"}],"predecessor-version":[{"id":8283,"href":"https:\/\/naszpowiat.info\/index.php\/wp-json\/wp\/v2\/posts\/8281\/revisions\/8283"}],"wp:featuredmedia":[{"embeddable":true,"href":"https:\/\/naszpowiat.info\/index.php\/wp-json\/wp\/v2\/media\/8282"}],"wp:attachment":[{"href":"https:\/\/naszpowiat.info\/index.php\/wp-json\/wp\/v2\/media?parent=8281"}],"wp:term":[{"taxonomy":"category","embeddable":true,"href":"https:\/\/naszpowiat.info\/index.php\/wp-json\/wp\/v2\/categories?post=8281"},{"taxonomy":"post_tag","embeddable":true,"href":"https:\/\/naszpowiat.info\/index.php\/wp-json\/wp\/v2\/tags?post=8281"}],"curies":[{"name":"wp","href":"https:\/\/api.w.org\/{rel}","templated":true}]}}