{"id":8278,"date":"2025-03-21T13:32:46","date_gmt":"2025-03-21T13:32:46","guid":{"rendered":"https:\/\/naszpowiat.info\/?p=8278"},"modified":"2025-03-21T13:33:17","modified_gmt":"2025-03-21T13:33:17","slug":"same-judo-podbija-maty-5-turniejow-5-miast-dziesiatki-medali","status":"publish","type":"post","link":"https:\/\/naszpowiat.info\/index.php\/2025\/03\/21\/same-judo-podbija-maty-5-turniejow-5-miast-dziesiatki-medali\/","title":{"rendered":"Same Judo podbija maty! 5 turniej\u00f3w, 5 miast, dziesi\u0105tki medali!"},"content":{"rendered":"\n<p>Zawodnicy <strong>Same Judo<\/strong> nie zwalniaj\u0105 tempa! Miniony weekend to a\u017c <strong>pi\u0119\u0107 turniej\u00f3w w pi\u0119ciu r\u00f3\u017cnych miejscach<\/strong>, setki stoczonych pojedynk\u00f3w i dziesi\u0105tki zdobytych medali. Od presti\u017cowego Ostrawa Judo Open, przez Puchar Europy w Chorwacji, Akademickie Mistrzostwa Polski, Eliminacje do Mistrzostw Polski Kadet\u00f3w, a\u017c po Og\u00f3lnopolski Turniej w Mszczonowie \u2013 nasi judocy walczyli na najwy\u017cszym poziomie, udowadniaj\u0105c, \u017ce nale\u017c\u0105 do krajowej i mi\u0119dzynarodowej czo\u0142\u00f3wki.<\/p>\n\n\n\n<h3 class=\"wp-block-heading\"><strong>Ostrawa Judo Open \u2013 15 marca 2024<\/strong><\/h3>\n\n\n\n<p>Ponad <strong>1200 zawodnik\u00f3w<\/strong>, setki emocjonuj\u0105cych walk i <strong>13 reprezentant\u00f3w Same Judo<\/strong>, kt\u00f3rzy stan\u0119li do rywalizacji z najlepszymi. Ostrawa Judo Open to jedno z najtrudniejszych wyzwa\u0144 sezonu, gdzie wysoki poziom obsady sprawia, \u017ce nawet kilka zwyci\u0119stw nie gwarantuje miejsca w strefie medalowej.<\/p>\n\n\n\n<p>Pomimo wymagaj\u0105cej rywalizacji nasi zawodnicy pokazali ogromn\u0105 determinacj\u0119 i talent, zdobywaj\u0105c <strong>siedem medali<\/strong> i pierwsze miejsce w klasyfikacji dru\u017cynowej kategorii U14.<\/p>\n\n\n\n<p>Z\u0142ote medale wywalczyli Bart\u0142omiej Soko\u0142owski, Pola \u017bo\u0142nierowicz oraz Jan Handel. Srebrne kr\u0105\u017cki trafi\u0142y do Wiktora Handla, Mieszka Sadkowskiego i Huberta Dadsi, natomiast br\u0105zowy medal zdoby\u0142a Hanna Zam\u0119cka. Wysokie, punktowane miejsca zaj\u0119li r\u00f3wnie\u017c Yelyzaveta Toderenchuk oraz Izabela Siadkowska (pi\u0105te miejsce), a tak\u017ce Maciej Jankowski, Marcelina Wala i Agata Str\u0105k (si\u00f3dme miejsce).<\/p>\n\n\n\n<p>Ka\u017cdy z naszych zawodnik\u00f3w da\u0142 z siebie wszystko, a wyniki te pokazuj\u0105, \u017ce <strong>Same Judo nale\u017cy do \u015bcis\u0142ej europejskiej czo\u0142\u00f3wki<\/strong> w swoich kategoriach wiekowych.<\/p>\n\n\n\n<h3 class=\"wp-block-heading\"><strong>Puchar Europy w Pore\u010du \u2013 15 marca 2024<\/strong><\/h3>\n\n\n\n<p>Tego samego dnia w Chorwacji toczy\u0142y si\u0119 zmagania w ramach Pucharu Europy, gdzie <strong>Bartek Dobrowolski<\/strong> zanotowa\u0142 \u015bwietny wyst\u0119p, zajmuj\u0105c <strong>pi\u0105te miejsce<\/strong>.<\/p>\n\n\n\n<p>Jego droga do czo\u0142owej pi\u0105tki by\u0142a pe\u0142na emocji. Po wolnym losie w pierwszej rundzie, w kolejnych walkach pokona\u0142 Hiszpana, Francuza oraz reprezentanta Izraela. W p\u00f3\u0142finale uleg\u0142 Serbowi w kontrowersyjnych okoliczno\u015bciach, a w walce o br\u0105z przegra\u0142 z kolejnym rywalem z Hiszpanii.<\/p>\n\n\n\n<p>Mimo braku medalu Bartek zaprezentowa\u0142 <strong>fantastyczne judo<\/strong> i pokaza\u0142, \u017ce nale\u017cy do najlepszych zawodnik\u00f3w w swojej kategorii. Teraz pozostaje w Chorwacji, gdzie b\u0119dzie kontynuowa\u0142 przygotowania podczas mi\u0119dzynarodowego campu.<\/p>\n\n\n\n<h3 class=\"wp-block-heading\"><strong>Akademickie Mistrzostwa Polski \u2013 16 marca 2025<\/strong><\/h3>\n\n\n\n<p>\u015awietny wyst\u0119p zanotowa\u0142 tak\u017ce <strong>Mateusz Wa\u0107ko<\/strong>, kt\u00f3ry zdoby\u0142 <strong>br\u0105zowy medal<\/strong> na Akademickich Mistrzostwach Polski w Bia\u0142ymstoku.<\/p>\n\n\n\n<p>To kolejne trofeum w jego bogatej kolekcji. Po medalach Mistrzostw Polski w kategoriach m\u0142odzik\u00f3w, junior\u00f3w m\u0142odszych oraz junior\u00f3w, tym razem udowodni\u0142 swoj\u0105 klas\u0119 w rywalizacji akademickiej. Mateusz, jako student SGH w Warszawie, pokazuje, \u017ce <strong>mo\u017cna \u0142\u0105czy\u0107 sport na najwy\u017cszym poziomie z edukacj\u0105 na presti\u017cowej uczelni<\/strong>.<\/p>\n\n\n\n<h3 class=\"wp-block-heading\"><strong>Eliminacje do Mistrzostw Polski Kadet\u00f3w \u2013 16 marca 2025<\/strong><\/h3>\n\n\n\n<p>Nasi zawodnicy zdominowali r\u00f3wnie\u017c Eliminacje do Og\u00f3lnopolskiej Olimpiady M\u0142odzie\u017cy, zdobywaj\u0105c <strong>a\u017c 12 medali<\/strong> i zapewniaj\u0105c sobie kwalifikacj\u0119 do Mistrzostw Polski Kadet\u00f3w, kt\u00f3re odb\u0119d\u0105 si\u0119 <strong>25 kwietnia w Bia\u0142ymstoku<\/strong>.<\/p>\n\n\n\n<p>Z\u0142ote medale zdobyli Koshelev Yegor, Kami\u0144ski Tomasz i Brysiak Rafa\u0142. Srebro wywalczyli Wodzy\u0144ski Leon i Sikorski Antoni, natomiast br\u0105zowe medale trafi\u0142y do Kononiuk Karoliny, Cibor Olgi, Zieli\u0144skiej Niny, Perz Pauliny, Papaj Julii, Jachymek Liliany oraz Wycech Wiktorii.<\/p>\n\n\n\n<p>To <strong>efekt ci\u0119\u017ckiej pracy, niez\u0142omnego charakteru i ogromnej determinacji<\/strong>, kt\u00f3ra doprowadzi\u0142a naszych judok\u00f3w do kolejnego sukcesu. Teraz czas na przygotowania do fina\u0142owej rywalizacji w Bia\u0142ymstoku.<\/p>\n\n\n\n<h3 class=\"wp-block-heading\"><strong>Og\u00f3lnopolski Turniej Judo w Mszczonowie \u2013 16 marca 2025<\/strong><\/h3>\n\n\n\n<p>Na koniec tego intensywnego weekendu <strong>66 zawodnik\u00f3w Same Judo<\/strong> wzi\u0119\u0142o udzia\u0142 w towarzyskim turnieju w Mszczonowie. W zawodach wystartowa\u0142o <strong>niemal 400 judok\u00f3w z 31 klub\u00f3w<\/strong> z ca\u0142ej Polski, a rywalizacja toczy\u0142a si\u0119 w kategoriach U9, U11, U13 i U15.<\/p>\n\n\n\n<p>Dla wielu naszych sportowc\u00f3w by\u0142 to <strong>pierwszy oficjalny start<\/strong>, co czyni ich osi\u0105gni\u0119cia jeszcze bardziej imponuj\u0105cymi. Same Judo zdoby\u0142o <strong>\u0142\u0105cznie 33 medale<\/strong> \u2013 12 z\u0142otych, 11 srebrnych i 10 br\u0105zowych, co zapewni\u0142o nam <strong>pierwsze miejsce w klasyfikacji medalowej dru\u017cyn<\/strong>.<\/p>\n\n\n\n<p>To kolejny dow\u00f3d na to, \u017ce nasza praca przynosi efekty, a m\u0142odzi judocy maj\u0105 przed sob\u0105 \u015bwietlan\u0105 przysz\u0142o\u015b\u0107 w tym sporcie.<\/p>\n\n\n<div class=\"wp-block-image\">\n<figure class=\"aligncenter size-large\"><img loading=\"lazy\" decoding=\"async\" width=\"1024\" height=\"478\" src=\"https:\/\/naszpowiat.info\/wp-content\/uploads\/2025\/03\/image-38-1024x478.png\" alt=\"\" class=\"wp-image-8279\" srcset=\"https:\/\/naszpowiat.info\/wp-content\/uploads\/2025\/03\/image-38-1024x478.png 1024w, https:\/\/naszpowiat.info\/wp-content\/uploads\/2025\/03\/image-38-300x140.png 300w, https:\/\/naszpowiat.info\/wp-content\/uploads\/2025\/03\/image-38-768x359.png 768w, https:\/\/naszpowiat.info\/wp-content\/uploads\/2025\/03\/image-38-1536x717.png 1536w, https:\/\/naszpowiat.info\/wp-content\/uploads\/2025\/03\/image-38-2048x956.png 2048w, https:\/\/naszpowiat.info\/wp-content\/uploads\/2025\/03\/image-38-465x217.png 465w, https:\/\/naszpowiat.info\/wp-content\/uploads\/2025\/03\/image-38-695x325.png 695w\" sizes=\"auto, (max-width: 1024px) 100vw, 1024px\" \/><figcaption class=\"wp-element-caption\">Fot. zabki.pl<\/figcaption><\/figure>\n<\/div><div class=\"naszp-po-tresci\" id=\"naszp-2683199289\"><script async src=\"\/\/pagead2.googlesyndication.com\/pagead\/js\/adsbygoogle.js?client=ca-pub-5304901113955943\" crossorigin=\"anonymous\"><\/script><ins class=\"adsbygoogle\" style=\"display:block;\" data-ad-client=\"ca-pub-5304901113955943\" \ndata-ad-slot=\"9226873542\" \ndata-ad-format=\"auto\"><\/ins>\n<script> \n(adsbygoogle = window.adsbygoogle || []).push({}); \n<\/script>\n<\/div>","protected":false},"excerpt":{"rendered":"<p>Zawodnicy Same Judo nie zwalniaj\u0105 tempa! Miniony weekend to a\u017c pi\u0119\u0107 turniej\u00f3w w pi\u0119ciu r\u00f3\u017cnych miejscach, setki stoczonych pojedynk\u00f3w i dziesi\u0105tki zdobytych medali. Od presti\u017cowego Ostrawa Judo Open, przez Puchar Europy w Chorwacji, Akademickie Mistrzostwa Polski, Eliminacje do Mistrzostw Polski Kadet\u00f3w, a\u017c po Og\u00f3lnopolski Turniej w Mszczonowie \u2013 nasi judocy<span class=\"more-link\"><a href=\"https:\/\/naszpowiat.info\/index.php\/2025\/03\/21\/same-judo-podbija-maty-5-turniejow-5-miast-dziesiatki-medali\/\">Czytaj dalej<\/a><\/span><\/p>\n","protected":false},"author":9,"featured_media":8279,"comment_status":"open","ping_status":"open","sticky":false,"template":"","format":"standard","meta":{"_monsterinsights_skip_tracking":false,"_monsterinsights_sitenote_active":false,"_monsterinsights_sitenote_note":"","_monsterinsights_sitenote_category":0,"footnotes":""},"categories":[123,28,98,40,31,166,157,59,62],"tags":[263,207,879,978,138,290,130],"class_list":["entry","author-admin","post-8278","post","type-post","status-publish","format-standard","has-post-thumbnail","category-aktualnosci","category-dla-mieszkanca","category-marki","category-wolominski","category-powiaty-mazowieckiego","category-rekreacja","category-sport","category-wydarzenia","category-zabki-wolominski","tag-judo","tag-kultura","tag-mistrzostwa","tag-same-judo","tag-sport","tag-wydarzenia","tag-zabki"],"aioseo_notices":[],"_links":{"self":[{"href":"https:\/\/naszpowiat.info\/index.php\/wp-json\/wp\/v2\/posts\/8278","targetHints":{"allow":["GET"]}}],"collection":[{"href":"https:\/\/naszpowiat.info\/index.php\/wp-json\/wp\/v2\/posts"}],"about":[{"href":"https:\/\/naszpowiat.info\/index.php\/wp-json\/wp\/v2\/types\/post"}],"author":[{"embeddable":true,"href":"https:\/\/naszpowiat.info\/index.php\/wp-json\/wp\/v2\/users\/9"}],"replies":[{"embeddable":true,"href":"https:\/\/naszpowiat.info\/index.php\/wp-json\/wp\/v2\/comments?post=8278"}],"version-history":[{"count":1,"href":"https:\/\/naszpowiat.info\/index.php\/wp-json\/wp\/v2\/posts\/8278\/revisions"}],"predecessor-version":[{"id":8280,"href":"https:\/\/naszpowiat.info\/index.php\/wp-json\/wp\/v2\/posts\/8278\/revisions\/8280"}],"wp:featuredmedia":[{"embeddable":true,"href":"https:\/\/naszpowiat.info\/index.php\/wp-json\/wp\/v2\/media\/8279"}],"wp:attachment":[{"href":"https:\/\/naszpowiat.info\/index.php\/wp-json\/wp\/v2\/media?parent=8278"}],"wp:term":[{"taxonomy":"category","embeddable":true,"href":"https:\/\/naszpowiat.info\/index.php\/wp-json\/wp\/v2\/categories?post=8278"},{"taxonomy":"post_tag","embeddable":true,"href":"https:\/\/naszpowiat.info\/index.php\/wp-json\/wp\/v2\/tags?post=8278"}],"curies":[{"name":"wp","href":"https:\/\/api.w.org\/{rel}","templated":true}]}}