{"id":8274,"date":"2025-03-20T21:48:20","date_gmt":"2025-03-20T21:48:20","guid":{"rendered":"https:\/\/naszpowiat.info\/?p=8274"},"modified":"2025-03-20T21:49:54","modified_gmt":"2025-03-20T21:49:54","slug":"zelechowska-triada-biegowa-nocne-wyzwanie-dla-milosnikow-biegania","status":"publish","type":"post","link":"https:\/\/naszpowiat.info\/index.php\/2025\/03\/20\/zelechowska-triada-biegowa-nocne-wyzwanie-dla-milosnikow-biegania\/","title":{"rendered":"\u017belechowska Triada Biegowa \u2013 nocne wyzwanie dla mi\u0142o\u015bnik\u00f3w biegania!"},"content":{"rendered":"\n<p>Ju\u017c wkr\u00f3tce \u017belech\u00f3w stanie si\u0119 aren\u0105 sportowych zmaga\u0144 w ramach \u017belechowskiej Triady Biegowej! To wyj\u0105tkowe wydarzenie skierowane do wszystkich pasjonat\u00f3w biegania oraz aktywnego sp\u0119dzania czasu na \u015bwie\u017cym powietrzu. W ramach triady odb\u0119d\u0105 si\u0119 trzy biegi, a pierwszy z nich wystartuje ju\u017c w sobot\u0119, <strong>12 kwietnia 2025 r. o godz. 20:00<\/strong>. Nocna rywalizacja b\u0119dzie niepowtarzaln\u0105 okazj\u0105 do przetestowania swoich si\u0142 w zupe\u0142nie innej scenerii i atmosferze.<\/p>\n\n\n\n<p>Organizatorzy zadbali o profesjonaln\u0105 obs\u0142ug\u0119, precyzyjny pomiar czasu oraz atrakcyjne nagrody. Ka\u017cdy uczestnik otrzyma pami\u0105tkowy medal, a najlepsi zawodnicy i zawodniczki zostan\u0105 uhonorowani dyplomami. Niezale\u017cnie od poziomu zaawansowania \u2013 czy jeste\u015b do\u015bwiadczonym biegaczem, czy dopiero zaczynasz swoj\u0105 przygod\u0119 z tym sportem \u2013 to wydarzenie jest dla Ciebie!<\/p>\n\n\n\n<p>Nie przegap okazji, by poczu\u0107 emocje sportowej rywalizacji i do\u0142\u0105czy\u0107 do biegowej spo\u0142eczno\u015bci \u017belechowa. Zapisy na bieg g\u0142\u00f3wny oraz nordic walking s\u0105 ju\u017c otwarte. Mo\u017cna zg\u0142osi\u0107 sw\u00f3j udzia\u0142 poprzez stron\u0119: <strong><a href=\"https:\/\/dostartu.pl\/i-zelechowska-nocna-piatka-m13775\">https:\/\/dostartu.pl\/i-zelechowska-nocna-piatka-m13775<\/a><\/strong>.<\/p>\n\n\n\n<p>Zach\u0119camy r\u00f3wnie\u017c do \u015bledzenia naszego profilu na Facebooku <strong>\u201e\u017belech\u00f3w Aktywni Sportowo\u201d<\/strong>, gdzie znajdziecie najnowsze informacje na temat Triady oraz innych sportowych inicjatyw.<\/p>\n\n\n\n<p><strong>Udzia\u0142 w wydarzeniu jest ca\u0142kowicie bezp\u0142atny!<\/strong><\/p>\n\n\n<div class=\"wp-block-image\">\n<figure class=\"aligncenter size-large\"><img loading=\"lazy\" decoding=\"async\" width=\"724\" height=\"1024\" src=\"https:\/\/naszpowiat.info\/wp-content\/uploads\/2025\/03\/image-37-724x1024.png\" alt=\"\" class=\"wp-image-8275\" srcset=\"https:\/\/naszpowiat.info\/wp-content\/uploads\/2025\/03\/image-37-724x1024.png 724w, https:\/\/naszpowiat.info\/wp-content\/uploads\/2025\/03\/image-37-212x300.png 212w, https:\/\/naszpowiat.info\/wp-content\/uploads\/2025\/03\/image-37-768x1086.png 768w, https:\/\/naszpowiat.info\/wp-content\/uploads\/2025\/03\/image-37-389x550.png 389w, https:\/\/naszpowiat.info\/wp-content\/uploads\/2025\/03\/image-37-354x500.png 354w, https:\/\/naszpowiat.info\/wp-content\/uploads\/2025\/03\/image-37.png 1086w\" sizes=\"auto, (max-width: 724px) 100vw, 724px\" \/><figcaption class=\"wp-element-caption\">Fot. zelechow.pl<\/figcaption><\/figure>\n<\/div><div class=\"naszp-po-tresci\" id=\"naszp-467738483\"><script async src=\"\/\/pagead2.googlesyndication.com\/pagead\/js\/adsbygoogle.js?client=ca-pub-5304901113955943\" crossorigin=\"anonymous\"><\/script><ins class=\"adsbygoogle\" style=\"display:block;\" data-ad-client=\"ca-pub-5304901113955943\" \ndata-ad-slot=\"9226873542\" \ndata-ad-format=\"auto\"><\/ins>\n<script> \n(adsbygoogle = window.adsbygoogle || []).push({}); \n<\/script>\n<\/div>","protected":false},"excerpt":{"rendered":"<p>Ju\u017c wkr\u00f3tce \u017belech\u00f3w stanie si\u0119 aren\u0105 sportowych zmaga\u0144 w ramach \u017belechowskiej Triady Biegowej! To wyj\u0105tkowe wydarzenie skierowane do wszystkich pasjonat\u00f3w biegania oraz aktywnego sp\u0119dzania czasu na \u015bwie\u017cym powietrzu. W ramach triady odb\u0119d\u0105 si\u0119 trzy biegi, a pierwszy z nich wystartuje ju\u017c w sobot\u0119, 12 kwietnia 2025 r. o godz. 20:00.<span class=\"more-link\"><a href=\"https:\/\/naszpowiat.info\/index.php\/2025\/03\/20\/zelechowska-triada-biegowa-nocne-wyzwanie-dla-milosnikow-biegania\/\">Czytaj dalej<\/a><\/span><\/p>\n","protected":false},"author":9,"featured_media":8275,"comment_status":"open","ping_status":"open","sticky":false,"template":"","format":"standard","meta":{"_monsterinsights_skip_tracking":false,"_monsterinsights_sitenote_active":false,"_monsterinsights_sitenote_note":"","_monsterinsights_sitenote_category":0,"footnotes":""},"categories":[123,28,30,209,31,166,187,157,59,215],"tags":[563,976,471,207,781,378,309,138,290,230,977],"class_list":["entry","author-admin","post-8274","post","type-post","status-publish","format-standard","has-post-thumbnail","category-aktualnosci","category-dla-mieszkanca","category-kultura","category-powiat-garwolinski","category-powiaty-mazowieckiego","category-rekreacja","category-samorzad","category-sport","category-wydarzenia","category-zelechow","tag-aktywnosc-fizyczna","tag-bieganie","tag-garwolinski","tag-kultura","tag-nocny-bieg","tag-nordic-walking","tag-samorzad","tag-sport","tag-wydarzenia","tag-zelechow","tag-zelechowska-triada-biegowa"],"aioseo_notices":[],"_links":{"self":[{"href":"https:\/\/naszpowiat.info\/index.php\/wp-json\/wp\/v2\/posts\/8274","targetHints":{"allow":["GET"]}}],"collection":[{"href":"https:\/\/naszpowiat.info\/index.php\/wp-json\/wp\/v2\/posts"}],"about":[{"href":"https:\/\/naszpowiat.info\/index.php\/wp-json\/wp\/v2\/types\/post"}],"author":[{"embeddable":true,"href":"https:\/\/naszpowiat.info\/index.php\/wp-json\/wp\/v2\/users\/9"}],"replies":[{"embeddable":true,"href":"https:\/\/naszpowiat.info\/index.php\/wp-json\/wp\/v2\/comments?post=8274"}],"version-history":[{"count":2,"href":"https:\/\/naszpowiat.info\/index.php\/wp-json\/wp\/v2\/posts\/8274\/revisions"}],"predecessor-version":[{"id":8277,"href":"https:\/\/naszpowiat.info\/index.php\/wp-json\/wp\/v2\/posts\/8274\/revisions\/8277"}],"wp:featuredmedia":[{"embeddable":true,"href":"https:\/\/naszpowiat.info\/index.php\/wp-json\/wp\/v2\/media\/8275"}],"wp:attachment":[{"href":"https:\/\/naszpowiat.info\/index.php\/wp-json\/wp\/v2\/media?parent=8274"}],"wp:term":[{"taxonomy":"category","embeddable":true,"href":"https:\/\/naszpowiat.info\/index.php\/wp-json\/wp\/v2\/categories?post=8274"},{"taxonomy":"post_tag","embeddable":true,"href":"https:\/\/naszpowiat.info\/index.php\/wp-json\/wp\/v2\/tags?post=8274"}],"curies":[{"name":"wp","href":"https:\/\/api.w.org\/{rel}","templated":true}]}}