{"id":8271,"date":"2025-03-20T21:34:15","date_gmt":"2025-03-20T21:34:15","guid":{"rendered":"https:\/\/naszpowiat.info\/?p=8271"},"modified":"2025-03-20T21:37:26","modified_gmt":"2025-03-20T21:37:26","slug":"powitanie-wiosny-w-gm-izabelin-sprzatanie-lasu-topienie-marzanny-i-warsztaty","status":"publish","type":"post","link":"https:\/\/naszpowiat.info\/index.php\/2025\/03\/20\/powitanie-wiosny-w-gm-izabelin-sprzatanie-lasu-topienie-marzanny-i-warsztaty\/","title":{"rendered":"Powitanie wiosny w gminie Izabelin! Sprz\u0105tanie lasu, topienie Marzanny i warsztaty!"},"content":{"rendered":"\n<p>Ju\u017c jutro oficjalnie rozpocznie si\u0119 kalendarzowa wiosna, a to doskona\u0142y moment, by po\u017cegna\u0107 zim\u0119 i przywita\u0107 cieplejsze dni. Po d\u0142ugich miesi\u0105cach ch\u0142odu ka\u017cdy z nas wyczekuje tej chwili z niecierpliwo\u015bci\u0105. Stowarzyszenie 7 So\u0142ectw \u2013 Izabelin oraz So\u0142ectwo Truskaw zapraszaj\u0105 wszystkich mieszka\u0144c\u00f3w do wsp\u00f3lnego \u015bwi\u0119towania Pierwszego Dnia Wiosny. Wydarzenie odb\u0119dzie si\u0119 w sobot\u0119, 22 marca, i b\u0119dzie pe\u0142ne atrakcji, kt\u00f3re po\u0142\u0105cz\u0105 trosk\u0119 o natur\u0119 z tradycyjnymi obrz\u0119dami oraz praktyczn\u0105 edukacj\u0105.<\/p>\n\n\n\n<p>Pierwsza cz\u0119\u015b\u0107 obchod\u00f3w to wiosenne sprz\u0105tanie lasu, kt\u00f3re obejmie wszystkie so\u0142ectwa. Zalegaj\u0105ce w\u015br\u00f3d drzew \u015bmieci to nie tylko kwestia estetyczna \u2013 resztki jedzenia przyci\u0105gaj\u0105 dzikie zwierz\u0119ta, a porzucone plastikowe i szklane odpady mog\u0105 stanowi\u0107 \u015bmiertelne zagro\u017cenie dla owad\u00f3w oraz wi\u0119kszych le\u015bnych mieszka\u0144c\u00f3w. To dlatego organizatorzy zach\u0119caj\u0105 do aktywnego udzia\u0142u w porz\u0105dkowaniu teren\u00f3w zielonych.<\/p>\n\n\n\n<p>W godzinach 10:30\u201311:00 w kilku wyznaczonych miejscach b\u0119d\u0105 rozdawane r\u0119kawiczki oraz worki na \u015bmieci, kt\u00f3re uda\u0142o si\u0119 pozyska\u0107 z Wydzia\u0142u Gospodarki Komunalnej. Punktami odbioru b\u0119d\u0105: Pomidorowa r\u00f3g 3 Maja w Mo\u015bciskach i Laskach, Sienkiewicza przy kapliczce w Izabelinie B, Polana Jakub\u00f3w w Izabelinie C, Kurowskiego r\u00f3g I Poprzecznej w Horn\u00f3wku, parking przy Sierakowskiej w Sierakowie oraz stara p\u0119tla w Truskawiu.<\/p>\n\n\n\n<p>Po zako\u0144czeniu sprz\u0105tania, o godzinie 13:30, uczestnicy przenios\u0105 si\u0119 na teren Mokrych \u0141\u0105k, gdzie odb\u0119dzie si\u0119 druga cz\u0119\u015b\u0107 wydarzenia. Kulminacyjnym momentem obchod\u00f3w b\u0119dzie tradycyjne topienie Marzanny \u2013 staropolski zwyczaj symbolizuj\u0105cy koniec zimy i pocz\u0105tek wiosennego odrodzenia. To doskona\u0142a okazja, aby celebrowa\u0107 nadej\u015bcie cieplejszych dni w atmosferze wsp\u00f3lnej zabawy i lokalnej integracji.<\/p>\n\n\n\n<p>O godzinie 14:00 na uczestnik\u00f3w czeka jeszcze jedna atrakcja \u2013 Ochotnicza Stra\u017c Po\u017carna z Izabelina i Lasek przeprowadzi specjalny pokaz oraz warsztaty z pierwszej pomocy. To niepowtarzalna szansa, by zdoby\u0107 praktyczne umiej\u0119tno\u015bci, kt\u00f3re mog\u0105 uratowa\u0107 \u017cycie. Profesjonalny sprz\u0119t i do\u015bwiadczeni stra\u017cacy pozwol\u0105 ka\u017cdemu spr\u00f3bowa\u0107 swoich si\u0142 w udzielaniu pomocy w sytuacjach kryzysowych.<\/p>\n\n\n\n<p>Organizatorzy serdecznie zapraszaj\u0105 wszystkich mieszka\u0144c\u00f3w do w\u0142\u0105czenia si\u0119 w sobotnie wydarzenie. Wsp\u00f3lne sprz\u0105tanie, tradycyjne obrz\u0119dy i cenne warsztaty to nie tylko doskona\u0142a okazja do sp\u0119dzenia czasu na \u015bwie\u017cym powietrzu, ale tak\u017ce do zadbania o nasze otoczenie i wzmocnienia wi\u0119zi lokalnej spo\u0142eczno\u015bci.<\/p>\n\n\n<div class=\"wp-block-image\">\n<figure class=\"aligncenter size-large\"><img decoding=\"async\" src=\"https:\/\/naszpowiat.info\/wp-content\/uploads\/2025\/03\/image-36-731x1024.png\" alt=\"\" class=\"wp-image-8272\"\/><figcaption class=\"wp-element-caption\">Fot. izabelin.pl<\/figcaption><\/figure>\n<\/div><div class=\"naszp-po-tresci\" id=\"naszp-200943885\"><script async src=\"\/\/pagead2.googlesyndication.com\/pagead\/js\/adsbygoogle.js?client=ca-pub-5304901113955943\" crossorigin=\"anonymous\"><\/script><ins class=\"adsbygoogle\" style=\"display:block;\" data-ad-client=\"ca-pub-5304901113955943\" \ndata-ad-slot=\"9226873542\" \ndata-ad-format=\"auto\"><\/ins>\n<script> \n(adsbygoogle = window.adsbygoogle || []).push({}); \n<\/script>\n<\/div>","protected":false},"excerpt":{"rendered":"<p>Ju\u017c jutro oficjalnie rozpocznie si\u0119 kalendarzowa wiosna, a to doskona\u0142y moment, by po\u017cegna\u0107 zim\u0119 i przywita\u0107 cieplejsze dni. Po d\u0142ugich miesi\u0105cach ch\u0142odu ka\u017cdy z nas wyczekuje tej chwili z niecierpliwo\u015bci\u0105. Stowarzyszenie 7 So\u0142ectw \u2013 Izabelin oraz So\u0142ectwo Truskaw zapraszaj\u0105 wszystkich mieszka\u0144c\u00f3w do wsp\u00f3lnego \u015bwi\u0119towania Pierwszego Dnia Wiosny. Wydarzenie odb\u0119dzie si\u0119<span class=\"more-link\"><a href=\"https:\/\/naszpowiat.info\/index.php\/2025\/03\/20\/powitanie-wiosny-w-gm-izabelin-sprzatanie-lasu-topienie-marzanny-i-warsztaty\/\">Czytaj dalej<\/a><\/span><\/p>\n","protected":false},"author":9,"featured_media":8272,"comment_status":"open","ping_status":"open","sticky":false,"template":"","format":"standard","meta":{"_monsterinsights_skip_tracking":false,"_monsterinsights_sitenote_active":false,"_monsterinsights_sitenote_note":"","_monsterinsights_sitenote_category":0,"footnotes":""},"categories":[123,28,79,30,39,161,31,166,59],"tags":[974,207,972,309,965,971,975,902],"class_list":["entry","author-admin","post-8271","post","type-post","status-publish","format-standard","has-post-thumbnail","category-aktualnosci","category-dla-mieszkanca","category-izabelin","category-kultura","category-warszawski-zachodni","category-powiat-warszawski-zachodni","category-powiaty-mazowieckiego","category-rekreacja","category-wydarzenia","tag-izabelin","tag-kultura","tag-pierwszy-dzien-wiosny","tag-samorzad","tag-sprzatanie-lasu","tag-topienie-marzanny","tag-warszawski-zachodni","tag-wiosna"],"aioseo_notices":[],"_links":{"self":[{"href":"https:\/\/naszpowiat.info\/index.php\/wp-json\/wp\/v2\/posts\/8271","targetHints":{"allow":["GET"]}}],"collection":[{"href":"https:\/\/naszpowiat.info\/index.php\/wp-json\/wp\/v2\/posts"}],"about":[{"href":"https:\/\/naszpowiat.info\/index.php\/wp-json\/wp\/v2\/types\/post"}],"author":[{"embeddable":true,"href":"https:\/\/naszpowiat.info\/index.php\/wp-json\/wp\/v2\/users\/9"}],"replies":[{"embeddable":true,"href":"https:\/\/naszpowiat.info\/index.php\/wp-json\/wp\/v2\/comments?post=8271"}],"version-history":[{"count":1,"href":"https:\/\/naszpowiat.info\/index.php\/wp-json\/wp\/v2\/posts\/8271\/revisions"}],"predecessor-version":[{"id":8273,"href":"https:\/\/naszpowiat.info\/index.php\/wp-json\/wp\/v2\/posts\/8271\/revisions\/8273"}],"wp:featuredmedia":[{"embeddable":true,"href":"https:\/\/naszpowiat.info\/index.php\/wp-json\/wp\/v2\/media\/8272"}],"wp:attachment":[{"href":"https:\/\/naszpowiat.info\/index.php\/wp-json\/wp\/v2\/media?parent=8271"}],"wp:term":[{"taxonomy":"category","embeddable":true,"href":"https:\/\/naszpowiat.info\/index.php\/wp-json\/wp\/v2\/categories?post=8271"},{"taxonomy":"post_tag","embeddable":true,"href":"https:\/\/naszpowiat.info\/index.php\/wp-json\/wp\/v2\/tags?post=8271"}],"curies":[{"name":"wp","href":"https:\/\/api.w.org\/{rel}","templated":true}]}}