{"id":8185,"date":"2025-03-12T18:47:18","date_gmt":"2025-03-12T18:47:18","guid":{"rendered":"https:\/\/naszpowiat.info\/?p=8185"},"modified":"2025-03-12T18:47:18","modified_gmt":"2025-03-12T18:47:18","slug":"ruszyly-kwalifikacje-wojskowe-w-powiecie-garwolinskim","status":"publish","type":"post","link":"https:\/\/naszpowiat.info\/index.php\/2025\/03\/12\/ruszyly-kwalifikacje-wojskowe-w-powiecie-garwolinskim\/","title":{"rendered":"Ruszy\u0142y kwalifikacje wojskowe w Powiecie Garwoli\u0144skim!"},"content":{"rendered":"\n<p>Dzi\u015b w Starostwie Powiatowym w Garwolinie mia\u0142o miejsce oficjalne rozpocz\u0119cie kwalifikacji wojskowej, kt\u00f3ra potrwa do 11 kwietnia. To niezwykle istotne wydarzenie dla m\u0142odych ludzi staj\u0105cych przed decyzj\u0105 dotycz\u0105c\u0105 ich przysz\u0142o\u015bci w s\u0142u\u017cbie wojskowej.<\/p>\n\n\n\n<p>Uroczysto\u015b\u0107 zgromadzi\u0142a przedstawicieli w\u0142adz powiatu oraz Wojskowego Centrum Rekrutacji w Garwolinie, a tak\u017ce \u017co\u0142nierzy z 6 Mazowieckiej Brygady Obrony Terytorialnej. Dodatkowo na miejscu pojawili si\u0119 specjali\u015bci z Wojskowego O\u015brodka Farmacji i Techniki Medycznej w Celestynowie, kt\u00f3rzy przybyli wraz ze specjalnie wyszkolonym psem, demonstruj\u0105c tym samym wsparcie, jakie nowoczesna armia oferuje swoim \u017co\u0142nierzom.<\/p>\n\n\n\n<p>Kwalifikacja wojskowa to znacznie wi\u0119cej ni\u017c tylko formalna ocena zdolno\u015bci do pe\u0142nienia s\u0142u\u017cby. To r\u00f3wnie\u017c doskona\u0142a okazja do bezpo\u015bredniego spotkania z przedstawicielami wojska i zapoznania si\u0119 z r\u00f3\u017cnymi \u015bcie\u017ckami kariery, jakie oferuje wsp\u00f3\u0142czesna armia. Dla wielu uczestnik\u00f3w mo\u017ce to by\u0107 moment, kt\u00f3ry zadecyduje o ich przysz\u0142o\u015bci, otwieraj\u0105c przed nimi mo\u017cliwo\u015b\u0107 s\u0142u\u017cby zawodowej, wst\u0105pienia do Wojsk Obrony Terytorialnej czy rozwijania umiej\u0119tno\u015bci w ramach specjalistycznych jednostek wojskowych.<\/p>\n\n\n<div class=\"wp-block-image\">\n<figure class=\"aligncenter size-large\"><img loading=\"lazy\" decoding=\"async\" width=\"1024\" height=\"577\" src=\"https:\/\/naszpowiat.info\/wp-content\/uploads\/2025\/03\/image-23-1024x577.png\" alt=\"\" class=\"wp-image-8186\" srcset=\"https:\/\/naszpowiat.info\/wp-content\/uploads\/2025\/03\/image-23-1024x577.png 1024w, https:\/\/naszpowiat.info\/wp-content\/uploads\/2025\/03\/image-23-300x169.png 300w, https:\/\/naszpowiat.info\/wp-content\/uploads\/2025\/03\/image-23-768x433.png 768w, https:\/\/naszpowiat.info\/wp-content\/uploads\/2025\/03\/image-23-465x262.png 465w, https:\/\/naszpowiat.info\/wp-content\/uploads\/2025\/03\/image-23-695x392.png 695w, https:\/\/naszpowiat.info\/wp-content\/uploads\/2025\/03\/image-23.png 1200w\" sizes=\"auto, (max-width: 1024px) 100vw, 1024px\" \/><figcaption class=\"wp-element-caption\">Fot. garwolin-starostwo.pl<\/figcaption><\/figure>\n<\/div><div class=\"naszp-po-tresci\" id=\"naszp-3308277236\"><script async src=\"\/\/pagead2.googlesyndication.com\/pagead\/js\/adsbygoogle.js?client=ca-pub-5304901113955943\" crossorigin=\"anonymous\"><\/script><ins class=\"adsbygoogle\" style=\"display:block;\" data-ad-client=\"ca-pub-5304901113955943\" \ndata-ad-slot=\"9226873542\" \ndata-ad-format=\"auto\"><\/ins>\n<script> \n(adsbygoogle = window.adsbygoogle || []).push({}); \n<\/script>\n<\/div>","protected":false},"excerpt":{"rendered":"<p>Dzi\u015b w Starostwie Powiatowym w Garwolinie mia\u0142o miejsce oficjalne rozpocz\u0119cie kwalifikacji wojskowej, kt\u00f3ra potrwa do 11 kwietnia. To niezwykle istotne wydarzenie dla m\u0142odych ludzi staj\u0105cych przed decyzj\u0105 dotycz\u0105c\u0105 ich przysz\u0142o\u015bci w s\u0142u\u017cbie wojskowej. Uroczysto\u015b\u0107 zgromadzi\u0142a przedstawicieli w\u0142adz powiatu oraz Wojskowego Centrum Rekrutacji w Garwolinie, a tak\u017ce \u017co\u0142nierzy z 6 Mazowieckiej<span class=\"more-link\"><a href=\"https:\/\/naszpowiat.info\/index.php\/2025\/03\/12\/ruszyly-kwalifikacje-wojskowe-w-powiecie-garwolinskim\/\">Czytaj dalej<\/a><\/span><\/p>\n","protected":false},"author":9,"featured_media":8186,"comment_status":"open","ping_status":"open","sticky":false,"template":"","format":"standard","meta":{"_monsterinsights_skip_tracking":false,"_monsterinsights_sitenote_active":false,"_monsterinsights_sitenote_note":"","_monsterinsights_sitenote_category":0,"footnotes":""},"categories":[123,172,28,209,31,187,59],"tags":[471,912,210,309,367,366,290],"class_list":["entry","author-admin","post-8185","post","type-post","status-publish","format-standard","has-post-thumbnail","category-aktualnosci","category-bezpieczenstwo","category-dla-mieszkanca","category-powiat-garwolinski","category-powiaty-mazowieckiego","category-samorzad","category-wydarzenia","tag-garwolinski","tag-kwalifikacja-wojskowa","tag-powiat-garwolinski","tag-samorzad","tag-wojsko","tag-wot","tag-wydarzenia"],"aioseo_notices":[],"_links":{"self":[{"href":"https:\/\/naszpowiat.info\/index.php\/wp-json\/wp\/v2\/posts\/8185","targetHints":{"allow":["GET"]}}],"collection":[{"href":"https:\/\/naszpowiat.info\/index.php\/wp-json\/wp\/v2\/posts"}],"about":[{"href":"https:\/\/naszpowiat.info\/index.php\/wp-json\/wp\/v2\/types\/post"}],"author":[{"embeddable":true,"href":"https:\/\/naszpowiat.info\/index.php\/wp-json\/wp\/v2\/users\/9"}],"replies":[{"embeddable":true,"href":"https:\/\/naszpowiat.info\/index.php\/wp-json\/wp\/v2\/comments?post=8185"}],"version-history":[{"count":1,"href":"https:\/\/naszpowiat.info\/index.php\/wp-json\/wp\/v2\/posts\/8185\/revisions"}],"predecessor-version":[{"id":8187,"href":"https:\/\/naszpowiat.info\/index.php\/wp-json\/wp\/v2\/posts\/8185\/revisions\/8187"}],"wp:featuredmedia":[{"embeddable":true,"href":"https:\/\/naszpowiat.info\/index.php\/wp-json\/wp\/v2\/media\/8186"}],"wp:attachment":[{"href":"https:\/\/naszpowiat.info\/index.php\/wp-json\/wp\/v2\/media?parent=8185"}],"wp:term":[{"taxonomy":"category","embeddable":true,"href":"https:\/\/naszpowiat.info\/index.php\/wp-json\/wp\/v2\/categories?post=8185"},{"taxonomy":"post_tag","embeddable":true,"href":"https:\/\/naszpowiat.info\/index.php\/wp-json\/wp\/v2\/tags?post=8185"}],"curies":[{"name":"wp","href":"https:\/\/api.w.org\/{rel}","templated":true}]}}