{"id":8182,"date":"2025-03-12T18:41:03","date_gmt":"2025-03-12T18:41:03","guid":{"rendered":"https:\/\/naszpowiat.info\/?p=8182"},"modified":"2025-03-12T18:41:04","modified_gmt":"2025-03-12T18:41:04","slug":"nowoczesna-pracownia-spawalnicza-w-zelechowie-przyszlosc-edukacji-zawodowej","status":"publish","type":"post","link":"https:\/\/naszpowiat.info\/index.php\/2025\/03\/12\/nowoczesna-pracownia-spawalnicza-w-zelechowie-przyszlosc-edukacji-zawodowej\/","title":{"rendered":"Nowoczesna pracownia spawalnicza w \u017belechowie \u2013 przysz\u0142o\u015b\u0107 edukacji zawodowej"},"content":{"rendered":"\n<p>7 marca 2025 roku na terenie Zespo\u0142u Szk\u00f3\u0142 Ponadpodstawowych im. Ignacego Wyssogoty Zakrzewskiego w \u017belechowie odby\u0142o si\u0119 oficjalne otwarcie nowoczesnej pracowni spawalnictwa, mieszcz\u0105cej si\u0119 w Pracowni Zaj\u0119\u0107 Praktycznych. Wydarzenie to by\u0142o nie tylko wa\u017cnym momentem dla szko\u0142y, ale tak\u017ce istotnym krokiem w rozwoju kszta\u0142cenia zawodowego, kt\u00f3re zyskuje na znaczeniu w dynamicznie rozwijaj\u0105cym si\u0119 sektorze przemys\u0142owym.<\/p>\n\n\n\n<p>Uroczysto\u015b\u0107 rozpocz\u0119\u0142a si\u0119 od wyst\u0119pu uczni\u00f3w, kt\u00f3rzy przygotowali monta\u017c s\u0142owno-muzyczny, nadaj\u0105c wydarzeniu wyj\u0105tkowy, podnios\u0142y charakter. W dalszej cz\u0119\u015bci g\u0142os zabra\u0142 Pan Tadeusz Zajma, do\u015bwiadczony nauczyciel przedmiot\u00f3w zawodowych, kt\u00f3ry w swojej prelekcji przybli\u017cy\u0142 histori\u0119 szko\u0142y oraz jej rozw\u00f3j na przestrzeni lat. Jego wyst\u0105pienie podkre\u015bli\u0142o znaczenie inwestowania w nowoczesne technologie edukacyjne oraz konieczno\u015b\u0107 dostosowania metod nauczania do wymaga\u0144 wsp\u00f3\u0142czesnego rynku pracy.<\/p>\n\n\n\n<p>Kulminacyjnym punktem uroczysto\u015bci by\u0142o uroczyste przeci\u0119cie wst\u0119gi, symbolizuj\u0105ce otwarcie nowej przestrzeni edukacyjnej. Po tym oficjalnym ge\u015bcie uczestnicy wydarzenia mieli okazj\u0119 zwiedzi\u0107 nowoczesn\u0105 pracowni\u0119, kt\u00f3ra zosta\u0142a wyposa\u017cona w najwy\u017cszej klasy sprz\u0119t spawalniczy, profesjonalne stanowiska szkoleniowe oraz zaawansowane systemy bezpiecze\u0144stwa, spe\u0142niaj\u0105ce najwy\u017csze standardy bran\u017cowe. Go\u015bcie mogli z bliska przyjrze\u0107 si\u0119 innowacyjnym rozwi\u0105zaniom, kt\u00f3re zapewni\u0105 uczniom komfortow\u0105 i bezpieczn\u0105 nauk\u0119 zawodu.<\/p>\n\n\n\n<p>Uczniowie technikum spawalnictwa, maj\u0105c okazj\u0119 zaprezentowa\u0107 swoje umiej\u0119tno\u015bci, przedstawili r\u00f3\u017cne techniki spawalnicze, kt\u00f3re s\u0105 nieod\u0142\u0105cznym elementem ich przysz\u0142ej pracy. Du\u017cym zainteresowaniem cieszy\u0142 si\u0119 r\u00f3wnie\u017c nowoczesny symulator spawania w rozszerzonej rzeczywisto\u015bci, kt\u00f3ry pozwala na doskonalenie precyzji i koordynacji ruchowej bez ryzyka pope\u0142nienia kosztownych b\u0142\u0119d\u00f3w. Dzi\u0119ki tej technologii uczniowie mog\u0105 \u0107wiczy\u0107 w wirtualnym \u015brodowisku, zanim podejm\u0105 prac\u0119 na rzeczywistych materia\u0142ach.<\/p>\n\n\n\n<p>Nowa pracownia spawalnicza to ogromny krok naprz\u00f3d w jako\u015bci kszta\u0142cenia zawodowego w regionie. Dzi\u0119ki niej uczniowie zyskaj\u0105 mo\u017cliwo\u015b\u0107 zdobywania praktycznych umiej\u0119tno\u015bci na najwy\u017cszym poziomie, co znacz\u0105co zwi\u0119kszy ich szanse na rynku pracy. Inwestycja ta nie tylko podnosi standard nauczania, ale tak\u017ce przyczynia si\u0119 do rozwoju lokalnej gospodarki, dostarczaj\u0105c wykwalifikowanych specjalist\u00f3w do bran\u017cy przemys\u0142owej.<\/p>\n\n\n<div class=\"wp-block-image\">\n<figure class=\"aligncenter size-large\"><img loading=\"lazy\" decoding=\"async\" width=\"1024\" height=\"576\" src=\"https:\/\/naszpowiat.info\/wp-content\/uploads\/2025\/03\/image-22-1024x576.png\" alt=\"\" class=\"wp-image-8183\" srcset=\"https:\/\/naszpowiat.info\/wp-content\/uploads\/2025\/03\/image-22-1024x576.png 1024w, https:\/\/naszpowiat.info\/wp-content\/uploads\/2025\/03\/image-22-300x169.png 300w, https:\/\/naszpowiat.info\/wp-content\/uploads\/2025\/03\/image-22-768x432.png 768w, https:\/\/naszpowiat.info\/wp-content\/uploads\/2025\/03\/image-22-465x262.png 465w, https:\/\/naszpowiat.info\/wp-content\/uploads\/2025\/03\/image-22-695x391.png 695w, https:\/\/naszpowiat.info\/wp-content\/uploads\/2025\/03\/image-22.png 1200w\" sizes=\"auto, (max-width: 1024px) 100vw, 1024px\" \/><figcaption class=\"wp-element-caption\">Fot. garwolin-starostwo.pl<\/figcaption><\/figure>\n<\/div><div class=\"naszp-po-tresci\" id=\"naszp-3724779212\"><script async src=\"\/\/pagead2.googlesyndication.com\/pagead\/js\/adsbygoogle.js?client=ca-pub-5304901113955943\" crossorigin=\"anonymous\"><\/script><ins class=\"adsbygoogle\" style=\"display:block;\" data-ad-client=\"ca-pub-5304901113955943\" \ndata-ad-slot=\"9226873542\" \ndata-ad-format=\"auto\"><\/ins>\n<script> \n(adsbygoogle = window.adsbygoogle || []).push({}); \n<\/script>\n<\/div>","protected":false},"excerpt":{"rendered":"<p>7 marca 2025 roku na terenie Zespo\u0142u Szk\u00f3\u0142 Ponadpodstawowych im. Ignacego Wyssogoty Zakrzewskiego w \u017belechowie odby\u0142o si\u0119 oficjalne otwarcie nowoczesnej pracowni spawalnictwa, mieszcz\u0105cej si\u0119 w Pracowni Zaj\u0119\u0107 Praktycznych. Wydarzenie to by\u0142o nie tylko wa\u017cnym momentem dla szko\u0142y, ale tak\u017ce istotnym krokiem w rozwoju kszta\u0142cenia zawodowego, kt\u00f3re zyskuje na znaczeniu w<span class=\"more-link\"><a href=\"https:\/\/naszpowiat.info\/index.php\/2025\/03\/12\/nowoczesna-pracownia-spawalnicza-w-zelechowie-przyszlosc-edukacji-zawodowej\/\">Czytaj dalej<\/a><\/span><\/p>\n","protected":false},"author":9,"featured_media":8183,"comment_status":"open","ping_status":"open","sticky":false,"template":"","format":"standard","meta":{"_monsterinsights_skip_tracking":false,"_monsterinsights_sitenote_active":false,"_monsterinsights_sitenote_note":"","_monsterinsights_sitenote_category":0,"footnotes":""},"categories":[123,28,191,183,209,31,187,59,215],"tags":[471,126,207,309,932,230],"class_list":["entry","author-admin","post-8182","post","type-post","status-publish","format-standard","has-post-thumbnail","category-aktualnosci","category-dla-mieszkanca","category-edukacja","category-infrastruktura","category-powiat-garwolinski","category-powiaty-mazowieckiego","category-samorzad","category-wydarzenia","category-zelechow","tag-garwolinski","tag-inwestycje","tag-kultura","tag-samorzad","tag-starostwo-powiatowe-w-garwolinie","tag-zelechow"],"aioseo_notices":[],"_links":{"self":[{"href":"https:\/\/naszpowiat.info\/index.php\/wp-json\/wp\/v2\/posts\/8182","targetHints":{"allow":["GET"]}}],"collection":[{"href":"https:\/\/naszpowiat.info\/index.php\/wp-json\/wp\/v2\/posts"}],"about":[{"href":"https:\/\/naszpowiat.info\/index.php\/wp-json\/wp\/v2\/types\/post"}],"author":[{"embeddable":true,"href":"https:\/\/naszpowiat.info\/index.php\/wp-json\/wp\/v2\/users\/9"}],"replies":[{"embeddable":true,"href":"https:\/\/naszpowiat.info\/index.php\/wp-json\/wp\/v2\/comments?post=8182"}],"version-history":[{"count":1,"href":"https:\/\/naszpowiat.info\/index.php\/wp-json\/wp\/v2\/posts\/8182\/revisions"}],"predecessor-version":[{"id":8184,"href":"https:\/\/naszpowiat.info\/index.php\/wp-json\/wp\/v2\/posts\/8182\/revisions\/8184"}],"wp:featuredmedia":[{"embeddable":true,"href":"https:\/\/naszpowiat.info\/index.php\/wp-json\/wp\/v2\/media\/8183"}],"wp:attachment":[{"href":"https:\/\/naszpowiat.info\/index.php\/wp-json\/wp\/v2\/media?parent=8182"}],"wp:term":[{"taxonomy":"category","embeddable":true,"href":"https:\/\/naszpowiat.info\/index.php\/wp-json\/wp\/v2\/categories?post=8182"},{"taxonomy":"post_tag","embeddable":true,"href":"https:\/\/naszpowiat.info\/index.php\/wp-json\/wp\/v2\/tags?post=8182"}],"curies":[{"name":"wp","href":"https:\/\/api.w.org\/{rel}","templated":true}]}}