{"id":8165,"date":"2025-03-11T15:03:54","date_gmt":"2025-03-11T15:03:54","guid":{"rendered":"https:\/\/naszpowiat.info\/?p=8165"},"modified":"2025-03-11T15:03:55","modified_gmt":"2025-03-11T15:03:55","slug":"wiedza-i-przedsiebiorczosc-na-wsi-emocjonujaca-rywalizacja-w-jakubowie","status":"publish","type":"post","link":"https:\/\/naszpowiat.info\/index.php\/2025\/03\/11\/wiedza-i-przedsiebiorczosc-na-wsi-emocjonujaca-rywalizacja-w-jakubowie\/","title":{"rendered":"Wiedza i przedsi\u0119biorczo\u015b\u0107 na wsi \u2013 emocjonuj\u0105ca rywalizacja w Jakubowie!"},"content":{"rendered":"\n<p>W dniu 7 marca 2025 roku w Jakubowie odby\u0142a si\u0119 wyj\u0105tkowa Gminna Olimpiada Wiedzy o Wiejskim Gospodarstwie Domowym i Przedsi\u0119biorczo\u015bci. Wydarzenie, kt\u00f3re od lat cieszy si\u0119 du\u017cym zainteresowaniem, zosta\u0142o zorganizowane przez W\u00f3jta Gminy Jakub\u00f3w we wsp\u00f3\u0142pracy z Mazowieckim O\u015brodkiem Doradztwa Rolniczego. Uczestniczki mia\u0142y okazj\u0119 sprawdzi\u0107 swoj\u0105 wiedz\u0119 z zakresu rolnictwa, ekologii, \u017cywienia oraz zagospodarowania przestrzeni wiejskiej.<\/p>\n\n\n\n<p>Na pocz\u0105tku konkursu ka\u017cda z uczestniczek zosta\u0142a zapoznana z regulaminem olimpiady, po czym przyst\u0105pi\u0142a do rozwi\u0105zania testu sk\u0142adaj\u0105cego si\u0119 z czterdziestu pyta\u0144. Zakres tematyczny obejmowa\u0142 kluczowe zagadnienia zwi\u0105zane z prowadzeniem gospodarstwa domowego na wsi, a tak\u017ce aspekty zwi\u0105zane z przedsi\u0119biorczo\u015bci\u0105 i ekologi\u0105. Rywalizacja by\u0142a niezwykle zaci\u0119ta, a poziom wiedzy uczestniczek na bardzo wysokim poziomie.<\/p>\n\n\n\n<p>Po zako\u0144czeniu cz\u0119\u015bci pisemnej komisja konkursowa starannie przeanalizowa\u0142a wszystkie testy, po czym og\u0142oszono prawid\u0142owe odpowiedzi i wy\u0142oniono zwyci\u0119\u017cczynie. Najwy\u017cszy wynik i zaszczytne pierwsze miejsce zdoby\u0142a Danuta Ru\u015bplo. Drugie miejsce zaj\u0119\u0142a Stanis\u0142awa Stru\u015b, natomiast o trzecie miejsce konieczna by\u0142a dogrywka ustna, w kt\u00f3rej najlepiej poradzi\u0142a sobie Lidia Wocial.<\/p>\n\n\n\n<p>Wszystkie uczestniczki olimpiady otrzyma\u0142y nagrody rzeczowe, kt\u00f3re zosta\u0142y ufundowane przez Gmin\u0119 Jakub\u00f3w. Wr\u0119czenia nagr\u00f3d dokona\u0142a Pani Marta Krusiewicz, Zast\u0119pca W\u00f3jta Gminy Jakub\u00f3w, oraz Pan Damian Doma\u0144ski, Przewodnicz\u0105cy Rady Gminy. Wydarzenie by\u0142o nie tylko okazj\u0105 do sprawdzenia wiedzy, ale tak\u017ce do integracji i wymiany do\u015bwiadcze\u0144 pomi\u0119dzy mieszkankami gminy.<\/p>\n\n\n<div class=\"wp-block-image\">\n<figure class=\"aligncenter size-full\"><img loading=\"lazy\" decoding=\"async\" width=\"1024\" height=\"576\" src=\"https:\/\/naszpowiat.info\/wp-content\/uploads\/2025\/03\/image-20.png\" alt=\"\" class=\"wp-image-8167\" srcset=\"https:\/\/naszpowiat.info\/wp-content\/uploads\/2025\/03\/image-20.png 1024w, https:\/\/naszpowiat.info\/wp-content\/uploads\/2025\/03\/image-20-300x169.png 300w, https:\/\/naszpowiat.info\/wp-content\/uploads\/2025\/03\/image-20-768x432.png 768w, https:\/\/naszpowiat.info\/wp-content\/uploads\/2025\/03\/image-20-465x262.png 465w, https:\/\/naszpowiat.info\/wp-content\/uploads\/2025\/03\/image-20-695x391.png 695w\" sizes=\"auto, (max-width: 1024px) 100vw, 1024px\" \/><figcaption class=\"wp-element-caption\">Fot. jakubow.pl<\/figcaption><\/figure>\n<\/div><div class=\"naszp-po-tresci\" id=\"naszp-2583628593\"><script async src=\"\/\/pagead2.googlesyndication.com\/pagead\/js\/adsbygoogle.js?client=ca-pub-5304901113955943\" crossorigin=\"anonymous\"><\/script><ins class=\"adsbygoogle\" style=\"display:block;\" data-ad-client=\"ca-pub-5304901113955943\" \ndata-ad-slot=\"9226873542\" \ndata-ad-format=\"auto\"><\/ins>\n<script> \n(adsbygoogle = window.adsbygoogle || []).push({}); \n<\/script>\n<\/div>","protected":false},"excerpt":{"rendered":"<p>W dniu 7 marca 2025 roku w Jakubowie odby\u0142a si\u0119 wyj\u0105tkowa Gminna Olimpiada Wiedzy o Wiejskim Gospodarstwie Domowym i Przedsi\u0119biorczo\u015bci. Wydarzenie, kt\u00f3re od lat cieszy si\u0119 du\u017cym zainteresowaniem, zosta\u0142o zorganizowane przez W\u00f3jta Gminy Jakub\u00f3w we wsp\u00f3\u0142pracy z Mazowieckim O\u015brodkiem Doradztwa Rolniczego. Uczestniczki mia\u0142y okazj\u0119 sprawdzi\u0107 swoj\u0105 wiedz\u0119 z zakresu rolnictwa,<span class=\"more-link\"><a href=\"https:\/\/naszpowiat.info\/index.php\/2025\/03\/11\/wiedza-i-przedsiebiorczosc-na-wsi-emocjonujaca-rywalizacja-w-jakubowie\/\">Czytaj dalej<\/a><\/span><\/p>\n","protected":false},"author":9,"featured_media":8167,"comment_status":"open","ping_status":"open","sticky":false,"template":"","format":"standard","meta":{"_monsterinsights_skip_tracking":false,"_monsterinsights_sitenote_active":false,"_monsterinsights_sitenote_note":"","_monsterinsights_sitenote_category":0,"footnotes":""},"categories":[123,28,191,83,30,34,31,187,59],"tags":[317,928,207,643,927,926,272,309],"class_list":["entry","author-admin","post-8165","post","type-post","status-publish","format-standard","has-post-thumbnail","category-aktualnosci","category-dla-mieszkanca","category-edukacja","category-jakubow","category-kultura","category-minski","category-powiaty-mazowieckiego","category-samorzad","category-wydarzenia","tag-ekologia","tag-gospodarstwo-domowe","tag-kultura","tag-minski","tag-olimpiada-wiedzy","tag-przedsiebiorczosc","tag-rolnictwo","tag-samorzad"],"aioseo_notices":[],"_links":{"self":[{"href":"https:\/\/naszpowiat.info\/index.php\/wp-json\/wp\/v2\/posts\/8165","targetHints":{"allow":["GET"]}}],"collection":[{"href":"https:\/\/naszpowiat.info\/index.php\/wp-json\/wp\/v2\/posts"}],"about":[{"href":"https:\/\/naszpowiat.info\/index.php\/wp-json\/wp\/v2\/types\/post"}],"author":[{"embeddable":true,"href":"https:\/\/naszpowiat.info\/index.php\/wp-json\/wp\/v2\/users\/9"}],"replies":[{"embeddable":true,"href":"https:\/\/naszpowiat.info\/index.php\/wp-json\/wp\/v2\/comments?post=8165"}],"version-history":[{"count":1,"href":"https:\/\/naszpowiat.info\/index.php\/wp-json\/wp\/v2\/posts\/8165\/revisions"}],"predecessor-version":[{"id":8168,"href":"https:\/\/naszpowiat.info\/index.php\/wp-json\/wp\/v2\/posts\/8165\/revisions\/8168"}],"wp:featuredmedia":[{"embeddable":true,"href":"https:\/\/naszpowiat.info\/index.php\/wp-json\/wp\/v2\/media\/8167"}],"wp:attachment":[{"href":"https:\/\/naszpowiat.info\/index.php\/wp-json\/wp\/v2\/media?parent=8165"}],"wp:term":[{"taxonomy":"category","embeddable":true,"href":"https:\/\/naszpowiat.info\/index.php\/wp-json\/wp\/v2\/categories?post=8165"},{"taxonomy":"post_tag","embeddable":true,"href":"https:\/\/naszpowiat.info\/index.php\/wp-json\/wp\/v2\/tags?post=8165"}],"curies":[{"name":"wp","href":"https:\/\/api.w.org\/{rel}","templated":true}]}}