{"id":8149,"date":"2025-03-09T20:08:06","date_gmt":"2025-03-09T20:08:06","guid":{"rendered":"https:\/\/naszpowiat.info\/?p=8149"},"modified":"2025-03-09T20:08:07","modified_gmt":"2025-03-09T20:08:07","slug":"szkola-w-legionowie-z-nowoczesna-kabina-akustyczna","status":"publish","type":"post","link":"https:\/\/naszpowiat.info\/index.php\/2025\/03\/09\/szkola-w-legionowie-z-nowoczesna-kabina-akustyczna\/","title":{"rendered":"Szko\u0142a w Legionowie z nowoczesn\u0105 kabin\u0105 akustyczn\u0105"},"content":{"rendered":"\n<p>Zesp\u00f3\u0142 Szkolno-Przedszkolny nr 2 w Legionowie wzbogaci\u0142 swoj\u0105 infrastruktur\u0119 o innowacyjn\u0105 kabin\u0119 akustyczn\u0105, kt\u00f3rej celem jest zapewnienie uczniom cichej, komfortowej przestrzeni do nauki, odpoczynku i pracy zespo\u0142owej. To nowoczesne rozwi\u0105zanie, dostosowane do r\u00f3\u017cnorodnych potrzeb uczni\u00f3w, jest szczeg\u00f3lnie istotne dla dzieci ze spektrum autyzmu, dla kt\u00f3rych nadmiar bod\u017ac\u00f3w d\u017awi\u0119kowych bywa wyzwaniem w codziennym funkcjonowaniu.<\/p>\n\n\n\n<p>Kabina zosta\u0142a zaprojektowana z u\u017cyciem specjalnych materia\u0142\u00f3w wyg\u0142uszaj\u0105cych, kt\u00f3re skutecznie redukuj\u0105 ha\u0142as, tworz\u0105c idealne warunki do koncentracji i wyciszenia. Jej funkcjonalno\u015b\u0107 i dostosowanie do potrzeb os\u00f3b neuroatypowych potwierdza presti\u017cowy certyfikat IBCCES CAR, przyznawany przez Mi\u0119dzynarodow\u0105 Rad\u0119 Certyfikat\u00f3w Specjalistycznych i Kszta\u0142cenia Ustawicznego. Dzi\u0119ki temu szko\u0142a nie tylko zapewnia swoim uczniom nowoczesne rozwi\u0105zania, ale tak\u017ce spe\u0142nia mi\u0119dzynarodowe standardy w zakresie wsparcia edukacyjnego i terapeutycznego.<\/p>\n\n\n\n<p>Realizacja tego projektu by\u0142a istotnym przedsi\u0119wzi\u0119ciem finansowym \u2013 koszt zakupu kabiny wyni\u00f3s\u0142 ponad 40 tysi\u0119cy z\u0142otych. Mimo wysokiej ceny, inwestycja ta stanowi ogromn\u0105 warto\u015b\u0107 dla ca\u0142ej spo\u0142eczno\u015bci szkolnej. Kabina akustyczna pozwala na stworzenie miejsca, kt\u00f3re sprzyja efektywnej nauce, ale tak\u017ce odpoczynkowi i regeneracji w warunkach minimalizuj\u0105cych bod\u017ace zewn\u0119trzne.<\/p>\n\n\n<div class=\"wp-block-image\">\n<figure class=\"aligncenter size-full\"><img loading=\"lazy\" decoding=\"async\" width=\"850\" height=\"494\" src=\"https:\/\/naszpowiat.info\/wp-content\/uploads\/2025\/03\/image-16.png\" alt=\"\" class=\"wp-image-8150\" srcset=\"https:\/\/naszpowiat.info\/wp-content\/uploads\/2025\/03\/image-16.png 850w, https:\/\/naszpowiat.info\/wp-content\/uploads\/2025\/03\/image-16-300x174.png 300w, https:\/\/naszpowiat.info\/wp-content\/uploads\/2025\/03\/image-16-768x446.png 768w, https:\/\/naszpowiat.info\/wp-content\/uploads\/2025\/03\/image-16-465x270.png 465w, https:\/\/naszpowiat.info\/wp-content\/uploads\/2025\/03\/image-16-695x404.png 695w\" sizes=\"auto, (max-width: 850px) 100vw, 850px\" \/><figcaption class=\"wp-element-caption\">Fot. legionowo.pl<\/figcaption><\/figure>\n<\/div><div class=\"naszp-po-tresci\" id=\"naszp-3229131467\"><script async src=\"\/\/pagead2.googlesyndication.com\/pagead\/js\/adsbygoogle.js?client=ca-pub-5304901113955943\" crossorigin=\"anonymous\"><\/script><ins class=\"adsbygoogle\" style=\"display:block;\" data-ad-client=\"ca-pub-5304901113955943\" \ndata-ad-slot=\"9226873542\" \ndata-ad-format=\"auto\"><\/ins>\n<script> \n(adsbygoogle = window.adsbygoogle || []).push({}); \n<\/script>\n<\/div>","protected":false},"excerpt":{"rendered":"<p>Zesp\u00f3\u0142 Szkolno-Przedszkolny nr 2 w Legionowie wzbogaci\u0142 swoj\u0105 infrastruktur\u0119 o innowacyjn\u0105 kabin\u0119 akustyczn\u0105, kt\u00f3rej celem jest zapewnienie uczniom cichej, komfortowej przestrzeni do nauki, odpoczynku i pracy zespo\u0142owej. To nowoczesne rozwi\u0105zanie, dostosowane do r\u00f3\u017cnorodnych potrzeb uczni\u00f3w, jest szczeg\u00f3lnie istotne dla dzieci ze spektrum autyzmu, dla kt\u00f3rych nadmiar bod\u017ac\u00f3w d\u017awi\u0119kowych bywa wyzwaniem<span class=\"more-link\"><a href=\"https:\/\/naszpowiat.info\/index.php\/2025\/03\/09\/szkola-w-legionowie-z-nowoczesna-kabina-akustyczna\/\">Czytaj dalej<\/a><\/span><\/p>\n","protected":false},"author":9,"featured_media":8150,"comment_status":"open","ping_status":"open","sticky":false,"template":"","format":"standard","meta":{"_monsterinsights_skip_tracking":false,"_monsterinsights_sitenote_active":false,"_monsterinsights_sitenote_note":"","_monsterinsights_sitenote_category":0,"footnotes":""},"categories":[123,186,28,191,93,33,31,187,59],"tags":[922,253,921,165,920,309,352],"class_list":["entry","author-admin","post-8149","post","type-post","status-publish","format-standard","has-post-thumbnail","category-aktualnosci","category-budzet","category-dla-mieszkanca","category-edukacja","category-legionowo","category-legionowski","category-powiaty-mazowieckiego","category-samorzad","category-wydarzenia","tag-autyzm","tag-edukacja","tag-kabina-akustyczna","tag-legionowo","tag-nowoczesna-szkola","tag-samorzad","tag-szkola"],"aioseo_notices":[],"_links":{"self":[{"href":"https:\/\/naszpowiat.info\/index.php\/wp-json\/wp\/v2\/posts\/8149","targetHints":{"allow":["GET"]}}],"collection":[{"href":"https:\/\/naszpowiat.info\/index.php\/wp-json\/wp\/v2\/posts"}],"about":[{"href":"https:\/\/naszpowiat.info\/index.php\/wp-json\/wp\/v2\/types\/post"}],"author":[{"embeddable":true,"href":"https:\/\/naszpowiat.info\/index.php\/wp-json\/wp\/v2\/users\/9"}],"replies":[{"embeddable":true,"href":"https:\/\/naszpowiat.info\/index.php\/wp-json\/wp\/v2\/comments?post=8149"}],"version-history":[{"count":1,"href":"https:\/\/naszpowiat.info\/index.php\/wp-json\/wp\/v2\/posts\/8149\/revisions"}],"predecessor-version":[{"id":8151,"href":"https:\/\/naszpowiat.info\/index.php\/wp-json\/wp\/v2\/posts\/8149\/revisions\/8151"}],"wp:featuredmedia":[{"embeddable":true,"href":"https:\/\/naszpowiat.info\/index.php\/wp-json\/wp\/v2\/media\/8150"}],"wp:attachment":[{"href":"https:\/\/naszpowiat.info\/index.php\/wp-json\/wp\/v2\/media?parent=8149"}],"wp:term":[{"taxonomy":"category","embeddable":true,"href":"https:\/\/naszpowiat.info\/index.php\/wp-json\/wp\/v2\/categories?post=8149"},{"taxonomy":"post_tag","embeddable":true,"href":"https:\/\/naszpowiat.info\/index.php\/wp-json\/wp\/v2\/tags?post=8149"}],"curies":[{"name":"wp","href":"https:\/\/api.w.org\/{rel}","templated":true}]}}