{"id":8135,"date":"2025-03-07T12:51:56","date_gmt":"2025-03-07T12:51:56","guid":{"rendered":"https:\/\/naszpowiat.info\/?p=8135"},"modified":"2025-03-07T12:51:57","modified_gmt":"2025-03-07T12:51:57","slug":"nowa-trasa-dw-801-wieksze-bezpieczenstwo-i-lepsza-komunikacja","status":"publish","type":"post","link":"https:\/\/naszpowiat.info\/index.php\/2025\/03\/07\/nowa-trasa-dw-801-wieksze-bezpieczenstwo-i-lepsza-komunikacja\/","title":{"rendered":"Nowa trasa DW 801 \u2013 wi\u0119ksze bezpiecze\u0144stwo i lepsza komunikacja"},"content":{"rendered":"\n<p>Mieszka\u0144cy po\u0142udniowo-wschodnich rejon\u00f3w Warszawy oraz gminy J\u00f3zef\u00f3w mog\u0105 spodziewa\u0107 si\u0119 istotnej poprawy infrastruktury drogowej. Droga wojew\u00f3dzka nr 801, jedna z kluczowych arterii komunikacyjnych \u0142\u0105cz\u0105cych te obszary, zostanie poszerzona i poprowadzona nowym \u015bladem. Dzi\u0119ki podpisanej umowie mi\u0119dzy Samorz\u0105dem Wojew\u00f3dztwa Mazowieckiego a miastem sto\u0142ecznym Warszawa prace nad koncepcj\u0105 nowej trasy potrwaj\u0105 oko\u0142o dw\u00f3ch lat. Na ten cel Mazowsze przeznaczy 1,6 mln z\u0142.<\/p>\n\n\n\n<p>Modernizacja drogi nr 801 to konieczno\u015b\u0107 wynikaj\u0105ca z rosn\u0105cego nat\u0119\u017cenia ruchu. Codziennie tras\u0105 t\u0105 poruszaj\u0105 si\u0119 tysi\u0105ce kierowc\u00f3w, kt\u00f3rzy doje\u017cd\u017caj\u0105 do Warszawy lub podr\u00f3\u017cuj\u0105 w kierunku J\u00f3zefowa i okolicznych miejscowo\u015bci. Rozbudowa drogi i jej nowy przebieg nie tylko zwi\u0119ksz\u0105 przepustowo\u015b\u0107, ale przede wszystkim poprawi\u0105 bezpiecze\u0144stwo uczestnik\u00f3w ruchu. Wa\u017cnym aspektem projektu jest r\u00f3wnie\u017c dostosowanie infrastruktury do potrzeb rowerzyst\u00f3w i pieszych, co wp\u0142ynie na komfort mieszka\u0144c\u00f3w i zwi\u0119kszy bezpiecze\u0144stwo wszystkich u\u017cytkownik\u00f3w drogi.<\/p>\n\n\n\n<p>Planowana modernizacja obejmie odcinek o d\u0142ugo\u015bci oko\u0142o 5 km, z czego 1,2 km znajdzie si\u0119 w granicach Warszawy \u2013 od skrzy\u017cowania z ul. Czarnuszki \u2013 natomiast 3,8 km przebiega\u0107 b\u0119dzie przez gmin\u0119 J\u00f3zef\u00f3w, a\u017c do skrzy\u017cowania z drog\u0105 wojew\u00f3dzk\u0105 nr 721. Inwestycja ta jest kluczowa dla poprawy komunikacji w po\u0142udniowo-wschodniej cz\u0119\u015bci aglomeracji warszawskiej. Dzi\u0119ki nowej drodze mieszka\u0144cy gminy J\u00f3zef\u00f3w oraz innych okolicznych miejscowo\u015bci zyskaj\u0105 wygodne i bezpieczne po\u0142\u0105czenie z Warszaw\u0105, co skr\u00f3ci czas przejazdu i usprawni transport.<\/p>\n\n\n\n<p>Projektowanie nowej trasy DW 801 zosta\u0142o powierzone biuru Promost Consulting Sp. z o.o. sp.k. z Rzeszowa. Zadaniem wykonawcy jest przygotowanie kilku wariant\u00f3w przebiegu drogi, w tym budowy nowej trasy szybkiego ruchu oraz rozbudowy obecnej infrastruktury zgodnie z miejscowymi planami zagospodarowania przestrzennego. Ka\u017cdy z wariant\u00f3w b\u0119dzie zawiera\u0142 propozycj\u0119 budowy nowej jezdni, skrzy\u017cowa\u0144, zatoczek autobusowych oraz rozwi\u0105za\u0144 dla ruchu pieszo-rowerowego. Dodatkowo analizowana b\u0119dzie mo\u017cliwo\u015b\u0107 wytyczenia buspas\u00f3w, co mo\u017ce usprawni\u0107 komunikacj\u0119 miejsk\u0105.<\/p>\n\n\n\n<p>Nowa droga b\u0119dzie posiada\u0107 dwie jezdnie po dwa pasy ruchu, co zwi\u0119kszy jej przepustowo\u015b\u0107 i poprawi komfort jazdy. Co istotne, ruch pieszy i rowerowy zostanie oddzielony od ruchu samochodowego, co dodatkowo wp\u0142ynie na popraw\u0119 bezpiecze\u0144stwa. Projekt zak\u0142ada, \u017ce w przysz\u0142o\u015bci po zako\u0144czeniu prac koncepcyjnych i uzyskaniu niezb\u0119dnych pozwole\u0144 mo\u017cliwe b\u0119dzie rozpocz\u0119cie budowy drogi.<\/p>\n\n\n\n<p>Tego rodzaju inwestycje cz\u0119sto budz\u0105 r\u00f3\u017cne emocje w\u015br\u00f3d mieszka\u0144c\u00f3w, jednak w\u0142adze licz\u0105 na sprawny przebieg prac przygotowawczych i szybkie uzyskanie decyzji \u015brodowiskowych. Je\u015bli wszystkie procedury zostan\u0105 przeprowadzone zgodnie z harmonogramem, po zako\u0144czeniu etapu projektowego b\u0119dzie mo\u017cna przyst\u0105pi\u0107 do realizacji budowy nowej drogi, co znacz\u0105co poprawi komfort podr\u00f3\u017cowania zar\u00f3wno dla kierowc\u00f3w, jak i u\u017cytkownik\u00f3w transportu publicznego.<\/p>\n\n\n<div class=\"wp-block-image\">\n<figure class=\"aligncenter size-full\"><img loading=\"lazy\" decoding=\"async\" width=\"706\" height=\"480\" src=\"https:\/\/naszpowiat.info\/wp-content\/uploads\/2025\/03\/image-12.png\" alt=\"\" class=\"wp-image-8136\" srcset=\"https:\/\/naszpowiat.info\/wp-content\/uploads\/2025\/03\/image-12.png 706w, https:\/\/naszpowiat.info\/wp-content\/uploads\/2025\/03\/image-12-300x204.png 300w, https:\/\/naszpowiat.info\/wp-content\/uploads\/2025\/03\/image-12-465x316.png 465w, https:\/\/naszpowiat.info\/wp-content\/uploads\/2025\/03\/image-12-695x473.png 695w\" sizes=\"auto, (max-width: 706px) 100vw, 706px\" \/><figcaption class=\"wp-element-caption\">Fot. Micha\u0142 S\u0142aby<\/figcaption><\/figure>\n<\/div><div class=\"naszp-po-tresci\" id=\"naszp-2368871\"><script async src=\"\/\/pagead2.googlesyndication.com\/pagead\/js\/adsbygoogle.js?client=ca-pub-5304901113955943\" crossorigin=\"anonymous\"><\/script><ins class=\"adsbygoogle\" style=\"display:block;\" data-ad-client=\"ca-pub-5304901113955943\" \ndata-ad-slot=\"9226873542\" \ndata-ad-format=\"auto\"><\/ins>\n<script> \n(adsbygoogle = window.adsbygoogle || []).push({}); \n<\/script>\n<\/div>","protected":false},"excerpt":{"rendered":"<p>Mieszka\u0144cy po\u0142udniowo-wschodnich rejon\u00f3w Warszawy oraz gminy J\u00f3zef\u00f3w mog\u0105 spodziewa\u0107 si\u0119 istotnej poprawy infrastruktury drogowej. Droga wojew\u00f3dzka nr 801, jedna z kluczowych arterii komunikacyjnych \u0142\u0105cz\u0105cych te obszary, zostanie poszerzona i poprowadzona nowym \u015bladem. Dzi\u0119ki podpisanej umowie mi\u0119dzy Samorz\u0105dem Wojew\u00f3dztwa Mazowieckiego a miastem sto\u0142ecznym Warszawa prace nad koncepcj\u0105 nowej trasy potrwaj\u0105 oko\u0142o<span class=\"more-link\"><a href=\"https:\/\/naszpowiat.info\/index.php\/2025\/03\/07\/nowa-trasa-dw-801-wieksze-bezpieczenstwo-i-lepsza-komunikacja\/\">Czytaj dalej<\/a><\/span><\/p>\n","protected":false},"author":9,"featured_media":8136,"comment_status":"open","ping_status":"open","sticky":false,"template":"","format":"standard","meta":{"_monsterinsights_skip_tracking":false,"_monsterinsights_sitenote_active":false,"_monsterinsights_sitenote_note":"","_monsterinsights_sitenote_category":0,"footnotes":""},"categories":[123,172,28,127,84,152,36,31,187,59],"tags":[913,126,405,148,403,309,406,290],"class_list":["entry","author-admin","post-8135","post","type-post","status-publish","format-standard","has-post-thumbnail","category-aktualnosci","category-bezpieczenstwo","category-dla-mieszkanca","category-inwestycje","category-jozefow","category-komunikacja","category-otwocki","category-powiaty-mazowieckiego","category-samorzad","category-wydarzenia","tag-dw-801","tag-inwestycje","tag-jozefow","tag-otwock","tag-otwocki","tag-samorzad","tag-warszawa","tag-wydarzenia"],"aioseo_notices":[],"_links":{"self":[{"href":"https:\/\/naszpowiat.info\/index.php\/wp-json\/wp\/v2\/posts\/8135","targetHints":{"allow":["GET"]}}],"collection":[{"href":"https:\/\/naszpowiat.info\/index.php\/wp-json\/wp\/v2\/posts"}],"about":[{"href":"https:\/\/naszpowiat.info\/index.php\/wp-json\/wp\/v2\/types\/post"}],"author":[{"embeddable":true,"href":"https:\/\/naszpowiat.info\/index.php\/wp-json\/wp\/v2\/users\/9"}],"replies":[{"embeddable":true,"href":"https:\/\/naszpowiat.info\/index.php\/wp-json\/wp\/v2\/comments?post=8135"}],"version-history":[{"count":1,"href":"https:\/\/naszpowiat.info\/index.php\/wp-json\/wp\/v2\/posts\/8135\/revisions"}],"predecessor-version":[{"id":8137,"href":"https:\/\/naszpowiat.info\/index.php\/wp-json\/wp\/v2\/posts\/8135\/revisions\/8137"}],"wp:featuredmedia":[{"embeddable":true,"href":"https:\/\/naszpowiat.info\/index.php\/wp-json\/wp\/v2\/media\/8136"}],"wp:attachment":[{"href":"https:\/\/naszpowiat.info\/index.php\/wp-json\/wp\/v2\/media?parent=8135"}],"wp:term":[{"taxonomy":"category","embeddable":true,"href":"https:\/\/naszpowiat.info\/index.php\/wp-json\/wp\/v2\/categories?post=8135"},{"taxonomy":"post_tag","embeddable":true,"href":"https:\/\/naszpowiat.info\/index.php\/wp-json\/wp\/v2\/tags?post=8135"}],"curies":[{"name":"wp","href":"https:\/\/api.w.org\/{rel}","templated":true}]}}