{"id":8113,"date":"2025-03-05T19:14:58","date_gmt":"2025-03-05T19:14:58","guid":{"rendered":"https:\/\/naszpowiat.info\/?p=8113"},"modified":"2025-03-05T19:20:38","modified_gmt":"2025-03-05T19:20:38","slug":"muzyczna-uczta-w-dniu-kobiet-dwa-wyjatkowe-koncerty-w-csik","status":"publish","type":"post","link":"https:\/\/naszpowiat.info\/index.php\/2025\/03\/05\/muzyczna-uczta-w-dniu-kobiet-dwa-wyjatkowe-koncerty-w-csik\/","title":{"rendered":"Muzyczna uczta w Dniu Kobiet &#8211; dwa wyj\u0105tkowe koncerty w CSiK!"},"content":{"rendered":"\n<p>Ju\u017c w najbli\u017cszy weekend Centrum Sportu i Kultury w Nowogrodzie zaprasza na dwa wyj\u0105tkowe wydarzenia muzyczne, kt\u00f3re b\u0119d\u0105 doskona\u0142ym akcentem zbli\u017caj\u0105cego si\u0119 Dnia Kobiet. To niepowtarzalna okazja, aby sp\u0119dzi\u0107 czas w towarzystwie pi\u0119knej muzyki i poczu\u0107 magi\u0119 tego wyj\u0105tkowego \u015bwi\u0119ta.<\/p>\n\n\n\n<p>Oba koncerty stanowi\u0105 sta\u0142y element kalendarza kulturalnego CSiK, ciesz\u0105c si\u0119 nies\u0142abn\u0105cym zainteresowaniem publiczno\u015bci. Mimo r\u00f3\u017cnic w charakterze i skali, \u0142\u0105czy je jedno \u2013 pasja i zaanga\u017cowanie artyst\u00f3w, kt\u00f3rzy pragn\u0105 podzieli\u0107 si\u0119 swoj\u0105 mi\u0142o\u015bci\u0105 do muzyki.<\/p>\n\n\n\n<p>Pierwszy z koncert\u00f3w, b\u0119d\u0105cy prezentacj\u0105 talent\u00f3w m\u0142odych adept\u00f3w ogniska muzycznego, odb\u0119dzie si\u0119 ju\u017c 6 marca, w czwartek, o godzinie 18:00 w sali konferencyjnej. To wyj\u0105tkowa okazja, aby podziwia\u0107 umiej\u0119tno\u015bci i zaanga\u017cowanie dzieci i m\u0142odzie\u017cy, kt\u00f3rzy pod okiem maestro Juliana Czaporowskiego przygotowywali si\u0119 do tego wyst\u0119pu przez wiele tygodni. Mimo towarzysz\u0105cej tremy, atmosfera na sali zawsze jest pe\u0142na ciep\u0142a i \u017cyczliwo\u015bci, co pozwala m\u0142odym artystom zaprezentowa\u0107 si\u0119 z jak najlepszej strony. Publiczno\u015b\u0107 b\u0119dzie mia\u0142a okazj\u0119 delektowa\u0107 si\u0119 bogactwem klasycznych utwor\u00f3w, kt\u00f3re z pewno\u015bci\u0105 dostarcz\u0105 niezapomnianych wra\u017ce\u0144.<\/p>\n\n\n\n<p>Drugie muzyczne wydarzenie, koncert Orkiestry Ochotniczej Stra\u017cy Po\u017carnej z Garwolina, zaplanowano na niedziel\u0119, 9 marca, o godzinie 16:00 w sali kinowej. Na scenie zaprezentuje si\u0119 kilkudziesi\u0119ciu muzyk\u00f3w pod batut\u0105 Zbigniewa Mi\u0119tusa. Orkiestra przygotowa\u0142a specjalnie na t\u0119 okazj\u0119 kilka zupe\u0142nie nowych aran\u017cacji, a tak\u017ce znane i lubiane utwory, kt\u00f3re z pewno\u015bci\u0105 przypadn\u0105 do gustu szczeg\u00f3lnie paniom. W muzyczn\u0105 podr\u00f3\u017c zabior\u0105 s\u0142uchaczy soli\u015bci \u2013 Ma\u0142gorzata Bajek i Tadeusz Talarek.<\/p>\n\n\n<div class=\"wp-block-image\">\n<figure class=\"alignleft size-large is-resized\"><img loading=\"lazy\" decoding=\"async\" width=\"724\" height=\"1024\" src=\"https:\/\/naszpowiat.info\/wp-content\/uploads\/2025\/03\/image-7-724x1024.png\" alt=\"\" class=\"wp-image-8114\" style=\"width:486px;height:auto\" srcset=\"https:\/\/naszpowiat.info\/wp-content\/uploads\/2025\/03\/image-7-724x1024.png 724w, https:\/\/naszpowiat.info\/wp-content\/uploads\/2025\/03\/image-7-212x300.png 212w, https:\/\/naszpowiat.info\/wp-content\/uploads\/2025\/03\/image-7-768x1086.png 768w, https:\/\/naszpowiat.info\/wp-content\/uploads\/2025\/03\/image-7-389x550.png 389w, https:\/\/naszpowiat.info\/wp-content\/uploads\/2025\/03\/image-7-353x500.png 353w, https:\/\/naszpowiat.info\/wp-content\/uploads\/2025\/03\/image-7.png 842w\" sizes=\"auto, (max-width: 724px) 100vw, 724px\" \/><\/figure>\n<\/div>\n\n\n<figure class=\"wp-block-image size-large is-resized\"><img loading=\"lazy\" decoding=\"async\" width=\"724\" height=\"1024\" src=\"https:\/\/naszpowiat.info\/wp-content\/uploads\/2025\/03\/image-8-724x1024.png\" alt=\"\" class=\"wp-image-8115\" style=\"width:490px;height:auto\"\/><\/figure>\n<div class=\"naszp-po-tresci\" id=\"naszp-2027781369\"><script async src=\"\/\/pagead2.googlesyndication.com\/pagead\/js\/adsbygoogle.js?client=ca-pub-5304901113955943\" crossorigin=\"anonymous\"><\/script><ins class=\"adsbygoogle\" style=\"display:block;\" data-ad-client=\"ca-pub-5304901113955943\" \ndata-ad-slot=\"9226873542\" \ndata-ad-format=\"auto\"><\/ins>\n<script> \n(adsbygoogle = window.adsbygoogle || []).push({}); \n<\/script>\n<\/div>","protected":false},"excerpt":{"rendered":"<p>Ju\u017c w najbli\u017cszy weekend Centrum Sportu i Kultury w Nowogrodzie zaprasza na dwa wyj\u0105tkowe wydarzenia muzyczne, kt\u00f3re b\u0119d\u0105 doskona\u0142ym akcentem zbli\u017caj\u0105cego si\u0119 Dnia Kobiet. To niepowtarzalna okazja, aby sp\u0119dzi\u0107 czas w towarzystwie pi\u0119knej muzyki i poczu\u0107 magi\u0119 tego wyj\u0105tkowego \u015bwi\u0119ta. Oba koncerty stanowi\u0105 sta\u0142y element kalendarza kulturalnego CSiK, ciesz\u0105c si\u0119<span class=\"more-link\"><a href=\"https:\/\/naszpowiat.info\/index.php\/2025\/03\/05\/muzyczna-uczta-w-dniu-kobiet-dwa-wyjatkowe-koncerty-w-csik\/\">Czytaj dalej<\/a><\/span><\/p>\n","protected":false},"author":9,"featured_media":8115,"comment_status":"open","ping_status":"open","sticky":false,"template":"","format":"standard","meta":{"_monsterinsights_skip_tracking":false,"_monsterinsights_sitenote_active":false,"_monsterinsights_sitenote_note":"","_monsterinsights_sitenote_category":0,"footnotes":""},"categories":[123,28,191,213,30,209,31,166,187,59],"tags":[893,863,227,471,265,207,285,309],"class_list":["entry","author-admin","post-8113","post","type-post","status-publish","format-standard","has-post-thumbnail","category-aktualnosci","category-dla-mieszkanca","category-edukacja","category-garwolin","category-kultura","category-powiat-garwolinski","category-powiaty-mazowieckiego","category-rekreacja","category-samorzad","category-wydarzenia","tag-centrum-sportu-i-kultury","tag-dzien-kobiet","tag-garwolin","tag-garwolinski","tag-koncert","tag-kultura","tag-muzyka","tag-samorzad"],"aioseo_notices":[],"_links":{"self":[{"href":"https:\/\/naszpowiat.info\/index.php\/wp-json\/wp\/v2\/posts\/8113","targetHints":{"allow":["GET"]}}],"collection":[{"href":"https:\/\/naszpowiat.info\/index.php\/wp-json\/wp\/v2\/posts"}],"about":[{"href":"https:\/\/naszpowiat.info\/index.php\/wp-json\/wp\/v2\/types\/post"}],"author":[{"embeddable":true,"href":"https:\/\/naszpowiat.info\/index.php\/wp-json\/wp\/v2\/users\/9"}],"replies":[{"embeddable":true,"href":"https:\/\/naszpowiat.info\/index.php\/wp-json\/wp\/v2\/comments?post=8113"}],"version-history":[{"count":1,"href":"https:\/\/naszpowiat.info\/index.php\/wp-json\/wp\/v2\/posts\/8113\/revisions"}],"predecessor-version":[{"id":8116,"href":"https:\/\/naszpowiat.info\/index.php\/wp-json\/wp\/v2\/posts\/8113\/revisions\/8116"}],"wp:featuredmedia":[{"embeddable":true,"href":"https:\/\/naszpowiat.info\/index.php\/wp-json\/wp\/v2\/media\/8115"}],"wp:attachment":[{"href":"https:\/\/naszpowiat.info\/index.php\/wp-json\/wp\/v2\/media?parent=8113"}],"wp:term":[{"taxonomy":"category","embeddable":true,"href":"https:\/\/naszpowiat.info\/index.php\/wp-json\/wp\/v2\/categories?post=8113"},{"taxonomy":"post_tag","embeddable":true,"href":"https:\/\/naszpowiat.info\/index.php\/wp-json\/wp\/v2\/tags?post=8113"}],"curies":[{"name":"wp","href":"https:\/\/api.w.org\/{rel}","templated":true}]}}