{"id":8061,"date":"2025-02-26T16:57:47","date_gmt":"2025-02-26T16:57:47","guid":{"rendered":"https:\/\/naszpowiat.info\/?p=8061"},"modified":"2025-02-26T16:57:48","modified_gmt":"2025-02-26T16:57:48","slug":"nowe-doswietlenia-przejsc-dla-pieszych-w-powiecie-pruszkowskim","status":"publish","type":"post","link":"https:\/\/naszpowiat.info\/index.php\/2025\/02\/26\/nowe-doswietlenia-przejsc-dla-pieszych-w-powiecie-pruszkowskim\/","title":{"rendered":"Nowe do\u015bwietlenia przej\u015b\u0107 dla pieszych w powiecie pruszkowskim"},"content":{"rendered":"\n<p>W\u0142adze powiatu pruszkowskiego podj\u0119\u0142y decyzj\u0119 o poprawie bezpiecze\u0144stwa pieszych na drogach. Na siedmiu przej\u015bciach dla pieszych zostan\u0105 zamontowane nowoczesne systemy do\u015bwietlenia. Dzi\u0119ki temu piesi b\u0119d\u0105 lepiej widoczni po zmroku, co znacz\u0105co wp\u0142ynie na bezpiecze\u0144stwo w ruchu drogowym.<\/p>\n\n\n\n<p>Niewystarczaj\u0105ce o\u015bwietlenie przej\u015b\u0107 dla pieszych to jedno z g\u0142\u00f3wnych zagro\u017ce\u0144 dla pieszych i kierowc\u00f3w. Po zmroku wiele os\u00f3b jest trudnych do zauwa\u017cenia, szczeg\u00f3lnie w z\u0142ych warunkach pogodowych. Wp\u0142yw na to ma kilka czynnik\u00f3w:<br>ciemne ubrania pieszych,<br>ograniczona widoczno\u015b\u0107 spowodowana deszczem lub mg\u0142\u0105,<br>parkowanie pojazd\u00f3w w pobli\u017cu przej\u015b\u0107, kt\u00f3re zas\u0142aniaj\u0105 widok kierowcom.<\/p>\n\n\n\n<p>Nowoczesne do\u015bwietlenie przej\u015b\u0107 dla pieszych to skuteczny spos\u00f3b na zmniejszenie liczby wypadk\u00f3w.<\/p>\n\n\n\n<p><strong>Gdzie pojawi\u0105 si\u0119 nowe do\u015bwietlenia?<\/strong><\/p>\n\n\n\n<p>Projekt obejmuje siedem lokalizacji, w kt\u00f3rych zaplanowano monta\u017c dodatkowego o\u015bwietlenia:<br>Brwin\u00f3w \u2013 ul. Powsta\u0144c\u00f3w Warszawy, w pobli\u017cu skrzy\u017cowania z ul. \u017burawi\u0105.<br>Dawidy \u2013 ul. Warszawska, w rejonie posesji nr 48.<br>Nadarzyn \u2013 ul. Pruszkowska, w rejonie skrzy\u017cowania z ul. Akacjow\u0105.<br>Pruszk\u00f3w \u2013 Al. Armii Krajowej, w pobli\u017cu posesji nr 22.<br>Pruszk\u00f3w \u2013 Al. Armii Krajowej, w pobli\u017cu posesji nr 28.<br>Piast\u00f3w \u2013 ul. Tuwima, pomi\u0119dzy skrzy\u017cowaniami z ul. Mickiewicza i ul. Reja.<br>Piast\u00f3w \u2013 ul. Warszawska, w pobli\u017cu skrzy\u017cowania z ul. Hallera.<\/p>\n\n\n\n<p>Ostatnie zadanie zostanie zrealizowane w ramach Bud\u017cetu Inicjatyw Spo\u0142ecznych Powiatu Pruszkowskiego.<\/p>\n\n\n\n<p>To kolejny krok w kierunku zwi\u0119kszenia bezpiecze\u0144stwa w powiecie pruszkowskim. Mieszka\u0144cy mog\u0105 spodziewa\u0107 si\u0119 realnych zmian na ulicach ju\u017c w najbli\u017cszym czasie.<\/p>\n\n\n<div class=\"wp-block-image\">\n<figure class=\"aligncenter size-full\"><img loading=\"lazy\" decoding=\"async\" width=\"640\" height=\"480\" src=\"https:\/\/naszpowiat.info\/wp-content\/uploads\/2025\/02\/283-858.jpg\" alt=\"\" class=\"wp-image-8062\" srcset=\"https:\/\/naszpowiat.info\/wp-content\/uploads\/2025\/02\/283-858.jpg 640w, https:\/\/naszpowiat.info\/wp-content\/uploads\/2025\/02\/283-858-300x225.jpg 300w, https:\/\/naszpowiat.info\/wp-content\/uploads\/2025\/02\/283-858-465x349.jpg 465w\" sizes=\"auto, (max-width: 640px) 100vw, 640px\" \/><figcaption class=\"wp-element-caption\">Fot. Policja Mazowiecka<\/figcaption><\/figure>\n<\/div><div class=\"naszp-po-tresci\" id=\"naszp-3900810\"><script async src=\"\/\/pagead2.googlesyndication.com\/pagead\/js\/adsbygoogle.js?client=ca-pub-5304901113955943\" crossorigin=\"anonymous\"><\/script><ins class=\"adsbygoogle\" style=\"display:block;\" data-ad-client=\"ca-pub-5304901113955943\" \ndata-ad-slot=\"9226873542\" \ndata-ad-format=\"auto\"><\/ins>\n<script> \n(adsbygoogle = window.adsbygoogle || []).push({}); \n<\/script>\n<\/div>","protected":false},"excerpt":{"rendered":"<p>W\u0142adze powiatu pruszkowskiego podj\u0119\u0142y decyzj\u0119 o poprawie bezpiecze\u0144stwa pieszych na drogach. Na siedmiu przej\u015bciach dla pieszych zostan\u0105 zamontowane nowoczesne systemy do\u015bwietlenia. Dzi\u0119ki temu piesi b\u0119d\u0105 lepiej widoczni po zmroku, co znacz\u0105co wp\u0142ynie na bezpiecze\u0144stwo w ruchu drogowym. Niewystarczaj\u0105ce o\u015bwietlenie przej\u015b\u0107 dla pieszych to jedno z g\u0142\u00f3wnych zagro\u017ce\u0144 dla pieszych i<span class=\"more-link\"><a href=\"https:\/\/naszpowiat.info\/index.php\/2025\/02\/26\/nowe-doswietlenia-przejsc-dla-pieszych-w-powiecie-pruszkowskim\/\">Czytaj dalej<\/a><\/span><\/p>\n","protected":false},"author":9,"featured_media":8062,"comment_status":"open","ping_status":"open","sticky":false,"template":"","format":"standard","meta":{"_monsterinsights_skip_tracking":false,"_monsterinsights_sitenote_active":false,"_monsterinsights_sitenote_note":"","_monsterinsights_sitenote_category":0,"footnotes":""},"categories":[123,172,186,28,127,42,187],"tags":[156,184,126,141,309],"class_list":["entry","author-admin","post-8061","post","type-post","status-publish","format-standard","has-post-thumbnail","category-aktualnosci","category-bezpieczenstwo","category-budzet","category-dla-mieszkanca","category-inwestycje","category-pruszkow","category-samorzad","tag-bezpieczenstwo","tag-drogi","tag-inwestycje","tag-pruszkow","tag-samorzad"],"aioseo_notices":[],"_links":{"self":[{"href":"https:\/\/naszpowiat.info\/index.php\/wp-json\/wp\/v2\/posts\/8061","targetHints":{"allow":["GET"]}}],"collection":[{"href":"https:\/\/naszpowiat.info\/index.php\/wp-json\/wp\/v2\/posts"}],"about":[{"href":"https:\/\/naszpowiat.info\/index.php\/wp-json\/wp\/v2\/types\/post"}],"author":[{"embeddable":true,"href":"https:\/\/naszpowiat.info\/index.php\/wp-json\/wp\/v2\/users\/9"}],"replies":[{"embeddable":true,"href":"https:\/\/naszpowiat.info\/index.php\/wp-json\/wp\/v2\/comments?post=8061"}],"version-history":[{"count":1,"href":"https:\/\/naszpowiat.info\/index.php\/wp-json\/wp\/v2\/posts\/8061\/revisions"}],"predecessor-version":[{"id":8063,"href":"https:\/\/naszpowiat.info\/index.php\/wp-json\/wp\/v2\/posts\/8061\/revisions\/8063"}],"wp:featuredmedia":[{"embeddable":true,"href":"https:\/\/naszpowiat.info\/index.php\/wp-json\/wp\/v2\/media\/8062"}],"wp:attachment":[{"href":"https:\/\/naszpowiat.info\/index.php\/wp-json\/wp\/v2\/media?parent=8061"}],"wp:term":[{"taxonomy":"category","embeddable":true,"href":"https:\/\/naszpowiat.info\/index.php\/wp-json\/wp\/v2\/categories?post=8061"},{"taxonomy":"post_tag","embeddable":true,"href":"https:\/\/naszpowiat.info\/index.php\/wp-json\/wp\/v2\/tags?post=8061"}],"curies":[{"name":"wp","href":"https:\/\/api.w.org\/{rel}","templated":true}]}}