{"id":8021,"date":"2025-02-21T16:37:34","date_gmt":"2025-02-21T16:37:34","guid":{"rendered":"https:\/\/naszpowiat.info\/?p=8021"},"modified":"2025-02-21T16:37:35","modified_gmt":"2025-02-21T16:37:35","slug":"rusza-rekrutacja-do-przedszkoli-w-gminie-piaseczno","status":"publish","type":"post","link":"https:\/\/naszpowiat.info\/index.php\/2025\/02\/21\/rusza-rekrutacja-do-przedszkoli-w-gminie-piaseczno\/","title":{"rendered":"Rusza rekrutacja do przedszkoli w gminie Piaseczno"},"content":{"rendered":"\n<p><strong>24 lutego rozpocznie si\u0119 rekrutacja do publicznych przedszkoli i oddzia\u0142\u00f3w przedszkolnych w szko\u0142ach podstawowych prowadzonych przez Gmin\u0119 Piaseczno<\/strong>.<\/p>\n\n\n\n<p>Zasady oraz harmonogram rekrutacji do publicznych przedszkoli i oddzia\u0142\u00f3w przedszkolnych w szko\u0142ach podstawowych prowadzonych przez Gmin\u0119 Piaseczno na rok szkolny 2025\/2026 dost\u0119pne s\u0105 na stronie internetowej&nbsp;oswiata.piaseczno.eu\/rekrutacje.<\/p>\n\n\n\n<p>10 lutego rozpocz\u0119\u0142a si\u0119 w przedszkolach rekrutacja dla dzieci, kt\u00f3re b\u0119d\u0105 kontynuowa\u0107 nauk\u0119 w danej plac\u00f3wce.&nbsp;<strong>24 lutego<\/strong>&nbsp;<strong>2025 r.<\/strong>&nbsp;wystartuje rekrutacja elektroniczna dla pozosta\u0142ych kandydat\u00f3w na stronie przedszkola-piaseczno.nabory.pl.<\/p>\n\n\n\n<p>Informacje o ofercie gminnych przedszkoli mo\u017cna znale\u017a\u0107 na stronie gminy <a href=\"http:\/\/www.piaseczno.eu\">www.piaseczno.eu<\/a>.<\/p>\n\n\n\n<p>Z kolei rekrutacja do klas pierwszych publicznych szk\u00f3\u0142 podstawowych prowadzonych przez Gmin\u0119 Piaseczno rozpocznie si\u0119 <strong>17 marca 2025 r.\u00a0<\/strong>Zasady rekrutacji na rok szkolny 2025\/2026 r\u00f3wnie\u017c s\u0105 dost\u0119pne na stronie internetowej\u00a0oswiata.piaseczno.eu\/rekrutacje.\u00a0<\/p>\n\n\n<div class=\"wp-block-image\">\n<figure class=\"aligncenter size-large is-resized\"><img loading=\"lazy\" decoding=\"async\" width=\"1024\" height=\"731\" src=\"https:\/\/naszpowiat.info\/wp-content\/uploads\/2025\/02\/DSC_5047-1024x731.jpg\" alt=\"\" class=\"wp-image-8022\" style=\"width:560px;height:auto\" srcset=\"https:\/\/naszpowiat.info\/wp-content\/uploads\/2025\/02\/DSC_5047-1024x731.jpg 1024w, https:\/\/naszpowiat.info\/wp-content\/uploads\/2025\/02\/DSC_5047-300x214.jpg 300w, https:\/\/naszpowiat.info\/wp-content\/uploads\/2025\/02\/DSC_5047-768x548.jpg 768w, https:\/\/naszpowiat.info\/wp-content\/uploads\/2025\/02\/DSC_5047-465x332.jpg 465w, https:\/\/naszpowiat.info\/wp-content\/uploads\/2025\/02\/DSC_5047-695x496.jpg 695w, https:\/\/naszpowiat.info\/wp-content\/uploads\/2025\/02\/DSC_5047.jpg 1434w\" sizes=\"auto, (max-width: 1024px) 100vw, 1024px\" \/><figcaption class=\"wp-element-caption\">Fot. Gmina Piaseczno <\/figcaption><\/figure>\n<\/div><div class=\"naszp-po-tresci\" id=\"naszp-2841450718\"><script async src=\"\/\/pagead2.googlesyndication.com\/pagead\/js\/adsbygoogle.js?client=ca-pub-5304901113955943\" crossorigin=\"anonymous\"><\/script><ins class=\"adsbygoogle\" style=\"display:block;\" data-ad-client=\"ca-pub-5304901113955943\" \ndata-ad-slot=\"9226873542\" \ndata-ad-format=\"auto\"><\/ins>\n<script> \n(adsbygoogle = window.adsbygoogle || []).push({}); \n<\/script>\n<\/div>","protected":false},"excerpt":{"rendered":"<p>24 lutego rozpocznie si\u0119 rekrutacja do publicznych przedszkoli i oddzia\u0142\u00f3w przedszkolnych w szko\u0142ach podstawowych prowadzonych przez Gmin\u0119 Piaseczno. Zasady oraz harmonogram rekrutacji do publicznych przedszkoli i oddzia\u0142\u00f3w przedszkolnych w szko\u0142ach podstawowych prowadzonych przez Gmin\u0119 Piaseczno na rok szkolny 2025\/2026 dost\u0119pne s\u0105 na stronie internetowej&nbsp;oswiata.piaseczno.eu\/rekrutacje. 10 lutego rozpocz\u0119\u0142a si\u0119 w przedszkolach<span class=\"more-link\"><a href=\"https:\/\/naszpowiat.info\/index.php\/2025\/02\/21\/rusza-rekrutacja-do-przedszkoli-w-gminie-piaseczno\/\">Czytaj dalej<\/a><\/span><\/p>\n","protected":false},"author":9,"featured_media":8022,"comment_status":"open","ping_status":"open","sticky":false,"template":"","format":"standard","meta":{"_monsterinsights_skip_tracking":false,"_monsterinsights_sitenote_active":false,"_monsterinsights_sitenote_note":"","_monsterinsights_sitenote_category":0,"footnotes":""},"categories":[123,191,29,110,187],"tags":[253,151,374,309,644],"class_list":["entry","author-admin","post-8021","post","type-post","status-publish","format-standard","has-post-thumbnail","category-aktualnosci","category-edukacja","category-fora-mieszkancow","category-piaseczno","category-samorzad","tag-edukacja","tag-piaseczno","tag-przedszkole","tag-samorzad","tag-zlobek"],"aioseo_notices":[],"_links":{"self":[{"href":"https:\/\/naszpowiat.info\/index.php\/wp-json\/wp\/v2\/posts\/8021","targetHints":{"allow":["GET"]}}],"collection":[{"href":"https:\/\/naszpowiat.info\/index.php\/wp-json\/wp\/v2\/posts"}],"about":[{"href":"https:\/\/naszpowiat.info\/index.php\/wp-json\/wp\/v2\/types\/post"}],"author":[{"embeddable":true,"href":"https:\/\/naszpowiat.info\/index.php\/wp-json\/wp\/v2\/users\/9"}],"replies":[{"embeddable":true,"href":"https:\/\/naszpowiat.info\/index.php\/wp-json\/wp\/v2\/comments?post=8021"}],"version-history":[{"count":1,"href":"https:\/\/naszpowiat.info\/index.php\/wp-json\/wp\/v2\/posts\/8021\/revisions"}],"predecessor-version":[{"id":8023,"href":"https:\/\/naszpowiat.info\/index.php\/wp-json\/wp\/v2\/posts\/8021\/revisions\/8023"}],"wp:featuredmedia":[{"embeddable":true,"href":"https:\/\/naszpowiat.info\/index.php\/wp-json\/wp\/v2\/media\/8022"}],"wp:attachment":[{"href":"https:\/\/naszpowiat.info\/index.php\/wp-json\/wp\/v2\/media?parent=8021"}],"wp:term":[{"taxonomy":"category","embeddable":true,"href":"https:\/\/naszpowiat.info\/index.php\/wp-json\/wp\/v2\/categories?post=8021"},{"taxonomy":"post_tag","embeddable":true,"href":"https:\/\/naszpowiat.info\/index.php\/wp-json\/wp\/v2\/tags?post=8021"}],"curies":[{"name":"wp","href":"https:\/\/api.w.org\/{rel}","templated":true}]}}