{"id":8015,"date":"2025-02-21T14:31:38","date_gmt":"2025-02-21T14:31:38","guid":{"rendered":"https:\/\/naszpowiat.info\/?p=8015"},"modified":"2025-02-21T14:31:39","modified_gmt":"2025-02-21T14:31:39","slug":"zabki-rozkwitna-zielenia-35-miliona-zlotych-na-budowe-parku-mala-ojczyzna","status":"publish","type":"post","link":"https:\/\/naszpowiat.info\/index.php\/2025\/02\/21\/zabki-rozkwitna-zielenia-35-miliona-zlotych-na-budowe-parku-mala-ojczyzna\/","title":{"rendered":"Z\u0105bki rozkwitn\u0105 zieleni\u0105! 3,5 miliona z\u0142otych na budow\u0119 parku &#8222;Ma\u0142a Ojczyzna&#8221;"},"content":{"rendered":"\n<p>Z\u0105bki mog\u0105 \u015bwi\u0119towa\u0107! Dzi\u0119ki staraniom Burmistrz Ma\u0142gorzaty Zy\u015bk, miasto pozyska\u0142o blisko 3,5 miliona z\u0142otych dofinansowania z programu Fundusze Europejskie dla Mazowsza 2021-2027. Te cenne \u015brodki zostan\u0105 przeznaczone na realizacj\u0119 marzenia o nowoczesnym, zielonym parku &#8222;Ma\u0142a Ojczyzna&#8221;, kt\u00f3ry powstanie przy ulicy Herberta.<\/p>\n\n\n\n<p>To b\u0119dzie prawdziwa metamorfoza! Na powierzchni blisko 1,6 hektara zago\u015bci bujna ro\u015blinno\u015b\u0107, tworz\u0105c oaz\u0119 bior\u00f3\u017cnorodno\u015bci. Wyobra\u017acie sobie 60 majestatycznych drzew, 300 krzew\u00f3w, 17 tysi\u0119cy r\u00f3\u017cnorodnych ro\u015blin i blisko 160 tysi\u0119cy kwiat\u00f3w, kt\u00f3re zamieni\u0105 ten teren w malownicz\u0105 \u0142\u0105k\u0119 kwietn\u0105. A w sercu tego zielonego raju, pojawi si\u0119 du\u017cy zbiornik wodny ze strumykiem, kt\u00f3ry nie tylko b\u0119dzie cieszy\u0142 oko, ale r\u00f3wnie\u017c korzystnie wp\u0142ynie na mikroklimat okolicy.<\/p>\n\n\n\n<p>&#8222;Ma\u0142a Ojczyzna&#8221; to jednak nie tylko pi\u0119kno natury. To r\u00f3wnie\u017c troska o lokalny ekosystem. Specjalny wa\u0142 ziemny, kt\u00f3ry powstanie w parku, stanie si\u0119 schronieniem dla owad\u00f3w zapylaj\u0105cych i jask\u00f3\u0142ek brzeg\u00f3wek. To niezwykle wa\u017cne dla zachowania r\u00f3wnowagi w przyrodzie i wspierania bior\u00f3\u017cnorodno\u015bci.<\/p>\n\n\n\n<p>Ta inwestycja to kolejny krok w kierunku zielonej przysz\u0142o\u015bci Z\u0105bek. Park &#8222;Ma\u0142a Ojczyzna&#8221; b\u0119dzie wyj\u0105tkowym miejscem, w kt\u00f3rym mieszka\u0144cy b\u0119d\u0105 mogli odpocz\u0105\u0107, zrelaksowa\u0107 si\u0119 i cieszy\u0107 pi\u0119knem natury. To r\u00f3wnie\u017c przestrze\u0144, w kt\u00f3rej edukacja ekologiczna b\u0119dzie sz\u0142a w parze z estetyk\u0105 i funkcjonalno\u015bci\u0105.<\/p>\n\n\n\n<p>Z\u0105bki staj\u0105 si\u0119 coraz pi\u0119kniejsze i bardziej przyjazne dla mieszka\u0144c\u00f3w. &#8222;Ma\u0142a Ojczyzna&#8221; to dow\u00f3d na to, \u017ce marzenia o zielonym mie\u015bcie mog\u0105 si\u0119 spe\u0142ni\u0107.<\/p>\n\n\n<div class=\"wp-block-image\">\n<figure class=\"aligncenter size-large\"><img loading=\"lazy\" decoding=\"async\" width=\"1024\" height=\"683\" src=\"https:\/\/naszpowiat.info\/wp-content\/uploads\/2025\/02\/dsc-4269-1024x683.jpg\" alt=\"\" class=\"wp-image-8016\" srcset=\"https:\/\/naszpowiat.info\/wp-content\/uploads\/2025\/02\/dsc-4269-1024x683.jpg 1024w, https:\/\/naszpowiat.info\/wp-content\/uploads\/2025\/02\/dsc-4269-300x200.jpg 300w, https:\/\/naszpowiat.info\/wp-content\/uploads\/2025\/02\/dsc-4269-768x512.jpg 768w, https:\/\/naszpowiat.info\/wp-content\/uploads\/2025\/02\/dsc-4269-1536x1024.jpg 1536w, https:\/\/naszpowiat.info\/wp-content\/uploads\/2025\/02\/dsc-4269-2048x1365.jpg 2048w, https:\/\/naszpowiat.info\/wp-content\/uploads\/2025\/02\/dsc-4269-465x310.jpg 465w, https:\/\/naszpowiat.info\/wp-content\/uploads\/2025\/02\/dsc-4269-695x463.jpg 695w\" sizes=\"auto, (max-width: 1024px) 100vw, 1024px\" \/><figcaption class=\"wp-element-caption\">Fot. zabki.pl<\/figcaption><\/figure>\n<\/div><div class=\"naszp-po-tresci\" id=\"naszp-2879232835\"><script async src=\"\/\/pagead2.googlesyndication.com\/pagead\/js\/adsbygoogle.js?client=ca-pub-5304901113955943\" crossorigin=\"anonymous\"><\/script><ins class=\"adsbygoogle\" style=\"display:block;\" data-ad-client=\"ca-pub-5304901113955943\" \ndata-ad-slot=\"9226873542\" \ndata-ad-format=\"auto\"><\/ins>\n<script> \n(adsbygoogle = window.adsbygoogle || []).push({}); \n<\/script>\n<\/div>","protected":false},"excerpt":{"rendered":"<p>Z\u0105bki mog\u0105 \u015bwi\u0119towa\u0107! Dzi\u0119ki staraniom Burmistrz Ma\u0142gorzaty Zy\u015bk, miasto pozyska\u0142o blisko 3,5 miliona z\u0142otych dofinansowania z programu Fundusze Europejskie dla Mazowsza 2021-2027. Te cenne \u015brodki zostan\u0105 przeznaczone na realizacj\u0119 marzenia o nowoczesnym, zielonym parku &#8222;Ma\u0142a Ojczyzna&#8221;, kt\u00f3ry powstanie przy ulicy Herberta. To b\u0119dzie prawdziwa metamorfoza! Na powierzchni blisko 1,6 hektara<span class=\"more-link\"><a href=\"https:\/\/naszpowiat.info\/index.php\/2025\/02\/21\/zabki-rozkwitna-zielenia-35-miliona-zlotych-na-budowe-parku-mala-ojczyzna\/\">Czytaj dalej<\/a><\/span><\/p>\n","protected":false},"author":9,"featured_media":8016,"comment_status":"open","ping_status":"open","sticky":false,"template":"","format":"standard","meta":{"_monsterinsights_skip_tracking":false,"_monsterinsights_sitenote_active":false,"_monsterinsights_sitenote_note":"","_monsterinsights_sitenote_category":0,"footnotes":""},"categories":[123,186,169,127,40,31,59,62],"tags":[465,834,322,126,207,833,835,309,836,130],"class_list":["entry","author-admin","post-8015","post","type-post","status-publish","format-standard","has-post-thumbnail","category-aktualnosci","category-budzet","category-ekologia","category-inwestycje","category-wolominski","category-powiaty-mazowieckiego","category-wydarzenia","category-zabki-wolominski","tag-dofinansowanie","tag-fundusze-europejskie","tag-inwestycja","tag-inwestycje","tag-kultura","tag-mala-ojczyzna","tag-park","tag-samorzad","tag-tereny-zielone","tag-zabki"],"aioseo_notices":[],"_links":{"self":[{"href":"https:\/\/naszpowiat.info\/index.php\/wp-json\/wp\/v2\/posts\/8015","targetHints":{"allow":["GET"]}}],"collection":[{"href":"https:\/\/naszpowiat.info\/index.php\/wp-json\/wp\/v2\/posts"}],"about":[{"href":"https:\/\/naszpowiat.info\/index.php\/wp-json\/wp\/v2\/types\/post"}],"author":[{"embeddable":true,"href":"https:\/\/naszpowiat.info\/index.php\/wp-json\/wp\/v2\/users\/9"}],"replies":[{"embeddable":true,"href":"https:\/\/naszpowiat.info\/index.php\/wp-json\/wp\/v2\/comments?post=8015"}],"version-history":[{"count":1,"href":"https:\/\/naszpowiat.info\/index.php\/wp-json\/wp\/v2\/posts\/8015\/revisions"}],"predecessor-version":[{"id":8017,"href":"https:\/\/naszpowiat.info\/index.php\/wp-json\/wp\/v2\/posts\/8015\/revisions\/8017"}],"wp:featuredmedia":[{"embeddable":true,"href":"https:\/\/naszpowiat.info\/index.php\/wp-json\/wp\/v2\/media\/8016"}],"wp:attachment":[{"href":"https:\/\/naszpowiat.info\/index.php\/wp-json\/wp\/v2\/media?parent=8015"}],"wp:term":[{"taxonomy":"category","embeddable":true,"href":"https:\/\/naszpowiat.info\/index.php\/wp-json\/wp\/v2\/categories?post=8015"},{"taxonomy":"post_tag","embeddable":true,"href":"https:\/\/naszpowiat.info\/index.php\/wp-json\/wp\/v2\/tags?post=8015"}],"curies":[{"name":"wp","href":"https:\/\/api.w.org\/{rel}","templated":true}]}}