{"id":7954,"date":"2025-02-15T08:51:14","date_gmt":"2025-02-15T08:51:14","guid":{"rendered":"https:\/\/naszpowiat.info\/?p=7954"},"modified":"2025-02-15T08:51:15","modified_gmt":"2025-02-15T08:51:15","slug":"miedzynarodowy-sukces-plywakow-z-legionowa-na-gdynia-winter-swimming-cup","status":"publish","type":"post","link":"https:\/\/naszpowiat.info\/index.php\/2025\/02\/15\/miedzynarodowy-sukces-plywakow-z-legionowa-na-gdynia-winter-swimming-cup\/","title":{"rendered":"Mi\u0119dzynarodowy sukces p\u0142ywak\u00f3w z Legionowa na Gdynia Winter Swimming CUP"},"content":{"rendered":"\n<p>W miniony weekend (8-9 lutego) reprezentacja UKS Delfin Legionowo oraz Winter Swimmers Legionowo wzi\u0119\u0142a udzia\u0142 w presti\u017cowych Mi\u0119dzynarodowych Mistrzostwach Polski w lodowym p\u0142ywaniu.<\/p>\n\n\n\n<p>Zawody odby\u0142y si\u0119 w ramach 6. edycji Gdynia Winter Swimming CUP, kt\u00f3ra w tym roku mia\u0142a szczeg\u00f3lny charakter \u2013 rozegrano je w randze Pucharu \u015awiata federacji International Winter Swimming Association. W wydarzeniu wzi\u0119\u0142o udzia\u0142 ponad 450 zawodnik\u00f3w z 20 kraj\u00f3w, rywalizuj\u0105cych na zbudowanym w porcie jachtowym 25-metrowym basenie, w wodzie o temperaturze nieprzekraczaj\u0105cej 3 stopni Celsjusza.<\/p>\n\n\n\n<p>W tych ekstremalnych warunkach nasi zawodnicy spisali si\u0119 znakomicie, zdobywaj\u0105c liczne medale i ustanawiaj\u0105c nowe rekordy. Na szczeg\u00f3ln\u0105 uwag\u0119 zas\u0142uguje wynik Amelii Miko\u0142ajczyk, kt\u00f3ra nie tylko zdoby\u0142a z\u0142ote medale w swojej kategorii wiekowej, ale tak\u017ce ustanowi\u0142a nowy Rekord \u015awiata w wy\u015bcigu na 25 m stylem dowolnym w kategorii U14.<\/p>\n\n\n\n<p><strong>Sukcesy legionowskich p\u0142ywak\u00f3w<\/strong><\/p>\n\n\n\n<p>Amelia Miko\u0142ajczyk, kt\u00f3ra w tym roku b\u0142yszcza\u0142a na zawodach, nie tylko zwyci\u0119\u017cy\u0142a w swoich konkurencjach, ale tak\u017ce wyr\u00f3\u017cni\u0142a si\u0119 na tle rywalek, zajmuj\u0105c wysokie miejsca w og\u00f3lnej klasyfikacji:<\/p>\n\n\n\n<ul class=\"wp-block-list\">\n<li>1 miejsce 50 m stylem klasycznym kat. U14 oraz 5 miejsce w kat. OPEN<\/li>\n\n\n\n<li>1 miejsce 25 m stylem dowolnym kat. U14 (WR) oraz 3 miejsce w kat. OPEN<\/li>\n\n\n\n<li>1 miejsce 50 m stylem dowolnym kat. U14 oraz 2 miejsce w kat. OPEN<\/li>\n<\/ul>\n\n\n\n<p>Filip Gajownik tak\u017ce zdominowa\u0142 rywalizacj\u0119, zdobywaj\u0105c z\u0142ote medale w trzech konkurencjach w kategorii U14. Jego wyniki to:<\/p>\n\n\n\n<ul class=\"wp-block-list\">\n<li>1 miejsce 25 m stylem dowolnym w kat. U14 oraz 15 miejsce w kat. OPEN<\/li>\n\n\n\n<li>1 miejsce 50 m stylem dowolnym w kat. U14 oraz 14 miejsce w kat. OPEN<\/li>\n\n\n\n<li>1 miejsce 50 m stylem motylkowym w kat. U14 oraz 11 miejsce w kat. OPEN<\/li>\n<\/ul>\n\n\n\n<p>Filip, podobnie jak Amelia, znalaz\u0142 si\u0119 tak\u017ce w pierwszej pi\u0119tnastce w kategorii OPEN, co \u015bwiadczy o wysokim poziomie jego umiej\u0119tno\u015bci.<\/p>\n\n\n\n<p>Nie mniej imponuj\u0105cy by\u0142 wyst\u0119p Jakuba Rapackiego, kt\u00f3ry zdoby\u0142 medale w konkurencjach dla m\u0142odszych kategorii wiekowych. W\u015br\u00f3d jego osi\u0105gni\u0119\u0107 warto wymieni\u0107:<\/p>\n\n\n\n<ul class=\"wp-block-list\">\n<li>1 miejsce 50 m stylem klasycznym w kat. U19 oraz 6 miejsce w kat. OPEN<\/li>\n\n\n\n<li>2 miejsce 25 m stylem dowolnym w kat. U19 oraz 10 miejsce w kat. OPEN<\/li>\n\n\n\n<li>2 miejsce 50 m stylem motylkowym w kat. U19 oraz 13 miejsce w kat. OPEN<\/li>\n<\/ul>\n\n\n\n<p>Nie zabrak\u0142o tak\u017ce sukces\u00f3w w\u015br\u00f3d starszych zawodnik\u00f3w. Piotr Miko\u0142ajczyk, w kategorii wiekowej 40-44 lata, zdoby\u0142 z\u0142oty medal na dystansie 450 m stylem dowolnym oraz zaj\u0105\u0142 14. miejsce w kategorii OPEN. Na dystansie 1000m stylem dowolnym wywalczy\u0142 7 miejsce.<\/p>\n\n\n\n<p>Natomiast Piotr Rapacki, w kategorii 45-49 lat, wr\u00f3ci\u0142 z czterema medalami:<\/p>\n\n\n\n<ul class=\"wp-block-list\">\n<li>1 miejsce 50 m stylem klasycznym w kat. 45-49 lat oraz 11 miejsce w kat. OPEN<\/li>\n\n\n\n<li>3 miejsce 100 m stylem klasycznym w kat. 45-49 lat oraz 12 miejsce w kat. OPEN<\/li>\n\n\n\n<li>3 miejsce 50 m stylem dowolnym w kat. 45-49 lat oraz 19 miejsce w kat. OPEN<\/li>\n\n\n\n<li>1 miejsce 450 m stylem dowolnym w kat. 45-49 lat oraz 13 miejsce w kat. OPEN<\/li>\n<\/ul>\n\n\n\n<p>Reprezentacja Legionowa wr\u00f3ci\u0142a z Gdyni z wyj\u0105tkowymi wynikami, kt\u00f3re \u015bwiadcz\u0105 o wysokim poziomie przygotowania oraz determinacji naszych p\u0142ywak\u00f3w. Zawody te stanowi\u0142y nie tylko okazj\u0119 do rywalizacji na mi\u0119dzynarodowej arenie, ale r\u00f3wnie\u017c do sprawdzenia swoich umiej\u0119tno\u015bci w ekstremalnych warunkach zimowego p\u0142ywania. <\/p>\n\n\n<div class=\"wp-block-image\">\n<figure class=\"aligncenter size-full is-resized\"><img loading=\"lazy\" decoding=\"async\" width=\"850\" height=\"452\" src=\"https:\/\/naszpowiat.info\/wp-content\/uploads\/2025\/02\/x48479.png.pagespeed.ic_.FIYzhK6R1C.webp\" alt=\"\" class=\"wp-image-7955\" style=\"width:568px;height:auto\" srcset=\"https:\/\/naszpowiat.info\/wp-content\/uploads\/2025\/02\/x48479.png.pagespeed.ic_.FIYzhK6R1C.webp 850w, https:\/\/naszpowiat.info\/wp-content\/uploads\/2025\/02\/x48479.png.pagespeed.ic_.FIYzhK6R1C-300x160.webp 300w, https:\/\/naszpowiat.info\/wp-content\/uploads\/2025\/02\/x48479.png.pagespeed.ic_.FIYzhK6R1C-768x408.webp 768w, https:\/\/naszpowiat.info\/wp-content\/uploads\/2025\/02\/x48479.png.pagespeed.ic_.FIYzhK6R1C-465x247.webp 465w, https:\/\/naszpowiat.info\/wp-content\/uploads\/2025\/02\/x48479.png.pagespeed.ic_.FIYzhK6R1C-695x370.webp 695w\" sizes=\"auto, (max-width: 850px) 100vw, 850px\" \/><figcaption class=\"wp-element-caption\">Fot. Urz\u0105d Miasta w Legionowie<\/figcaption><\/figure>\n<\/div><div class=\"naszp-po-tresci\" id=\"naszp-877119129\"><script async src=\"\/\/pagead2.googlesyndication.com\/pagead\/js\/adsbygoogle.js?client=ca-pub-5304901113955943\" crossorigin=\"anonymous\"><\/script><ins class=\"adsbygoogle\" style=\"display:block;\" data-ad-client=\"ca-pub-5304901113955943\" \ndata-ad-slot=\"9226873542\" \ndata-ad-format=\"auto\"><\/ins>\n<script> \n(adsbygoogle = window.adsbygoogle || []).push({}); \n<\/script>\n<\/div>","protected":false},"excerpt":{"rendered":"<p>W miniony weekend (8-9 lutego) reprezentacja UKS Delfin Legionowo oraz Winter Swimmers Legionowo wzi\u0119\u0142a udzia\u0142 w presti\u017cowych Mi\u0119dzynarodowych Mistrzostwach Polski w lodowym p\u0142ywaniu. Zawody odby\u0142y si\u0119 w ramach 6. edycji Gdynia Winter Swimming CUP, kt\u00f3ra w tym roku mia\u0142a szczeg\u00f3lny charakter \u2013 rozegrano je w randze Pucharu \u015awiata federacji International<span class=\"more-link\"><a href=\"https:\/\/naszpowiat.info\/index.php\/2025\/02\/15\/miedzynarodowy-sukces-plywakow-z-legionowa-na-gdynia-winter-swimming-cup\/\">Czytaj dalej<\/a><\/span><\/p>\n","protected":false},"author":9,"featured_media":7955,"comment_status":"open","ping_status":"open","sticky":false,"template":"","format":"standard","meta":{"_monsterinsights_skip_tracking":false,"_monsterinsights_sitenote_active":false,"_monsterinsights_sitenote_note":"","_monsterinsights_sitenote_category":0,"footnotes":""},"categories":[123,93,187,157],"tags":[207,165,138,290],"class_list":["entry","author-admin","post-7954","post","type-post","status-publish","format-standard","has-post-thumbnail","category-aktualnosci","category-legionowo","category-samorzad","category-sport","tag-kultura","tag-legionowo","tag-sport","tag-wydarzenia"],"aioseo_notices":[],"_links":{"self":[{"href":"https:\/\/naszpowiat.info\/index.php\/wp-json\/wp\/v2\/posts\/7954","targetHints":{"allow":["GET"]}}],"collection":[{"href":"https:\/\/naszpowiat.info\/index.php\/wp-json\/wp\/v2\/posts"}],"about":[{"href":"https:\/\/naszpowiat.info\/index.php\/wp-json\/wp\/v2\/types\/post"}],"author":[{"embeddable":true,"href":"https:\/\/naszpowiat.info\/index.php\/wp-json\/wp\/v2\/users\/9"}],"replies":[{"embeddable":true,"href":"https:\/\/naszpowiat.info\/index.php\/wp-json\/wp\/v2\/comments?post=7954"}],"version-history":[{"count":1,"href":"https:\/\/naszpowiat.info\/index.php\/wp-json\/wp\/v2\/posts\/7954\/revisions"}],"predecessor-version":[{"id":7956,"href":"https:\/\/naszpowiat.info\/index.php\/wp-json\/wp\/v2\/posts\/7954\/revisions\/7956"}],"wp:featuredmedia":[{"embeddable":true,"href":"https:\/\/naszpowiat.info\/index.php\/wp-json\/wp\/v2\/media\/7955"}],"wp:attachment":[{"href":"https:\/\/naszpowiat.info\/index.php\/wp-json\/wp\/v2\/media?parent=7954"}],"wp:term":[{"taxonomy":"category","embeddable":true,"href":"https:\/\/naszpowiat.info\/index.php\/wp-json\/wp\/v2\/categories?post=7954"},{"taxonomy":"post_tag","embeddable":true,"href":"https:\/\/naszpowiat.info\/index.php\/wp-json\/wp\/v2\/tags?post=7954"}],"curies":[{"name":"wp","href":"https:\/\/api.w.org\/{rel}","templated":true}]}}