{"id":7941,"date":"2025-02-13T18:15:17","date_gmt":"2025-02-13T18:15:17","guid":{"rendered":"https:\/\/naszpowiat.info\/?p=7941"},"modified":"2025-02-13T18:15:17","modified_gmt":"2025-02-13T18:15:17","slug":"wiazowna-biegnie-45-polmaraton-juz-23-lutego","status":"publish","type":"post","link":"https:\/\/naszpowiat.info\/index.php\/2025\/02\/13\/wiazowna-biegnie-45-polmaraton-juz-23-lutego\/","title":{"rendered":"Wi\u0105zowna biegnie! 45. P\u00f3\u0142maraton ju\u017c 23 lutego!"},"content":{"rendered":"\n<p>Wi\u0105zowna szykuje si\u0119 na sportowe \u015bwi\u0119to! Ju\u017c 23 lutego odb\u0119dzie si\u0119 45. edycja P\u00f3\u0142maratonu Wi\u0105zowskiego, jednego z najbardziej presti\u017cowych bieg\u00f3w w Polsce. Na starcie stanie ponad 5 tysi\u0119cy biegaczy, kt\u00f3rzy przyjad\u0105 do nas z ca\u0142ej Polski, aby wzi\u0105\u0107 udzia\u0142 w tej wyj\u0105tkowej imprezie.<\/p>\n\n\n\n<p>W tym roku P\u00f3\u0142maraton Wi\u0105zowski zyska\u0142 jeszcze wi\u0119ksze znaczenie, poniewa\u017c b\u0119dzie gospodarzem 34. Mistrzostw Polski w p\u00f3\u0142maratonie. To wydarzenie jest potwierdzeniem wysokiej rangi naszej imprezy i \u015bwiadczy o jej rosn\u0105cej popularno\u015bci.<\/p>\n\n\n\n<p>Organizacja P\u00f3\u0142maratonu Wi\u0105zowskiego to ogromne przedsi\u0119wzi\u0119cie, w kt\u00f3re zaanga\u017cowane s\u0105 setki mieszka\u0144c\u00f3w, wolontariuszy, so\u0142ectw i instytucji publicznych. To prawdziwe \u015bwi\u0119to sportu i wsp\u00f3lnoty, kt\u00f3re na sta\u0142e wpisa\u0142o si\u0119 w kalendarz wydarze\u0144 naszej gminy.<\/p>\n\n\n\n<p>Zdajemy sobie spraw\u0119, \u017ce organizacja tak du\u017cego wydarzenia wi\u0105\u017ce si\u0119 z pewnymi utrudnieniami dla mieszka\u0144c\u00f3w. W dniu biegu, 23 lutego, cz\u0119\u015b\u0107 ulic zostanie czasowo zamkni\u0119ta dla ruchu pojazd\u00f3w. Trasa biegu przebiega\u0107 b\u0119dzie przez: Wi\u0105zown\u0119, \u017ban\u0119cin, Dziechciniec, Malcan\u00f3w, Lipowo, Gliniank\u0119, P\u0119clin i Duchn\u00f3w. Najwi\u0119ksze utrudnienia wyst\u0105pi\u0105 na ulicy Ko\u015bcielnej, kt\u00f3ra b\u0119dzie zamkni\u0119ta od skrzy\u017cowania z ul. Lubelsk\u0105 do ul. P\u0119cli\u0144skiej w godzinach od 6:30 do 16:00.<\/p>\n\n\n\n<p>Mamy nadziej\u0119, \u017ce mieszka\u0144cy Wi\u0105zowny z zrozumieniem odnios\u0105 si\u0119 do tych utrudnie\u0144. Zach\u0119camy wszystkich do kibicowania biegaczom i wsp\u00f3lnego \u015bwi\u0119towania tego sportowego wydarzenia. Wierzymy, \u017ce atmosfera panuj\u0105ca podczas P\u00f3\u0142maratonu Wi\u0105zowskiego zrekompensuje Pa\u0144stwu chwilowe niedogodno\u015bci.<\/p>\n\n\n\n<p>W zwi\u0105zku z organizacj\u0105 biegu, linie autobusowe 720 i L20 ulegn\u0105 cz\u0119\u015bciowym zmianom. Szczeg\u00f3\u0142owe informacje na temat zmian w rozk\u0142adzie jazdy mo\u017cna uzyska\u0107 pod numerem telefonu: 22 512 58 38.<\/p>\n\n\n<div class=\"wp-block-image\">\n<figure class=\"aligncenter size-large\"><img loading=\"lazy\" decoding=\"async\" width=\"1024\" height=\"683\" src=\"https:\/\/naszpowiat.info\/wp-content\/uploads\/2025\/02\/44.-Polmaraton-Wiazowski_I.-TRzaska-1-1024x683.jpg\" alt=\"\" class=\"wp-image-7942\" srcset=\"https:\/\/naszpowiat.info\/wp-content\/uploads\/2025\/02\/44.-Polmaraton-Wiazowski_I.-TRzaska-1-1024x683.jpg 1024w, https:\/\/naszpowiat.info\/wp-content\/uploads\/2025\/02\/44.-Polmaraton-Wiazowski_I.-TRzaska-1-300x200.jpg 300w, https:\/\/naszpowiat.info\/wp-content\/uploads\/2025\/02\/44.-Polmaraton-Wiazowski_I.-TRzaska-1-768x512.jpg 768w, https:\/\/naszpowiat.info\/wp-content\/uploads\/2025\/02\/44.-Polmaraton-Wiazowski_I.-TRzaska-1-1536x1024.jpg 1536w, https:\/\/naszpowiat.info\/wp-content\/uploads\/2025\/02\/44.-Polmaraton-Wiazowski_I.-TRzaska-1-465x310.jpg 465w, https:\/\/naszpowiat.info\/wp-content\/uploads\/2025\/02\/44.-Polmaraton-Wiazowski_I.-TRzaska-1-695x463.jpg 695w, https:\/\/naszpowiat.info\/wp-content\/uploads\/2025\/02\/44.-Polmaraton-Wiazowski_I.-TRzaska-1.jpg 2048w\" sizes=\"auto, (max-width: 1024px) 100vw, 1024px\" \/><figcaption class=\"wp-element-caption\">Fot. I. Trzaska <\/figcaption><\/figure>\n<\/div><div class=\"naszp-po-tresci\" id=\"naszp-2470720414\"><script async src=\"\/\/pagead2.googlesyndication.com\/pagead\/js\/adsbygoogle.js?client=ca-pub-5304901113955943\" crossorigin=\"anonymous\"><\/script><ins class=\"adsbygoogle\" style=\"display:block;\" data-ad-client=\"ca-pub-5304901113955943\" \ndata-ad-slot=\"9226873542\" \ndata-ad-format=\"auto\"><\/ins>\n<script> \n(adsbygoogle = window.adsbygoogle || []).push({}); \n<\/script>\n<\/div>","protected":false},"excerpt":{"rendered":"<p>Wi\u0105zowna szykuje si\u0119 na sportowe \u015bwi\u0119to! Ju\u017c 23 lutego odb\u0119dzie si\u0119 45. edycja P\u00f3\u0142maratonu Wi\u0105zowskiego, jednego z najbardziej presti\u017cowych bieg\u00f3w w Polsce. Na starcie stanie ponad 5 tysi\u0119cy biegaczy, kt\u00f3rzy przyjad\u0105 do nas z ca\u0142ej Polski, aby wzi\u0105\u0107 udzia\u0142 w tej wyj\u0105tkowej imprezie. W tym roku P\u00f3\u0142maraton Wi\u0105zowski zyska\u0142 jeszcze<span class=\"more-link\"><a href=\"https:\/\/naszpowiat.info\/index.php\/2025\/02\/13\/wiazowna-biegnie-45-polmaraton-juz-23-lutego\/\">Czytaj dalej<\/a><\/span><\/p>\n","protected":false},"author":9,"featured_media":7942,"comment_status":"open","ping_status":"open","sticky":false,"template":"","format":"standard","meta":{"_monsterinsights_skip_tracking":false,"_monsterinsights_sitenote_active":false,"_monsterinsights_sitenote_note":"","_monsterinsights_sitenote_category":0,"footnotes":""},"categories":[123,28,191,30,31,166,157,55,59],"tags":[652,766,765,138,767,290],"class_list":["entry","author-admin","post-7941","post","type-post","status-publish","format-standard","has-post-thumbnail","category-aktualnosci","category-dla-mieszkanca","category-edukacja","category-kultura","category-powiaty-mazowieckiego","category-rekreacja","category-sport","category-wiazowna","category-wydarzenia","tag-bieg","tag-mistrzostwa-polski","tag-polmaraton-wiazowski","tag-sport","tag-wiazowna","tag-wydarzenia"],"aioseo_notices":[],"_links":{"self":[{"href":"https:\/\/naszpowiat.info\/index.php\/wp-json\/wp\/v2\/posts\/7941","targetHints":{"allow":["GET"]}}],"collection":[{"href":"https:\/\/naszpowiat.info\/index.php\/wp-json\/wp\/v2\/posts"}],"about":[{"href":"https:\/\/naszpowiat.info\/index.php\/wp-json\/wp\/v2\/types\/post"}],"author":[{"embeddable":true,"href":"https:\/\/naszpowiat.info\/index.php\/wp-json\/wp\/v2\/users\/9"}],"replies":[{"embeddable":true,"href":"https:\/\/naszpowiat.info\/index.php\/wp-json\/wp\/v2\/comments?post=7941"}],"version-history":[{"count":1,"href":"https:\/\/naszpowiat.info\/index.php\/wp-json\/wp\/v2\/posts\/7941\/revisions"}],"predecessor-version":[{"id":7943,"href":"https:\/\/naszpowiat.info\/index.php\/wp-json\/wp\/v2\/posts\/7941\/revisions\/7943"}],"wp:featuredmedia":[{"embeddable":true,"href":"https:\/\/naszpowiat.info\/index.php\/wp-json\/wp\/v2\/media\/7942"}],"wp:attachment":[{"href":"https:\/\/naszpowiat.info\/index.php\/wp-json\/wp\/v2\/media?parent=7941"}],"wp:term":[{"taxonomy":"category","embeddable":true,"href":"https:\/\/naszpowiat.info\/index.php\/wp-json\/wp\/v2\/categories?post=7941"},{"taxonomy":"post_tag","embeddable":true,"href":"https:\/\/naszpowiat.info\/index.php\/wp-json\/wp\/v2\/tags?post=7941"}],"curies":[{"name":"wp","href":"https:\/\/api.w.org\/{rel}","templated":true}]}}