{"id":7935,"date":"2025-02-13T10:32:21","date_gmt":"2025-02-13T10:32:21","guid":{"rendered":"https:\/\/naszpowiat.info\/?p=7935"},"modified":"2025-02-13T10:32:21","modified_gmt":"2025-02-13T10:32:21","slug":"podsumowanie-roku-2024-w-sporcie-piaseczno","status":"publish","type":"post","link":"https:\/\/naszpowiat.info\/index.php\/2025\/02\/13\/podsumowanie-roku-2024-w-sporcie-piaseczno\/","title":{"rendered":"Podsumowanie roku 2024 w sporcie &#8211; Piaseczno"},"content":{"rendered":"\n<p><strong>Gminny O\u015brodek Sportu i Rekreacji w Piasecznie informuje, \u017ce 22 lutego 2025 roku w godz. 14.00-19.00 odb\u0119dzie si\u0119 uroczyste podsumowanie roku sportowego 2024 | Nagrody i wyr\u00f3\u017cnienia Burmistrza Miasta i Gminy Piaseczno. Miejsce: sala konferencyjna w Urz\u0119dzie Miasta i Gminy Piaseczno przy ul. Ko\u015bciuszki 5 w Piasecznie.<\/strong><\/p>\n\n\n\n<p><a href=\"https:\/\/piaseczno.eu\/wnioski-nagrody-i-wyroznienia-burmistrza-miasta-i-gminy-piaseczno-za-wyniki-sportowe-oraz-dzialalnosc-sportowa-w-2024-roku\/\">B\u0119dzie to okazja do wr\u0119czenia nagr\u00f3d i wyr\u00f3\u017cnie\u0144 dla zawodnik\u00f3w, trener\u00f3w, dzia\u0142aczy oraz sponsor\u00f3w. Przyznane zostan\u0105 r\u00f3wnie\u017c stypendia sportowe dla najbardziej utytu\u0142owanych sportowc\u00f3w z terenu gminy Piaseczno.<\/a><\/p>\n\n\n\n<p><strong>Uroczysto\u015b\u0107 zostanie podzielona na trzy tury:<\/strong><br><strong>14.00-15.30<\/strong> \u2013 Kategoria Stypendy\u015bci<br><strong>16.00-17.00<\/strong> \u2013 Kategoria Nadzieja, Zawodnik, Dru\u017cyna, Szko\u0142a<br><strong>17.30-19.00<\/strong> \u2013 Kategoria Sponsor, Dzia\u0142acz, Trener, Klub, Nagroda Specjalna<\/p>\n\n\n\n<p>O godzinie 19.30 na Stadionie Miejskim w Piasecznie w kawiarni sportowej FRYDERYK odb\u0119dzie si\u0119 bankiet sportowy dla trener\u00f3w, dzia\u0142aczy i sponsor\u00f3w.<\/p>\n\n\n\n<p>GOSiR Piaseczno planuj\u0119 prowadzi\u0107 transmisj\u0119 online na \u017cywo, kt\u00f3r\u0105 b\u0119dzie mo\u017cna ogl\u0105da\u0107 na fanpage:\u00a0www.facebook.com\/GOSiRPiaseczno.<\/p>\n\n\n<div class=\"wp-block-image\">\n<figure class=\"aligncenter size-large is-resized\"><img loading=\"lazy\" decoding=\"async\" width=\"729\" height=\"1024\" src=\"https:\/\/naszpowiat.info\/wp-content\/uploads\/2025\/02\/Podsumowanie-Roku-Sportowego-plakat-729x1024.jpg\" alt=\"\" class=\"wp-image-7936\" style=\"width:579px;height:auto\" srcset=\"https:\/\/naszpowiat.info\/wp-content\/uploads\/2025\/02\/Podsumowanie-Roku-Sportowego-plakat-729x1024.jpg 729w, https:\/\/naszpowiat.info\/wp-content\/uploads\/2025\/02\/Podsumowanie-Roku-Sportowego-plakat-213x300.jpg 213w, https:\/\/naszpowiat.info\/wp-content\/uploads\/2025\/02\/Podsumowanie-Roku-Sportowego-plakat-768x1079.jpg 768w, https:\/\/naszpowiat.info\/wp-content\/uploads\/2025\/02\/Podsumowanie-Roku-Sportowego-plakat-1093x1536.jpg 1093w, https:\/\/naszpowiat.info\/wp-content\/uploads\/2025\/02\/Podsumowanie-Roku-Sportowego-plakat-391x550.jpg 391w, https:\/\/naszpowiat.info\/wp-content\/uploads\/2025\/02\/Podsumowanie-Roku-Sportowego-plakat-356x500.jpg 356w, https:\/\/naszpowiat.info\/wp-content\/uploads\/2025\/02\/Podsumowanie-Roku-Sportowego-plakat.jpg 1181w\" sizes=\"auto, (max-width: 729px) 100vw, 729px\" \/><figcaption class=\"wp-element-caption\">Fot. GOSiR Piaseczno<\/figcaption><\/figure>\n<\/div><div class=\"naszp-po-tresci\" id=\"naszp-1218727073\"><script async src=\"\/\/pagead2.googlesyndication.com\/pagead\/js\/adsbygoogle.js?client=ca-pub-5304901113955943\" crossorigin=\"anonymous\"><\/script><ins class=\"adsbygoogle\" style=\"display:block;\" data-ad-client=\"ca-pub-5304901113955943\" \ndata-ad-slot=\"9226873542\" \ndata-ad-format=\"auto\"><\/ins>\n<script> \n(adsbygoogle = window.adsbygoogle || []).push({}); \n<\/script>\n<\/div>","protected":false},"excerpt":{"rendered":"<p>Gminny O\u015brodek Sportu i Rekreacji w Piasecznie informuje, \u017ce 22 lutego 2025 roku w godz. 14.00-19.00 odb\u0119dzie si\u0119 uroczyste podsumowanie roku sportowego 2024 | Nagrody i wyr\u00f3\u017cnienia Burmistrza Miasta i Gminy Piaseczno. Miejsce: sala konferencyjna w Urz\u0119dzie Miasta i Gminy Piaseczno przy ul. Ko\u015bciuszki 5 w Piasecznie. B\u0119dzie to okazja<span class=\"more-link\"><a href=\"https:\/\/naszpowiat.info\/index.php\/2025\/02\/13\/podsumowanie-roku-2024-w-sporcie-piaseczno\/\">Czytaj dalej<\/a><\/span><\/p>\n","protected":false},"author":9,"featured_media":7936,"comment_status":"open","ping_status":"open","sticky":false,"template":"","format":"standard","meta":{"_monsterinsights_skip_tracking":false,"_monsterinsights_sitenote_active":false,"_monsterinsights_sitenote_note":"","_monsterinsights_sitenote_category":0,"footnotes":""},"categories":[123,28,30,110,187,157],"tags":[151,309,138,290],"class_list":["entry","author-admin","post-7935","post","type-post","status-publish","format-standard","has-post-thumbnail","category-aktualnosci","category-dla-mieszkanca","category-kultura","category-piaseczno","category-samorzad","category-sport","tag-piaseczno","tag-samorzad","tag-sport","tag-wydarzenia"],"aioseo_notices":[],"_links":{"self":[{"href":"https:\/\/naszpowiat.info\/index.php\/wp-json\/wp\/v2\/posts\/7935","targetHints":{"allow":["GET"]}}],"collection":[{"href":"https:\/\/naszpowiat.info\/index.php\/wp-json\/wp\/v2\/posts"}],"about":[{"href":"https:\/\/naszpowiat.info\/index.php\/wp-json\/wp\/v2\/types\/post"}],"author":[{"embeddable":true,"href":"https:\/\/naszpowiat.info\/index.php\/wp-json\/wp\/v2\/users\/9"}],"replies":[{"embeddable":true,"href":"https:\/\/naszpowiat.info\/index.php\/wp-json\/wp\/v2\/comments?post=7935"}],"version-history":[{"count":1,"href":"https:\/\/naszpowiat.info\/index.php\/wp-json\/wp\/v2\/posts\/7935\/revisions"}],"predecessor-version":[{"id":7937,"href":"https:\/\/naszpowiat.info\/index.php\/wp-json\/wp\/v2\/posts\/7935\/revisions\/7937"}],"wp:featuredmedia":[{"embeddable":true,"href":"https:\/\/naszpowiat.info\/index.php\/wp-json\/wp\/v2\/media\/7936"}],"wp:attachment":[{"href":"https:\/\/naszpowiat.info\/index.php\/wp-json\/wp\/v2\/media?parent=7935"}],"wp:term":[{"taxonomy":"category","embeddable":true,"href":"https:\/\/naszpowiat.info\/index.php\/wp-json\/wp\/v2\/categories?post=7935"},{"taxonomy":"post_tag","embeddable":true,"href":"https:\/\/naszpowiat.info\/index.php\/wp-json\/wp\/v2\/tags?post=7935"}],"curies":[{"name":"wp","href":"https:\/\/api.w.org\/{rel}","templated":true}]}}