{"id":7915,"date":"2025-02-11T15:04:10","date_gmt":"2025-02-11T15:04:10","guid":{"rendered":"https:\/\/naszpowiat.info\/?p=7915"},"modified":"2025-02-11T15:04:11","modified_gmt":"2025-02-11T15:04:11","slug":"bezpieczne-ferie-w-siedlcach-strazacy-dbaja-o-najmlodszych","status":"publish","type":"post","link":"https:\/\/naszpowiat.info\/index.php\/2025\/02\/11\/bezpieczne-ferie-w-siedlcach-strazacy-dbaja-o-najmlodszych\/","title":{"rendered":"Bezpieczne ferie w Siedlcach \u2013 stra\u017cacy dbaj\u0105 o najm\u0142odszych!"},"content":{"rendered":"\n<p>Ferie zimowe to czas beztroskiej zabawy i wypoczynku dla dzieci i m\u0142odzie\u017cy. Jednak\u017ce, aby zimowe przygody przebiega\u0142y bezpiecznie, niezb\u0119dna jest wiedza o potencjalnych zagro\u017ceniach i umiej\u0119tno\u015b\u0107 reagowania w sytuacjach awaryjnych. Dlatego te\u017c, Komenda Miejska Pa\u0144stwowej Stra\u017cy Po\u017carnej w Siedlcach, ju\u017c po raz kolejny, organizuje akcj\u0119 \u201eBezpieczne Ferie 2025\u201d.<\/p>\n\n\n\n<p>W ramach tej inicjatywy, stra\u017cacy odwiedzaj\u0105 szko\u0142y, przedszkola i organizuj\u0105 spotkania na p\u00f3\u0142koloniach. Celem tych dzia\u0142a\u0144 jest przekazanie dzieciom i m\u0142odzie\u017cy podstawowej wiedzy z zakresu bezpiecze\u0144stwa. Podczas spotka\u0144 stra\u017cacy w przyst\u0119pny spos\u00f3b t\u0142umacz\u0105, jak zachowa\u0107 si\u0119 w sytuacjach zagro\u017cenia, takich jak po\u017car, wypadek czy zatrucie tlenkiem w\u0119gla. Szczeg\u00f3ln\u0105 uwag\u0119 zwracaj\u0105 na znaczenie czujek tlenku w\u0119gla, kt\u00f3re mog\u0105 uratowa\u0107 \u017cycie w przypadku ulatniania si\u0119 tego niebezpiecznego gazu.<\/p>\n\n\n\n<p>Ponadto, stra\u017cacy przypominaj\u0105 o zasadach bezpiecznej zabawy na \u015bwie\u017cym powietrzu, zw\u0142aszcza podczas mroz\u00f3w. Ucz\u0105, jak unika\u0107 niebezpiecznych miejsc, takich jak zamarzni\u0119te zbiorniki wodne, oraz jak prawid\u0142owo korzysta\u0107 ze sprz\u0119tu zimowego. Dzieci dowiaduj\u0105 si\u0119 r\u00f3wnie\u017c, jak wa\u017cne jest noszenie element\u00f3w odblaskowych, kt\u00f3re zwi\u0119kszaj\u0105 ich widoczno\u015b\u0107 na drodze, szczeg\u00f3lnie po zmroku.<\/p>\n\n\n\n<p>Podczas spotka\u0144, stra\u017cacy prezentuj\u0105 tak\u017ce sprz\u0119t, kt\u00f3ry wykorzystuj\u0105 podczas akcji ratowniczych. Dzi\u0119ki temu, dzieci mog\u0105 zobaczy\u0107 z bliska wozy stra\u017cackie, sprz\u0119t ratowniczy oraz pozna\u0107 zasady dzia\u0142ania poszczeg\u00f3lnych urz\u0105dze\u0144.<\/p>\n\n\n<div class=\"wp-block-image\">\n<figure class=\"aligncenter size-full\"><img loading=\"lazy\" decoding=\"async\" width=\"729\" height=\"308\" src=\"https:\/\/naszpowiat.info\/wp-content\/uploads\/2025\/02\/729x308-1.jpg\" alt=\"\" class=\"wp-image-7916\" srcset=\"https:\/\/naszpowiat.info\/wp-content\/uploads\/2025\/02\/729x308-1.jpg 729w, https:\/\/naszpowiat.info\/wp-content\/uploads\/2025\/02\/729x308-1-300x127.jpg 300w, https:\/\/naszpowiat.info\/wp-content\/uploads\/2025\/02\/729x308-1-465x196.jpg 465w, https:\/\/naszpowiat.info\/wp-content\/uploads\/2025\/02\/729x308-1-695x294.jpg 695w\" sizes=\"auto, (max-width: 729px) 100vw, 729px\" \/><figcaption class=\"wp-element-caption\">Fot. KM PSP w Siedlcach<\/figcaption><\/figure>\n<\/div><div class=\"naszp-po-tresci\" id=\"naszp-3746142852\"><script async src=\"\/\/pagead2.googlesyndication.com\/pagead\/js\/adsbygoogle.js?client=ca-pub-5304901113955943\" crossorigin=\"anonymous\"><\/script><ins class=\"adsbygoogle\" style=\"display:block;\" data-ad-client=\"ca-pub-5304901113955943\" \ndata-ad-slot=\"9226873542\" \ndata-ad-format=\"auto\"><\/ins>\n<script> \n(adsbygoogle = window.adsbygoogle || []).push({}); \n<\/script>\n<\/div>","protected":false},"excerpt":{"rendered":"<p>Ferie zimowe to czas beztroskiej zabawy i wypoczynku dla dzieci i m\u0142odzie\u017cy. Jednak\u017ce, aby zimowe przygody przebiega\u0142y bezpiecznie, niezb\u0119dna jest wiedza o potencjalnych zagro\u017ceniach i umiej\u0119tno\u015b\u0107 reagowania w sytuacjach awaryjnych. Dlatego te\u017c, Komenda Miejska Pa\u0144stwowej Stra\u017cy Po\u017carnej w Siedlcach, ju\u017c po raz kolejny, organizuje akcj\u0119 \u201eBezpieczne Ferie 2025\u201d. W ramach<span class=\"more-link\"><a href=\"https:\/\/naszpowiat.info\/index.php\/2025\/02\/11\/bezpieczne-ferie-w-siedlcach-strazacy-dbaja-o-najmlodszych\/\">Czytaj dalej<\/a><\/span><\/p>\n","protected":false},"author":9,"featured_media":7916,"comment_status":"open","ping_status":"open","sticky":false,"template":"","format":"standard","meta":{"_monsterinsights_skip_tracking":false,"_monsterinsights_sitenote_active":false,"_monsterinsights_sitenote_note":"","_monsterinsights_sitenote_category":0,"footnotes":""},"categories":[123,172,28,191,225,187,226,59],"tags":[156,741,399,253,454,743,319,742,474,204],"class_list":["entry","author-admin","post-7915","post","type-post","status-publish","format-standard","has-post-thumbnail","category-aktualnosci","category-bezpieczenstwo","category-dla-mieszkanca","category-edukacja","category-miasta","category-samorzad","category-siedlce","category-wydarzenia","tag-bezpieczenstwo","tag-bezpieczne-ferie","tag-dzieci","tag-edukacja","tag-mlodziez","tag-panstwowa-straz-pozarna","tag-pierwsza-pomoc","tag-pozar","tag-siedlce","tag-strazacy"],"aioseo_notices":[],"_links":{"self":[{"href":"https:\/\/naszpowiat.info\/index.php\/wp-json\/wp\/v2\/posts\/7915","targetHints":{"allow":["GET"]}}],"collection":[{"href":"https:\/\/naszpowiat.info\/index.php\/wp-json\/wp\/v2\/posts"}],"about":[{"href":"https:\/\/naszpowiat.info\/index.php\/wp-json\/wp\/v2\/types\/post"}],"author":[{"embeddable":true,"href":"https:\/\/naszpowiat.info\/index.php\/wp-json\/wp\/v2\/users\/9"}],"replies":[{"embeddable":true,"href":"https:\/\/naszpowiat.info\/index.php\/wp-json\/wp\/v2\/comments?post=7915"}],"version-history":[{"count":1,"href":"https:\/\/naszpowiat.info\/index.php\/wp-json\/wp\/v2\/posts\/7915\/revisions"}],"predecessor-version":[{"id":7917,"href":"https:\/\/naszpowiat.info\/index.php\/wp-json\/wp\/v2\/posts\/7915\/revisions\/7917"}],"wp:featuredmedia":[{"embeddable":true,"href":"https:\/\/naszpowiat.info\/index.php\/wp-json\/wp\/v2\/media\/7916"}],"wp:attachment":[{"href":"https:\/\/naszpowiat.info\/index.php\/wp-json\/wp\/v2\/media?parent=7915"}],"wp:term":[{"taxonomy":"category","embeddable":true,"href":"https:\/\/naszpowiat.info\/index.php\/wp-json\/wp\/v2\/categories?post=7915"},{"taxonomy":"post_tag","embeddable":true,"href":"https:\/\/naszpowiat.info\/index.php\/wp-json\/wp\/v2\/tags?post=7915"}],"curies":[{"name":"wp","href":"https:\/\/api.w.org\/{rel}","templated":true}]}}