{"id":7889,"date":"2025-02-07T17:17:47","date_gmt":"2025-02-07T17:17:47","guid":{"rendered":"https:\/\/naszpowiat.info\/?p=7889"},"modified":"2025-02-07T17:17:48","modified_gmt":"2025-02-07T17:17:48","slug":"zamkniecie-kluczowej-trasy-na-swidrze-objazdy-juz-obowiazuja","status":"publish","type":"post","link":"https:\/\/naszpowiat.info\/index.php\/2025\/02\/07\/zamkniecie-kluczowej-trasy-na-swidrze-objazdy-juz-obowiazuja\/","title":{"rendered":"Zamkni\u0119cie kluczowej trasy na \u015awidrze. Objazdy ju\u017c obowi\u0105zuj\u0105"},"content":{"rendered":"\n<p><span style=\"font-size: revert; color: initial;\">Kierowcy poruszaj\u0105cy si\u0119 tras\u0105 wojew\u00f3dzk\u0105 nr 801 mi\u0119dzy J\u00f3zefowem a Otwockiem musz\u0105 liczy\u0107 si\u0119 ze znacznymi utrudnieniami. <\/span><strong style=\"font-size: revert; color: initial;\">Od 12 lutego br. zostanie zamkni\u0119ty dla ruchu odcinek drogi na wysoko\u015bci miejscowo\u015bci G\u00f3rki<\/strong><span style=\"font-size: revert; color: initial;\">, co wi\u0105\u017ce si\u0119 z rozpocz\u0119ciem budowy nowego mostu na rzece \u015awidrze.<\/span><p data-sourcepos=\"11:1-11:214\"><strong>Zamkni\u0119ty fragment drogi b\u0119dzie si\u0119 rozci\u0105ga\u0142 od ulicy G\u00f3rczewskiej w J\u00f3zefowie a\u017c do ulicy Wi\u015blanej w Karczewie<\/strong>. Oznacza to, \u017ce kierowcy jad\u0105cy w kierunku Pu\u0142aw b\u0119d\u0105 musieli skorzysta\u0107 z wyznaczonych objazd\u00f3w.<strong>Dla pojazd\u00f3w o dopuszczalnej masie ca\u0142kowitej do 3,5 tony<\/strong> zalecany objazd prowadzi przez: <li data-sourcepos=\"15:1-15:78\">ulic\u0119 Nadwi\u015bla\u0144sk\u0105 (skr\u0119t w lewo przy stacji paliw Moya w kierunku Otwocka),<\/li> <li data-sourcepos=\"16:1-16:32\">ulic\u0119 Kraszewskiego w Otwocku,<\/li> <li data-sourcepos=\"17:1-18:0\">ulice Wyszy\u0144skiego, \u015awidersk\u0105 i Wi\u015blan\u0105 w Karczewie.<\/li> <strong>Pojazdy ci\u0119\u017csze, o dopuszczalnej masie ca\u0142kowitej powy\u017cej 3,5 tony<\/strong>, b\u0119d\u0105 musia\u0142y skorzysta\u0107 z d\u0142u\u017cszych tras, prowadz\u0105cych drogami ekspresowymi S2 i S17 oraz drog\u0105 krajow\u0105 DK50.<strong>Cho\u0107 w oficjalnym komunikacie nie podano dok\u0142adnego czasu trwania rob\u00f3t, nieoficjalne informacje wskazuj\u0105 na oko\u0142o 9 miesi\u0119cy zamkni\u0119cia drogi.<\/strong> Tak d\u0142ugi okres prac z pewno\u015bci\u0105 wp\u0142ynie na komfort podr\u00f3\u017cowania mieszka\u0144c\u00f3w okolicznych miejscowo\u015bci oraz kierowc\u00f3w tranzytowych.<strong>Celem inwestycji jest rozbi\u00f3rka starego mostu i budowa nowoczesnego obiektu in\u017cynieryjnego<\/strong>, kt\u00f3ry spe\u0142ni aktualne standardy bezpiecze\u0144stwa i umo\u017cliwi p\u0142ynniejszy ruch pojazd\u00f3w. Po zako\u0144czeniu prac kierowcy zyskaj\u0105 wygodniejszy dojazd do swoich miejsc docelowych, a infrastruktura drogowa w regionie zostanie znacz\u0105co poprawiona.<strong>W zwi\u0105zku z powy\u017cszym, kierowcy s\u0105 proszeni o planowanie swoich podr\u00f3\u017cy z odpowiednim wyprzedzeniem i korzystanie z alternatywnych tras<\/strong>, aby unikn\u0105\u0107 utrudnie\u0144 i kork\u00f3w.<\/p><\/p>\n\n\n<div class=\"wp-block-image\">\n<figure class=\"aligncenter size-full\"><img loading=\"lazy\" decoding=\"async\" width=\"600\" height=\"503\" src=\"https:\/\/naszpowiat.info\/wp-content\/uploads\/2025\/02\/inline__1672226_8077.jpg\" alt=\"\" class=\"wp-image-7890\" srcset=\"https:\/\/naszpowiat.info\/wp-content\/uploads\/2025\/02\/inline__1672226_8077.jpg 600w, https:\/\/naszpowiat.info\/wp-content\/uploads\/2025\/02\/inline__1672226_8077-300x252.jpg 300w, https:\/\/naszpowiat.info\/wp-content\/uploads\/2025\/02\/inline__1672226_8077-465x390.jpg 465w, https:\/\/naszpowiat.info\/wp-content\/uploads\/2025\/02\/inline__1672226_8077-596x500.jpg 596w\" sizes=\"auto, (max-width: 600px) 100vw, 600px\" \/><figcaption class=\"wp-element-caption\">Fot. iotwock.info<\/figcaption><\/figure>\n<\/div><div class=\"naszp-po-tresci\" id=\"naszp-3533441694\"><script async src=\"\/\/pagead2.googlesyndication.com\/pagead\/js\/adsbygoogle.js?client=ca-pub-5304901113955943\" crossorigin=\"anonymous\"><\/script><ins class=\"adsbygoogle\" style=\"display:block;\" data-ad-client=\"ca-pub-5304901113955943\" \ndata-ad-slot=\"9226873542\" \ndata-ad-format=\"auto\"><\/ins>\n<script> \n(adsbygoogle = window.adsbygoogle || []).push({}); \n<\/script>\n<\/div>","protected":false},"excerpt":{"rendered":"<p>Kierowcy poruszaj\u0105cy si\u0119 tras\u0105 wojew\u00f3dzk\u0105 nr 801 mi\u0119dzy J\u00f3zefowem a Otwockiem musz\u0105 liczy\u0107 si\u0119 ze znacznymi utrudnieniami. Od 12 lutego br. zostanie zamkni\u0119ty dla ruchu odcinek drogi na wysoko\u015bci miejscowo\u015bci G\u00f3rki, co wi\u0105\u017ce si\u0119 z rozpocz\u0119ciem budowy nowego mostu na rzece \u015awidrze. Zamkni\u0119ty fragment drogi b\u0119dzie si\u0119 rozci\u0105ga\u0142 od ulicy<span class=\"more-link\"><a href=\"https:\/\/naszpowiat.info\/index.php\/2025\/02\/07\/zamkniecie-kluczowej-trasy-na-swidrze-objazdy-juz-obowiazuja\/\">Czytaj dalej<\/a><\/span><\/p>\n","protected":false},"author":9,"featured_media":7891,"comment_status":"open","ping_status":"open","sticky":false,"template":"","format":"standard","meta":{"_monsterinsights_skip_tracking":false,"_monsterinsights_sitenote_active":false,"_monsterinsights_sitenote_note":"","_monsterinsights_sitenote_category":0,"footnotes":""},"categories":[123,186,28,183,127,87,108,36,31,187,59],"tags":[716,718,717,126,405,163,494,496,148,715,553,493,714],"class_list":["entry","author-admin","post-7889","post","type-post","status-publish","format-standard","has-post-thumbnail","category-aktualnosci","category-budzet","category-dla-mieszkanca","category-infrastruktura","category-inwestycje","category-karczew","category-otwock","category-otwocki","category-powiaty-mazowieckiego","category-samorzad","category-wydarzenia","tag-716","tag-budowa-mostu","tag-droga-wojewodzka","tag-inwestycje","tag-jozefow","tag-karczew","tag-komunikacja-miejska","tag-objazdy","tag-otwock","tag-swidr","tag-transport-publiczny","tag-utrudnienia-w-ruchu","tag-zamkniecie-drogi"],"aioseo_notices":[],"_links":{"self":[{"href":"https:\/\/naszpowiat.info\/index.php\/wp-json\/wp\/v2\/posts\/7889","targetHints":{"allow":["GET"]}}],"collection":[{"href":"https:\/\/naszpowiat.info\/index.php\/wp-json\/wp\/v2\/posts"}],"about":[{"href":"https:\/\/naszpowiat.info\/index.php\/wp-json\/wp\/v2\/types\/post"}],"author":[{"embeddable":true,"href":"https:\/\/naszpowiat.info\/index.php\/wp-json\/wp\/v2\/users\/9"}],"replies":[{"embeddable":true,"href":"https:\/\/naszpowiat.info\/index.php\/wp-json\/wp\/v2\/comments?post=7889"}],"version-history":[{"count":1,"href":"https:\/\/naszpowiat.info\/index.php\/wp-json\/wp\/v2\/posts\/7889\/revisions"}],"predecessor-version":[{"id":7892,"href":"https:\/\/naszpowiat.info\/index.php\/wp-json\/wp\/v2\/posts\/7889\/revisions\/7892"}],"wp:featuredmedia":[{"embeddable":true,"href":"https:\/\/naszpowiat.info\/index.php\/wp-json\/wp\/v2\/media\/7891"}],"wp:attachment":[{"href":"https:\/\/naszpowiat.info\/index.php\/wp-json\/wp\/v2\/media?parent=7889"}],"wp:term":[{"taxonomy":"category","embeddable":true,"href":"https:\/\/naszpowiat.info\/index.php\/wp-json\/wp\/v2\/categories?post=7889"},{"taxonomy":"post_tag","embeddable":true,"href":"https:\/\/naszpowiat.info\/index.php\/wp-json\/wp\/v2\/tags?post=7889"}],"curies":[{"name":"wp","href":"https:\/\/api.w.org\/{rel}","templated":true}]}}