{"id":7886,"date":"2025-02-07T17:13:05","date_gmt":"2025-02-07T17:13:05","guid":{"rendered":"https:\/\/naszpowiat.info\/?p=7886"},"modified":"2025-02-07T17:13:06","modified_gmt":"2025-02-07T17:13:06","slug":"bezplatne-mammografie-dla-mieszkanek-nowego-dworu-mazowieckiego-i-pomiechowka","status":"publish","type":"post","link":"https:\/\/naszpowiat.info\/index.php\/2025\/02\/07\/bezplatne-mammografie-dla-mieszkanek-nowego-dworu-mazowieckiego-i-pomiechowka\/","title":{"rendered":"Bezp\u0142atne mammografie dla mieszkanek Nowego Dworu Mazowieckiego i Pomiech\u00f3wka!"},"content":{"rendered":"\n<p>W ramach rz\u0105dowego Programu Profilaktyki Raka Piersi, mobilna pracownia diagnostyczna Lux Med zawita do Nowego Dworu Mazowieckiego i Pomiech\u00f3wka, oferuj\u0105c bezp\u0142atne mammografie. To doskona\u0142a okazja, aby wykona\u0107 to wa\u017cne badanie i wykry\u0107 ewentualne zmiany nowotworowe na wczesnym etapie, kiedy szanse na skuteczne leczenie s\u0105 najwi\u0119ksze.<\/p>\n\n\n\n<p><strong>Dla kogo?<\/strong><\/p>\n\n\n\n<p>Badania przeznaczone s\u0105 dla kobiet w wieku od 45 do 74 lat. Je\u017celi mia\u0142y\u015bcie ju\u017c diagnozowanego raka piersi lub zako\u0144czy\u0142y\u015bcie leczenie, r\u00f3wnie\u017c mo\u017cecie skorzysta\u0107 z tej oferty, pod warunkiem spe\u0142nienia okre\u015blonych kryteri\u00f3w. Szczeg\u00f3\u0142owe informacje mo\u017cecie uzyska\u0107 podczas rejestracji.<\/p>\n\n\n\n<p><strong>Dlaczego warto?<\/strong><\/p>\n\n\n\n<p>Mammografia to jedno z najskuteczniejszych bada\u0144 przesiewowych, kt\u00f3re pozwala wykry\u0107 zmiany w piersiach nawet wtedy, gdy nie s\u0105 one wyczuwalne podczas samodzielnego badania. Wczesne wykrycie raka piersi znacz\u0105co zwi\u0119ksza szanse na pe\u0142ne wyzdrowienie.<\/p>\n\n\n\n<p><strong>Kiedy i gdzie?<\/strong><\/p>\n\n\n\n<ul class=\"wp-block-list\">\n<li><strong>Nowy Dw\u00f3r Mazowiecki:<\/strong> 10 marca 2025 r., w godzinach 10:00-17:00, w Parku Miejskim im. J\u00f3zefa Wybickiego przy ul. J. Wybickiego.<\/li>\n\n\n\n<li><strong>Pomiech\u00f3wek:<\/strong> 11 marca 2025 r., w godzinach 8:30-11:00, przy Hali Sportowej na ul. Szkolnej 3.<\/li>\n<\/ul>\n\n\n\n<p><strong>Jak si\u0119 zapisa\u0107?<\/strong><\/p>\n\n\n\n<p>Rejestracja odbywa si\u0119 telefonicznie pod numerami 22 880 90 80 (wew. 3) oraz 58 666 24 44. Przygotujcie dow\u00f3d osobisty oraz, je\u015bli macie, wyniki wcze\u015bniejszych bada\u0144 mammograficznych.<\/p>\n\n\n<div class=\"wp-block-image\">\n<figure class=\"aligncenter size-large\"><img loading=\"lazy\" decoding=\"async\" width=\"1024\" height=\"682\" src=\"https:\/\/naszpowiat.info\/wp-content\/uploads\/2025\/02\/20140429_0024-1024x682.jpg\" alt=\"\" class=\"wp-image-7887\" srcset=\"https:\/\/naszpowiat.info\/wp-content\/uploads\/2025\/02\/20140429_0024-1024x682.jpg 1024w, https:\/\/naszpowiat.info\/wp-content\/uploads\/2025\/02\/20140429_0024-300x200.jpg 300w, https:\/\/naszpowiat.info\/wp-content\/uploads\/2025\/02\/20140429_0024-768x512.jpg 768w, https:\/\/naszpowiat.info\/wp-content\/uploads\/2025\/02\/20140429_0024-1536x1024.jpg 1536w, https:\/\/naszpowiat.info\/wp-content\/uploads\/2025\/02\/20140429_0024-465x310.jpg 465w, https:\/\/naszpowiat.info\/wp-content\/uploads\/2025\/02\/20140429_0024-695x463.jpg 695w, https:\/\/naszpowiat.info\/wp-content\/uploads\/2025\/02\/20140429_0024.jpg 1754w\" sizes=\"auto, (max-width: 1024px) 100vw, 1024px\" \/><figcaption class=\"wp-element-caption\">Fot. Narodowy Instytut Onkologii im. Marii Sk\u0142odowskiej-Curie<\/figcaption><\/figure>\n<\/div><div class=\"naszp-po-tresci\" id=\"naszp-1417386654\"><script async src=\"\/\/pagead2.googlesyndication.com\/pagead\/js\/adsbygoogle.js?client=ca-pub-5304901113955943\" crossorigin=\"anonymous\"><\/script><ins class=\"adsbygoogle\" style=\"display:block;\" data-ad-client=\"ca-pub-5304901113955943\" \ndata-ad-slot=\"9226873542\" \ndata-ad-format=\"auto\"><\/ins>\n<script> \n(adsbygoogle = window.adsbygoogle || []).push({}); \n<\/script>\n<\/div>","protected":false},"excerpt":{"rendered":"<p>W ramach rz\u0105dowego Programu Profilaktyki Raka Piersi, mobilna pracownia diagnostyczna Lux Med zawita do Nowego Dworu Mazowieckiego i Pomiech\u00f3wka, oferuj\u0105c bezp\u0142atne mammografie. To doskona\u0142a okazja, aby wykona\u0107 to wa\u017cne badanie i wykry\u0107 ewentualne zmiany nowotworowe na wczesnym etapie, kiedy szanse na skuteczne leczenie s\u0105 najwi\u0119ksze. Dla kogo? Badania przeznaczone s\u0105<span class=\"more-link\"><a href=\"https:\/\/naszpowiat.info\/index.php\/2025\/02\/07\/bezplatne-mammografie-dla-mieszkanek-nowego-dworu-mazowieckiego-i-pomiechowka\/\">Czytaj dalej<\/a><\/span><\/p>\n","protected":false},"author":9,"featured_media":7887,"comment_status":"open","ping_status":"open","sticky":false,"template":"","format":"standard","meta":{"_monsterinsights_skip_tracking":false,"_monsterinsights_sitenote_active":false,"_monsterinsights_sitenote_note":"","_monsterinsights_sitenote_category":0,"footnotes":""},"categories":[123,172,28,106,113,35,31,59,228],"tags":[707,709,713,705,706,167,710,711,708,357,712],"class_list":["entry","author-admin","post-7886","post","type-post","status-publish","format-standard","has-post-thumbnail","category-aktualnosci","category-bezpieczenstwo","category-dla-mieszkanca","category-nowy-dwor-mazowiecki","category-pomiechowek","category-nowodworski","category-powiaty-mazowieckiego","category-wydarzenia","category-zdrowie","tag-badania-przesiewowe","tag-bezplatne-badania","tag-lux-med","tag-mammografia","tag-narodowy-fundusz-zdrowia","tag-nowy-dwor-mazowiecki","tag-pomiechowek","tag-profilaktyka","tag-rak-piersi","tag-zdrowie","tag-zdrowie-kobiety"],"aioseo_notices":[],"_links":{"self":[{"href":"https:\/\/naszpowiat.info\/index.php\/wp-json\/wp\/v2\/posts\/7886","targetHints":{"allow":["GET"]}}],"collection":[{"href":"https:\/\/naszpowiat.info\/index.php\/wp-json\/wp\/v2\/posts"}],"about":[{"href":"https:\/\/naszpowiat.info\/index.php\/wp-json\/wp\/v2\/types\/post"}],"author":[{"embeddable":true,"href":"https:\/\/naszpowiat.info\/index.php\/wp-json\/wp\/v2\/users\/9"}],"replies":[{"embeddable":true,"href":"https:\/\/naszpowiat.info\/index.php\/wp-json\/wp\/v2\/comments?post=7886"}],"version-history":[{"count":1,"href":"https:\/\/naszpowiat.info\/index.php\/wp-json\/wp\/v2\/posts\/7886\/revisions"}],"predecessor-version":[{"id":7888,"href":"https:\/\/naszpowiat.info\/index.php\/wp-json\/wp\/v2\/posts\/7886\/revisions\/7888"}],"wp:featuredmedia":[{"embeddable":true,"href":"https:\/\/naszpowiat.info\/index.php\/wp-json\/wp\/v2\/media\/7887"}],"wp:attachment":[{"href":"https:\/\/naszpowiat.info\/index.php\/wp-json\/wp\/v2\/media?parent=7886"}],"wp:term":[{"taxonomy":"category","embeddable":true,"href":"https:\/\/naszpowiat.info\/index.php\/wp-json\/wp\/v2\/categories?post=7886"},{"taxonomy":"post_tag","embeddable":true,"href":"https:\/\/naszpowiat.info\/index.php\/wp-json\/wp\/v2\/tags?post=7886"}],"curies":[{"name":"wp","href":"https:\/\/api.w.org\/{rel}","templated":true}]}}