{"id":7876,"date":"2025-02-06T15:44:47","date_gmt":"2025-02-06T15:44:47","guid":{"rendered":"https:\/\/naszpowiat.info\/?p=7876"},"modified":"2025-02-06T15:44:48","modified_gmt":"2025-02-06T15:44:48","slug":"juz-niebawem-grodziskie-spotkania-wielokulturowe-sploty","status":"publish","type":"post","link":"https:\/\/naszpowiat.info\/index.php\/2025\/02\/06\/juz-niebawem-grodziskie-spotkania-wielokulturowe-sploty\/","title":{"rendered":"Ju\u017c niebawem Grodziskie Spotkania Wielokulturowe \u201eSploty\u201d"},"content":{"rendered":"\n<p>Ju\u017c po raz jedenasty Grodzisk Mazowiecki stanie si\u0119 centrum spotka\u0144 ludzi r\u00f3\u017cnych kultur i tradycji. W drugiej po\u0142owie lutego rozpocznie si\u0119 festiwal \u201eSploty\u201d, kt\u00f3ry co roku przybli\u017ca mieszka\u0144com r\u00f3\u017cnorodno\u015b\u0107 \u015bwiatowego dziedzictwa.<\/p>\n\n\n\n<p>Tegoroczna edycja to koncerty, wystawy, warsztaty, spotkania autorskie, wyk\u0142ady i seanse filmowe. Wszystkie wydarzenia, poza koncertem fina\u0142owym i projekcjami filmowymi, b\u0119d\u0105 bezp\u0142atne. \u2013 Wehiku\u0142em, kt\u00f3ry przeniesie nas w kierunku innych kultur, tradycji, religii i obyczaj\u00f3w b\u0119d\u0105 koncerty, wystawy, warsztaty, spotkania autorskie i spacery historyczne, a tak\u017ce wyk\u0142ady i seanse filmowe \u2013 m\u00f3wi \u0141ukasz Nowacki, historyk i wsp\u00f3\u0142organizator festiwalu<strong>.<\/strong><\/p>\n\n\n\n<p>Festiwal rozpocznie si\u0119 16 lutego i potrwa kilka dni. Jego zwie\u0144czeniem b\u0119dzie wyj\u0105tkowy koncert Renaty Przemyk i zespo\u0142u Dagadana \u2013 jedyna cz\u0119\u015b\u0107 wydarzenia wymagaj\u0105ca zakupu biletu.<\/p>\n\n\n\n<p>Szczeg\u00f3\u0142owy harmonogram wydarze\u0144 jest dost\u0119pny na stronie wydarzenia: <a href=\"https:\/\/www.facebook.com\/SplotyGrodzisk\">https:\/\/www.facebook.com\/SplotyGrodzisk<\/a>.<\/p>\n\n\n<div class=\"wp-block-image\">\n<figure class=\"aligncenter size-full is-resized\"><img loading=\"lazy\" decoding=\"async\" width=\"1000\" height=\"1000\" src=\"https:\/\/naszpowiat.info\/wp-content\/uploads\/2025\/02\/474854007_584561107874095_5388638061049986241_n.jpg\" alt=\"\" class=\"wp-image-7877\" style=\"width:514px;height:auto\" srcset=\"https:\/\/naszpowiat.info\/wp-content\/uploads\/2025\/02\/474854007_584561107874095_5388638061049986241_n.jpg 1000w, https:\/\/naszpowiat.info\/wp-content\/uploads\/2025\/02\/474854007_584561107874095_5388638061049986241_n-300x300.jpg 300w, https:\/\/naszpowiat.info\/wp-content\/uploads\/2025\/02\/474854007_584561107874095_5388638061049986241_n-150x150.jpg 150w, https:\/\/naszpowiat.info\/wp-content\/uploads\/2025\/02\/474854007_584561107874095_5388638061049986241_n-768x768.jpg 768w, https:\/\/naszpowiat.info\/wp-content\/uploads\/2025\/02\/474854007_584561107874095_5388638061049986241_n-465x465.jpg 465w, https:\/\/naszpowiat.info\/wp-content\/uploads\/2025\/02\/474854007_584561107874095_5388638061049986241_n-500x500.jpg 500w\" sizes=\"auto, (max-width: 1000px) 100vw, 1000px\" \/><figcaption class=\"wp-element-caption\">Fot. <a href=\"https:\/\/www.facebook.com\/SplotyGrodzisk?__tn__=-UC*F\">Sploty. Grodziskie Spotkania Wielokulturowe<\/a> (FB)<\/figcaption><\/figure>\n<\/div><div class=\"naszp-po-tresci\" id=\"naszp-3026738300\"><script async src=\"\/\/pagead2.googlesyndication.com\/pagead\/js\/adsbygoogle.js?client=ca-pub-5304901113955943\" crossorigin=\"anonymous\"><\/script><ins class=\"adsbygoogle\" style=\"display:block;\" data-ad-client=\"ca-pub-5304901113955943\" \ndata-ad-slot=\"9226873542\" \ndata-ad-format=\"auto\"><\/ins>\n<script> \n(adsbygoogle = window.adsbygoogle || []).push({}); \n<\/script>\n<\/div>","protected":false},"excerpt":{"rendered":"<p>Ju\u017c po raz jedenasty Grodzisk Mazowiecki stanie si\u0119 centrum spotka\u0144 ludzi r\u00f3\u017cnych kultur i tradycji. W drugiej po\u0142owie lutego rozpocznie si\u0119 festiwal \u201eSploty\u201d, kt\u00f3ry co roku przybli\u017ca mieszka\u0144com r\u00f3\u017cnorodno\u015b\u0107 \u015bwiatowego dziedzictwa. Tegoroczna edycja to koncerty, wystawy, warsztaty, spotkania autorskie, wyk\u0142ady i seanse filmowe. Wszystkie wydarzenia, poza koncertem fina\u0142owym i projekcjami<span class=\"more-link\"><a href=\"https:\/\/naszpowiat.info\/index.php\/2025\/02\/06\/juz-niebawem-grodziskie-spotkania-wielokulturowe-sploty\/\">Czytaj dalej<\/a><\/span><\/p>\n","protected":false},"author":9,"featured_media":7877,"comment_status":"open","ping_status":"open","sticky":false,"template":"","format":"standard","meta":{"_monsterinsights_skip_tracking":false,"_monsterinsights_sitenote_active":false,"_monsterinsights_sitenote_note":"","_monsterinsights_sitenote_category":0,"footnotes":""},"categories":[123,76,30,187,192],"tags":[154,207,309,689,290],"class_list":["entry","author-admin","post-7876","post","type-post","status-publish","format-standard","has-post-thumbnail","category-aktualnosci","category-grodzisk-mazowiecki","category-kultura","category-samorzad","category-sztuka","tag-grodzisk-mazowiecki","tag-kultura","tag-samorzad","tag-sploty","tag-wydarzenia"],"aioseo_notices":[],"_links":{"self":[{"href":"https:\/\/naszpowiat.info\/index.php\/wp-json\/wp\/v2\/posts\/7876","targetHints":{"allow":["GET"]}}],"collection":[{"href":"https:\/\/naszpowiat.info\/index.php\/wp-json\/wp\/v2\/posts"}],"about":[{"href":"https:\/\/naszpowiat.info\/index.php\/wp-json\/wp\/v2\/types\/post"}],"author":[{"embeddable":true,"href":"https:\/\/naszpowiat.info\/index.php\/wp-json\/wp\/v2\/users\/9"}],"replies":[{"embeddable":true,"href":"https:\/\/naszpowiat.info\/index.php\/wp-json\/wp\/v2\/comments?post=7876"}],"version-history":[{"count":1,"href":"https:\/\/naszpowiat.info\/index.php\/wp-json\/wp\/v2\/posts\/7876\/revisions"}],"predecessor-version":[{"id":7878,"href":"https:\/\/naszpowiat.info\/index.php\/wp-json\/wp\/v2\/posts\/7876\/revisions\/7878"}],"wp:featuredmedia":[{"embeddable":true,"href":"https:\/\/naszpowiat.info\/index.php\/wp-json\/wp\/v2\/media\/7877"}],"wp:attachment":[{"href":"https:\/\/naszpowiat.info\/index.php\/wp-json\/wp\/v2\/media?parent=7876"}],"wp:term":[{"taxonomy":"category","embeddable":true,"href":"https:\/\/naszpowiat.info\/index.php\/wp-json\/wp\/v2\/categories?post=7876"},{"taxonomy":"post_tag","embeddable":true,"href":"https:\/\/naszpowiat.info\/index.php\/wp-json\/wp\/v2\/tags?post=7876"}],"curies":[{"name":"wp","href":"https:\/\/api.w.org\/{rel}","templated":true}]}}