{"id":7831,"date":"2025-02-01T16:24:05","date_gmt":"2025-02-01T16:24:05","guid":{"rendered":"https:\/\/naszpowiat.info\/?p=7831"},"modified":"2025-02-01T16:24:06","modified_gmt":"2025-02-01T16:24:06","slug":"trzesienie-w-powiatowej-polityce-dynamiczne-zmiany-w-skladach-komisji","status":"publish","type":"post","link":"https:\/\/naszpowiat.info\/index.php\/2025\/02\/01\/trzesienie-w-powiatowej-polityce-dynamiczne-zmiany-w-skladach-komisji\/","title":{"rendered":"Trz\u0119sienie w powiatowej polityce! Dynamiczne zmiany w sk\u0142adach komisji"},"content":{"rendered":"\n<p>Podczas ostatniej sesji rady powiatu dosz\u0142o do nieoczekiwanych zmian w sk\u0142adach personalnych a\u017c trzech komisji. To decyzja, kt\u00f3ra z pewno\u015bci\u0105 odbije si\u0119 szerokim echem w lokalnym \u015brodowisku politycznym.<\/p>\n\n\n\n<p>Najwi\u0119ksze zaskoczenie wzbudzi\u0142a zmiana na stanowisku przewodnicz\u0105cego komisji rewizyjnej. <strong>Marcin Jaro\u0144<\/strong> (PiS), kt\u00f3ry do tej pory sprawowa\u0142 t\u0119 funkcj\u0119, ust\u0105pi\u0142 miejsca <strong>Markowi Chcia\u0142owskiemu<\/strong> (PSL). Jak podkre\u015bla\u0142a starosta <strong>Iwona Kurowska<\/strong>, Jaro\u0144 wywi\u0105zywa\u0142 si\u0119 ze swoich obowi\u0105zk\u00f3w wzorowo. Dlaczego wi\u0119c dosz\u0142o do takiej roszady?<\/p>\n\n\n\n<p>Radni opozycji domagali si\u0119 jasnego uzasadnienia tych zmian, zwracaj\u0105c uwag\u0119 na brak konkretnych argument\u00f3w w projekcie uchwa\u0142y. <strong>Norbert Wilbik<\/strong> podkre\u015bla\u0142, \u017ce takie decyzje powinny by\u0107 dobrze uargumentowane, aby mieszka\u0144cy mogli zrozumie\u0107 ich sens.<\/p>\n\n\n\n<p><strong>Radny Kieliszek<\/strong> z kolei t\u0142umaczy\u0142, \u017ce poszerzenie sk\u0142adu komisji wynika z ch\u0119ci wi\u0119kszej liczby radnych do uczestniczenia w jej pracach, a zmiana na stanowisku przewodnicz\u0105cego to efekt decyzji klub\u00f3w radnych PFS i PSL.<\/p>\n\n\n\n<p><strong>Ale to nie koniec zmian!<\/strong> R\u00f3wnie\u017c w komisji skarg, wniosk\u00f3w i petycji dosz\u0142o do znacz\u0105cych przetasowa\u0144. Do\u0142\u0105czyli do niej m.in. <strong>Jaros\u0142aw Bia\u0142ecki<\/strong> (PFS) i <strong>Adam Zboina<\/strong> (PSL). Ciekawostk\u0105 jest fakt, \u017ce pocz\u0105tkowo wniosek przewidywa\u0142 udzia\u0142 radnej <strong>Karoliny Jamnickiej-Kondej<\/strong>, jednak ze wzgl\u0119du na pe\u0142nion\u0105 przez ni\u0105 funkcj\u0119 cz\u0142onka zarz\u0105du powiatu, nie mog\u0142a ona uczestniczy\u0107 w pracach tej komisji.<\/p>\n\n\n\n<p>Podobnie sytuacja wygl\u0105da\u0142a w komisji statutowej, do kt\u00f3rej do\u0142\u0105czyli <strong>Marcin Kobus<\/strong> (PSL) i <strong>Stefan Gora<\/strong> (PFS).<\/p>\n\n\n\n<p><strong>Za zmianami w trzech komisjach opowiedzia\u0142o si\u0119 12 radnych, a 11 by\u0142o przeciw.<\/strong><\/p>\n\n\n\n<p><strong>Jakie b\u0119d\u0105 konsekwencje tych zmian?<\/strong> To pytanie zadaje sobie wielu mieszka\u0144c\u00f3w powiatu. Nowi cz\u0142onkowie komisji z pewno\u015bci\u0105 wnios\u0105 nowe pomys\u0142y i spojrzenie na funkcjonowanie samorz\u0105du. Jednak\u017ce, jak podkre\u015blaj\u0105 niekt\u00f3rzy radni, tak drastyczne zmiany mog\u0105 prowadzi\u0107 do destabilizacji pracy organ\u00f3w kontrolnych i utrudnia\u0107 wsp\u00f3\u0142prac\u0119 mi\u0119dzy radnymi.<\/p>\n\n\n\n<p><strong>Czas poka\u017ce, czy te zmiany oka\u017c\u0105 si\u0119 korzystne dla mieszka\u0144c\u00f3w powiatu.<\/strong> Na pewno b\u0119d\u0105 one bacznie obserwowane zar\u00f3wno przez radnych, jak i przez opini\u0119 publiczn\u0105.<\/p>\n\n\n<div class=\"wp-block-image\">\n<figure class=\"aligncenter size-large\"><img loading=\"lazy\" decoding=\"async\" width=\"1024\" height=\"679\" src=\"https:\/\/naszpowiat.info\/wp-content\/uploads\/2025\/02\/xga-kolejne-zmiany-w-radzie-powiatu-1738171617-1024x679.jpg\" alt=\"\" class=\"wp-image-7832\" srcset=\"https:\/\/naszpowiat.info\/wp-content\/uploads\/2025\/02\/xga-kolejne-zmiany-w-radzie-powiatu-1738171617-1024x679.jpg 1024w, https:\/\/naszpowiat.info\/wp-content\/uploads\/2025\/02\/xga-kolejne-zmiany-w-radzie-powiatu-1738171617-300x199.jpg 300w, https:\/\/naszpowiat.info\/wp-content\/uploads\/2025\/02\/xga-kolejne-zmiany-w-radzie-powiatu-1738171617-768x509.jpg 768w, https:\/\/naszpowiat.info\/wp-content\/uploads\/2025\/02\/xga-kolejne-zmiany-w-radzie-powiatu-1738171617-465x308.jpg 465w, https:\/\/naszpowiat.info\/wp-content\/uploads\/2025\/02\/xga-kolejne-zmiany-w-radzie-powiatu-1738171617-695x461.jpg 695w, https:\/\/naszpowiat.info\/wp-content\/uploads\/2025\/02\/xga-kolejne-zmiany-w-radzie-powiatu-1738171617.jpg 1530w\" sizes=\"auto, (max-width: 1024px) 100vw, 1024px\" \/><figcaption class=\"wp-element-caption\">Fot. wirutalnygarwolin.pl<\/figcaption><\/figure>\n<\/div><div class=\"naszp-po-tresci\" id=\"naszp-2756170678\"><script async src=\"\/\/pagead2.googlesyndication.com\/pagead\/js\/adsbygoogle.js?client=ca-pub-5304901113955943\" crossorigin=\"anonymous\"><\/script><ins class=\"adsbygoogle\" style=\"display:block;\" data-ad-client=\"ca-pub-5304901113955943\" \ndata-ad-slot=\"9226873542\" \ndata-ad-format=\"auto\"><\/ins>\n<script> \n(adsbygoogle = window.adsbygoogle || []).push({}); \n<\/script>\n<\/div>","protected":false},"excerpt":{"rendered":"<p>Podczas ostatniej sesji rady powiatu dosz\u0142o do nieoczekiwanych zmian w sk\u0142adach personalnych a\u017c trzech komisji. To decyzja, kt\u00f3ra z pewno\u015bci\u0105 odbije si\u0119 szerokim echem w lokalnym \u015brodowisku politycznym. Najwi\u0119ksze zaskoczenie wzbudzi\u0142a zmiana na stanowisku przewodnicz\u0105cego komisji rewizyjnej. Marcin Jaro\u0144 (PiS), kt\u00f3ry do tej pory sprawowa\u0142 t\u0119 funkcj\u0119, ust\u0105pi\u0142 miejsca Markowi<span class=\"more-link\"><a href=\"https:\/\/naszpowiat.info\/index.php\/2025\/02\/01\/trzesienie-w-powiatowej-polityce-dynamiczne-zmiany-w-skladach-komisji\/\">Czytaj dalej<\/a><\/span><\/p>\n","protected":false},"author":9,"featured_media":7832,"comment_status":"open","ping_status":"open","sticky":false,"template":"","format":"standard","meta":{"_monsterinsights_skip_tracking":false,"_monsterinsights_sitenote_active":false,"_monsterinsights_sitenote_note":"","_monsterinsights_sitenote_category":0,"footnotes":""},"categories":[123,28,213,209,31,187,59],"tags":[227,623,625,627,624,620,340,346,626,621,629,233],"class_list":["entry","author-admin","post-7831","post","type-post","status-publish","format-standard","has-post-thumbnail","category-aktualnosci","category-dla-mieszkanca","category-garwolin","category-powiat-garwolinski","category-powiaty-mazowieckiego","category-samorzad","category-wydarzenia","tag-garwolin","tag-komisja-rewizyjna","tag-komisja-skarg","tag-komisja-statutowa","tag-komisje-rady","tag-pfs","tag-pis","tag-polityka","tag-powiat","tag-psl","tag-rada-powiatu","tag-wybory"],"aioseo_notices":[],"_links":{"self":[{"href":"https:\/\/naszpowiat.info\/index.php\/wp-json\/wp\/v2\/posts\/7831","targetHints":{"allow":["GET"]}}],"collection":[{"href":"https:\/\/naszpowiat.info\/index.php\/wp-json\/wp\/v2\/posts"}],"about":[{"href":"https:\/\/naszpowiat.info\/index.php\/wp-json\/wp\/v2\/types\/post"}],"author":[{"embeddable":true,"href":"https:\/\/naszpowiat.info\/index.php\/wp-json\/wp\/v2\/users\/9"}],"replies":[{"embeddable":true,"href":"https:\/\/naszpowiat.info\/index.php\/wp-json\/wp\/v2\/comments?post=7831"}],"version-history":[{"count":1,"href":"https:\/\/naszpowiat.info\/index.php\/wp-json\/wp\/v2\/posts\/7831\/revisions"}],"predecessor-version":[{"id":7833,"href":"https:\/\/naszpowiat.info\/index.php\/wp-json\/wp\/v2\/posts\/7831\/revisions\/7833"}],"wp:featuredmedia":[{"embeddable":true,"href":"https:\/\/naszpowiat.info\/index.php\/wp-json\/wp\/v2\/media\/7832"}],"wp:attachment":[{"href":"https:\/\/naszpowiat.info\/index.php\/wp-json\/wp\/v2\/media?parent=7831"}],"wp:term":[{"taxonomy":"category","embeddable":true,"href":"https:\/\/naszpowiat.info\/index.php\/wp-json\/wp\/v2\/categories?post=7831"},{"taxonomy":"post_tag","embeddable":true,"href":"https:\/\/naszpowiat.info\/index.php\/wp-json\/wp\/v2\/tags?post=7831"}],"curies":[{"name":"wp","href":"https:\/\/api.w.org\/{rel}","templated":true}]}}