{"id":7762,"date":"2025-01-27T15:31:47","date_gmt":"2025-01-27T15:31:47","guid":{"rendered":"https:\/\/naszpowiat.info\/?p=7762"},"modified":"2025-01-27T15:31:48","modified_gmt":"2025-01-27T15:31:48","slug":"grodzisk-mazowiecki-rozkwita-na-nowo-80-nowych-drzew-juz-wkrotce-ozdobi-miasto","status":"publish","type":"post","link":"https:\/\/naszpowiat.info\/index.php\/2025\/01\/27\/grodzisk-mazowiecki-rozkwita-na-nowo-80-nowych-drzew-juz-wkrotce-ozdobi-miasto\/","title":{"rendered":"Grodzisk Mazowiecki rozkwita na nowo! 80 nowych drzew ju\u017c wkr\u00f3tce ozdobi miasto"},"content":{"rendered":"\n<p>Grodzisk Mazowiecki staje <\/p>\n\n\n\n<p>jeszcze pi\u0119kniejszy i bardziej zielony! W ramach nowej inicjatywy, gmina wzbogaci si\u0119 o a\u017c 80 okaza\u0142ych drzew. To nie tylko estetyczna odmiana, ale przede wszystkim inwestycja w zdrowie i przysz\u0142o\u015b\u0107 mieszka\u0144c\u00f3w.<\/p>\n\n\n\n<p>Lipa drobnolistna, grab, robinia akacjowa kulista i wi\u015bnia ozdobna \u2013 to w\u0142a\u015bnie te gatunki drzew pojawi\u0105 si\u0119 w r\u00f3\u017cnych zak\u0105tkach Grodziska. Jednym z takich miejsc jest ulica Okulickiego na Osiedlu Kopernika. Drzewa, kt\u00f3re trafi\u0142y do gminy, pochodz\u0105 z darowizny Zarz\u0105du Warszawskiej Kolei Dojazdowej.<\/p>\n\n\n\n<p>Dlaczego to takie wa\u017cne? Drzewa to nie tylko ozdoba. To naturalne filtry powietrza, kt\u00f3re poprawiaj\u0105 jego jako\u015b\u0107 i zapewniaj\u0105 przyjemny cie\u0144 w upalne dni. Dzi\u0119ki tej inicjatywie, Grodzisk Mazowiecki staje si\u0119 jeszcze bardziej przyjaznym miejscem do \u017cycia, gdzie mieszka\u0144cy mog\u0105 oddycha\u0107 \u015bwie\u017cym powietrzem i cieszy\u0107 si\u0119 pi\u0119knem natury.<\/p>\n\n\n<div class=\"wp-block-image\">\n<figure class=\"aligncenter size-full\"><img loading=\"lazy\" decoding=\"async\" width=\"1024\" height=\"591\" src=\"https:\/\/naszpowiat.info\/wp-content\/uploads\/2025\/01\/grodzisk-nasadzenia-zielenie-fot-grodzisk-mazowiecki-FB-1024x591-1.jpg\" alt=\"\" class=\"wp-image-7763\" srcset=\"https:\/\/naszpowiat.info\/wp-content\/uploads\/2025\/01\/grodzisk-nasadzenia-zielenie-fot-grodzisk-mazowiecki-FB-1024x591-1.jpg 1024w, https:\/\/naszpowiat.info\/wp-content\/uploads\/2025\/01\/grodzisk-nasadzenia-zielenie-fot-grodzisk-mazowiecki-FB-1024x591-1-300x173.jpg 300w, https:\/\/naszpowiat.info\/wp-content\/uploads\/2025\/01\/grodzisk-nasadzenia-zielenie-fot-grodzisk-mazowiecki-FB-1024x591-1-768x443.jpg 768w, https:\/\/naszpowiat.info\/wp-content\/uploads\/2025\/01\/grodzisk-nasadzenia-zielenie-fot-grodzisk-mazowiecki-FB-1024x591-1-465x268.jpg 465w, https:\/\/naszpowiat.info\/wp-content\/uploads\/2025\/01\/grodzisk-nasadzenia-zielenie-fot-grodzisk-mazowiecki-FB-1024x591-1-695x401.jpg 695w\" sizes=\"auto, (max-width: 1024px) 100vw, 1024px\" \/><figcaption class=\"wp-element-caption\">Fot. wpr24.pl<\/figcaption><\/figure>\n<\/div><div class=\"naszp-po-tresci\" id=\"naszp-4064330846\"><script async src=\"\/\/pagead2.googlesyndication.com\/pagead\/js\/adsbygoogle.js?client=ca-pub-5304901113955943\" crossorigin=\"anonymous\"><\/script><ins class=\"adsbygoogle\" style=\"display:block;\" data-ad-client=\"ca-pub-5304901113955943\" \ndata-ad-slot=\"9226873542\" \ndata-ad-format=\"auto\"><\/ins>\n<script> \n(adsbygoogle = window.adsbygoogle || []).push({}); \n<\/script>\n<\/div>","protected":false},"excerpt":{"rendered":"<p>Grodzisk Mazowiecki staje jeszcze pi\u0119kniejszy i bardziej zielony! W ramach nowej inicjatywy, gmina wzbogaci si\u0119 o a\u017c 80 okaza\u0142ych drzew. To nie tylko estetyczna odmiana, ale przede wszystkim inwestycja w zdrowie i przysz\u0142o\u015b\u0107 mieszka\u0144c\u00f3w. Lipa drobnolistna, grab, robinia akacjowa kulista i wi\u015bnia ozdobna \u2013 to w\u0142a\u015bnie te gatunki drzew pojawi\u0105<span class=\"more-link\"><a href=\"https:\/\/naszpowiat.info\/index.php\/2025\/01\/27\/grodzisk-mazowiecki-rozkwita-na-nowo-80-nowych-drzew-juz-wkrotce-ozdobi-miasto\/\">Czytaj dalej<\/a><\/span><\/p>\n","protected":false},"author":9,"featured_media":7763,"comment_status":"open","ping_status":"open","sticky":false,"template":"","format":"standard","meta":{"_monsterinsights_skip_tracking":false,"_monsterinsights_sitenote_active":false,"_monsterinsights_sitenote_note":"","_monsterinsights_sitenote_category":0,"footnotes":""},"categories":[123,28,169,76,32,31,166,187,59],"tags":[548,349,317,154,552,550,543,546,549,551,545,547],"class_list":["entry","author-admin","post-7762","post","type-post","status-publish","format-standard","has-post-thumbnail","category-aktualnosci","category-dla-mieszkanca","category-ekologia","category-grodzisk-mazowiecki","category-grodziski","category-powiaty-mazowieckiego","category-rekreacja","category-samorzad","category-wydarzenia","tag-darowizna","tag-drzewa","tag-ekologia","tag-grodzisk-mazowiecki","tag-inwestycja-w-przyszlosc","tag-nasadzenia","tag-natura","tag-osiedle-kopernika","tag-rozwoj-miasta","tag-srodowisko-2","tag-zdrowe-powietrze","tag-zielone-miasto"],"aioseo_notices":[],"_links":{"self":[{"href":"https:\/\/naszpowiat.info\/index.php\/wp-json\/wp\/v2\/posts\/7762","targetHints":{"allow":["GET"]}}],"collection":[{"href":"https:\/\/naszpowiat.info\/index.php\/wp-json\/wp\/v2\/posts"}],"about":[{"href":"https:\/\/naszpowiat.info\/index.php\/wp-json\/wp\/v2\/types\/post"}],"author":[{"embeddable":true,"href":"https:\/\/naszpowiat.info\/index.php\/wp-json\/wp\/v2\/users\/9"}],"replies":[{"embeddable":true,"href":"https:\/\/naszpowiat.info\/index.php\/wp-json\/wp\/v2\/comments?post=7762"}],"version-history":[{"count":1,"href":"https:\/\/naszpowiat.info\/index.php\/wp-json\/wp\/v2\/posts\/7762\/revisions"}],"predecessor-version":[{"id":7764,"href":"https:\/\/naszpowiat.info\/index.php\/wp-json\/wp\/v2\/posts\/7762\/revisions\/7764"}],"wp:featuredmedia":[{"embeddable":true,"href":"https:\/\/naszpowiat.info\/index.php\/wp-json\/wp\/v2\/media\/7763"}],"wp:attachment":[{"href":"https:\/\/naszpowiat.info\/index.php\/wp-json\/wp\/v2\/media?parent=7762"}],"wp:term":[{"taxonomy":"category","embeddable":true,"href":"https:\/\/naszpowiat.info\/index.php\/wp-json\/wp\/v2\/categories?post=7762"},{"taxonomy":"post_tag","embeddable":true,"href":"https:\/\/naszpowiat.info\/index.php\/wp-json\/wp\/v2\/tags?post=7762"}],"curies":[{"name":"wp","href":"https:\/\/api.w.org\/{rel}","templated":true}]}}