{"id":7742,"date":"2025-01-24T17:51:42","date_gmt":"2025-01-24T17:51:42","guid":{"rendered":"https:\/\/naszpowiat.info\/?p=7742"},"modified":"2025-01-24T18:01:00","modified_gmt":"2025-01-24T18:01:00","slug":"nowa-era-opieki-nad-dziecmi-w-dziekanowie-lesnym-szpital-lsni-po-modernizacji","status":"publish","type":"post","link":"https:\/\/naszpowiat.info\/index.php\/2025\/01\/24\/nowa-era-opieki-nad-dziecmi-w-dziekanowie-lesnym-szpital-lsni-po-modernizacji\/","title":{"rendered":"Nowa era opieki nad dzie\u0107mi w Dziekanowie Le\u015bnym! Szpital l\u015bni po modernizacji"},"content":{"rendered":"\n<p>Dziekan\u00f3w Le\u015bny mo\u017ce poszczyci\u0107 si\u0119 nowym, l\u015bni\u0105cym klejnotem w swojej koronie medycznej. Szpital Dzieci\u0119cy, po intensywnych pracach modernizacyjnych, zaprasza najm\u0142odszych pacjent\u00f3w do zupe\u0142nie odmienionej izby przyj\u0119\u0107. Dzi\u0119ki inwestycji wartej blisko 33 miliony z\u0142otych, finansowanej przez Samorz\u0105d Mazowsza, plac\u00f3wka zyska\u0142a nowoczesny wygl\u0105d, specjalistyczny sprz\u0119t i co najwa\u017cniejsze \u2013 zwi\u0119kszy\u0142a swoj\u0105 dost\u0119pno\u015b\u0107 dla wszystkich potrzebuj\u0105cych.<\/p>\n\n\n\n<p>Nowa izba przyj\u0119\u0107 to nie tylko od\u015bwie\u017cony wystr\u00f3j, ale przede wszystkim funkcjonalne przestrzenie, kt\u00f3re zapewni\u0105 komfort zar\u00f3wno ma\u0142ym pacjentom, jak i ich rodzicom. Dzi\u0119ki przemy\u015blanej organizacji i nowoczesnemu wyposa\u017ceniu, personel medyczny b\u0119dzie m\u00f3g\u0142 jeszcze szybciej i skuteczniej diagnozowa\u0107 oraz leczy\u0107 choroby.<\/p>\n\n\n\n<p>&#8222;To wyj\u0105tkowy moment nie tylko dla samego szpitala, ale tak\u017ce dla ca\u0142ego samorz\u0105du wojew\u00f3dztwa mazowieckiego. Czuj\u0119 dum\u0119 z faktu, \u017ce nasze dzia\u0142ania podj\u0119te jeszcze w poprzedniej kadencji sejmiku maj\u0105 dzi\u015b tak wyj\u0105tkowy fina\u0142&#8221; \u2013 podkre\u015bla Marcin Pods\u0119dek, wiceprzewodnicz\u0105cy sejmiku wojew\u00f3dztwa mazowieckiego.<\/p>\n\n\n\n<p>Jednym z najwa\u017cniejszych cel\u00f3w inwestycji by\u0142o zwi\u0119kszenie dost\u0119pno\u015bci plac\u00f3wki dla os\u00f3b z niepe\u0142nosprawno\u015bciami. Zlikwidowano wszelkie bariery architektoniczne, wybudowano wind\u0119, a tak\u017ce stworzono wygodne podjazdy dla karetek. Dzi\u0119ki temu ka\u017cdy pacjent, bez wzgl\u0119du na swoje ograniczenia, mo\u017ce liczy\u0107 na pe\u0142n\u0105 opiek\u0119.<\/p>\n\n\n\n<p>&#8222;G\u0142\u00f3wnym celem inwestycji by\u0142o stworzenie miejsca, kt\u00f3re spe\u0142nia najwy\u017csze standardy medyczne oraz zapewnia pacjentom komfort i bezpiecze\u0144stwo&#8221; \u2013 m\u00f3wi Agnieszka Szpakowska, p.o. dyrektora SZPZOZ im. Dzieci Warszawy w Dziekanowie Le\u015bnym.<\/p>\n\n\n\n<p>Modernizacja szpitala to nie tylko inwestycja w infrastruktur\u0119, ale przede wszystkim w zdrowie i przysz\u0142o\u015b\u0107 najm\u0142odszych mieszka\u0144c\u00f3w regionu. Dzi\u0119ki nowemu wyposa\u017ceniu, lepszemu wyposa\u017ceniu oraz przemy\u015blanej organizacji pracy, plac\u00f3wka b\u0119dzie mog\u0142a jeszcze skuteczniej odpowiada\u0107 na potrzeby swoich ma\u0142ych pacjent\u00f3w.<\/p>\n\n\n<div class=\"wp-block-image\">\n<figure class=\"aligncenter size-full\"><img loading=\"lazy\" decoding=\"async\" width=\"718\" height=\"480\" src=\"https:\/\/naszpowiat.info\/wp-content\/uploads\/2025\/01\/0x480-1.jpg\" alt=\"\" class=\"wp-image-7743\" srcset=\"https:\/\/naszpowiat.info\/wp-content\/uploads\/2025\/01\/0x480-1.jpg 718w, https:\/\/naszpowiat.info\/wp-content\/uploads\/2025\/01\/0x480-1-300x201.jpg 300w, https:\/\/naszpowiat.info\/wp-content\/uploads\/2025\/01\/0x480-1-465x311.jpg 465w, https:\/\/naszpowiat.info\/wp-content\/uploads\/2025\/01\/0x480-1-695x465.jpg 695w\" sizes=\"auto, (max-width: 718px) 100vw, 718px\" \/><figcaption class=\"wp-element-caption\">Fot. gazetanowodworska.com<\/figcaption><\/figure>\n<\/div><div class=\"naszp-po-tresci\" id=\"naszp-2543174348\"><script async src=\"\/\/pagead2.googlesyndication.com\/pagead\/js\/adsbygoogle.js?client=ca-pub-5304901113955943\" crossorigin=\"anonymous\"><\/script><ins class=\"adsbygoogle\" style=\"display:block;\" data-ad-client=\"ca-pub-5304901113955943\" \ndata-ad-slot=\"9226873542\" \ndata-ad-format=\"auto\"><\/ins>\n<script> \n(adsbygoogle = window.adsbygoogle || []).push({}); \n<\/script>\n<\/div>","protected":false},"excerpt":{"rendered":"<p>Dziekan\u00f3w Le\u015bny mo\u017ce poszczyci\u0107 si\u0119 nowym, l\u015bni\u0105cym klejnotem w swojej koronie medycznej. Szpital Dzieci\u0119cy, po intensywnych pracach modernizacyjnych, zaprasza najm\u0142odszych pacjent\u00f3w do zupe\u0142nie odmienionej izby przyj\u0119\u0107. Dzi\u0119ki inwestycji wartej blisko 33 miliony z\u0142otych, finansowanej przez Samorz\u0105d Mazowsza, plac\u00f3wka zyska\u0142a nowoczesny wygl\u0105d, specjalistyczny sprz\u0119t i co najwa\u017cniejsze \u2013 zwi\u0119kszy\u0142a swoj\u0105 dost\u0119pno\u015b\u0107<span class=\"more-link\"><a href=\"https:\/\/naszpowiat.info\/index.php\/2025\/01\/24\/nowa-era-opieki-nad-dziecmi-w-dziekanowie-lesnym-szpital-lsni-po-modernizacji\/\">Czytaj dalej<\/a><\/span><\/p>\n","protected":false},"author":9,"featured_media":7743,"comment_status":"open","ping_status":"open","sticky":false,"template":"","format":"standard","meta":{"_monsterinsights_skip_tracking":false,"_monsterinsights_sitenote_active":false,"_monsterinsights_sitenote_note":"","_monsterinsights_sitenote_category":0,"footnotes":""},"categories":[123,28,127,161,31,59,228],"tags":[484,322,482,271,488,486,162,483,485],"class_list":["entry","author-admin","post-7742","post","type-post","status-publish","format-standard","has-post-thumbnail","category-aktualnosci","category-dla-mieszkanca","category-inwestycje","category-powiat-warszawski-zachodni","category-powiaty-mazowieckiego","category-wydarzenia","category-zdrowie","tag-dziekanow-lesny","tag-inwestycja","tag-izba-przyjec","tag-mazowsze","tag-modernizacja","tag-opieka-medyczna","tag-powiat-warszawski-zachodni","tag-szpital-dzieciecy","tag-zdrowie-dziecka"],"aioseo_notices":[],"_links":{"self":[{"href":"https:\/\/naszpowiat.info\/index.php\/wp-json\/wp\/v2\/posts\/7742","targetHints":{"allow":["GET"]}}],"collection":[{"href":"https:\/\/naszpowiat.info\/index.php\/wp-json\/wp\/v2\/posts"}],"about":[{"href":"https:\/\/naszpowiat.info\/index.php\/wp-json\/wp\/v2\/types\/post"}],"author":[{"embeddable":true,"href":"https:\/\/naszpowiat.info\/index.php\/wp-json\/wp\/v2\/users\/9"}],"replies":[{"embeddable":true,"href":"https:\/\/naszpowiat.info\/index.php\/wp-json\/wp\/v2\/comments?post=7742"}],"version-history":[{"count":1,"href":"https:\/\/naszpowiat.info\/index.php\/wp-json\/wp\/v2\/posts\/7742\/revisions"}],"predecessor-version":[{"id":7744,"href":"https:\/\/naszpowiat.info\/index.php\/wp-json\/wp\/v2\/posts\/7742\/revisions\/7744"}],"wp:featuredmedia":[{"embeddable":true,"href":"https:\/\/naszpowiat.info\/index.php\/wp-json\/wp\/v2\/media\/7743"}],"wp:attachment":[{"href":"https:\/\/naszpowiat.info\/index.php\/wp-json\/wp\/v2\/media?parent=7742"}],"wp:term":[{"taxonomy":"category","embeddable":true,"href":"https:\/\/naszpowiat.info\/index.php\/wp-json\/wp\/v2\/categories?post=7742"},{"taxonomy":"post_tag","embeddable":true,"href":"https:\/\/naszpowiat.info\/index.php\/wp-json\/wp\/v2\/tags?post=7742"}],"curies":[{"name":"wp","href":"https:\/\/api.w.org\/{rel}","templated":true}]}}