{"id":7706,"date":"2025-01-17T16:41:27","date_gmt":"2025-01-17T16:41:27","guid":{"rendered":"https:\/\/naszpowiat.info\/?p=7706"},"modified":"2025-01-17T16:41:50","modified_gmt":"2025-01-17T16:41:50","slug":"80-rocznica-bombardowania-grodziska-mazowieckiego","status":"publish","type":"post","link":"https:\/\/naszpowiat.info\/index.php\/2025\/01\/17\/80-rocznica-bombardowania-grodziska-mazowieckiego\/","title":{"rendered":"80. rocznica bombardowania Grodziska Mazowieckiego"},"content":{"rendered":"\n<p>Min\u0119\u0142o osiemdziesi\u0105t lat od dnia, kiedy spokojny rynek w Grodzisku Mazowieckim zamieni\u0142 si\u0119 w krwawe pole bitwy. 16 stycznia 1945 roku, w czasie II wojny \u015bwiatowej, sowieckie bombowce zrzuci\u0142y \u015bmierciono\u015bny \u0142adunek na bezbronne miasto. W tym tragicznym wydarzeniu zgin\u0119\u0142o blisko trzysta mieszka\u0144c\u00f3w, kt\u00f3rzy w jednej chwili stracili \u017cycie, poch\u0142oni\u0119ci przez p\u0142omienie i gruzy.<\/p>\n\n\n\n<p>Wczoraj, 16 stycznia, Grodzisk Mazowiecki upami\u0119tni\u0142 t\u0119 tragiczn\u0105 rocznic\u0119. Przed pomnikiem na placu Wolno\u015bci z\u0142o\u017cono kwiaty, a na uroczysto\u015bciach obecni byli samorz\u0105dowcy, kombatanci oraz mieszka\u0144cy miasta, kt\u00f3rzy oddali ho\u0142d ofiarom sowieckiego nalotu.<\/p>\n\n\n\n<p>\u015awiadkowie tamtych wydarze\u0144, kt\u00f3rzy cudem ocaleli, opisuj\u0105 sceny nie do wyobra\u017cenia: cia\u0142a porozrzucane po rynku, pomieszane z szcz\u0105tkami stragan\u00f3w, ranni umieraj\u0105cy na ulicach bez mo\u017cliwo\u015bci udzielenia im pomocy. Obrazy te na zawsze zapisa\u0142y si\u0119 w pami\u0119ci mieszka\u0144c\u00f3w, przypominaj\u0105c o okrucie\u0144stwie wojny i bezsensowno\u015bci ofiar.<\/p>\n\n\n\n<p>Nast\u0119pnego dnia po nalocie mieszka\u0144cy Grodziska stan\u0119li przed jeszcze trudniejszym zadaniem. Ponad pi\u0119\u0107dziesi\u0105t nierozpoznanych cia\u0142 u\u0142o\u017cono na chodniku obok cmentarza. T\u0142umy ludzi przychodzi\u0142y tam, by w\u015br\u00f3d tych anonimowych zmar\u0142ych odnale\u017a\u0107 swoich bliskich, towarzyszy niedoli, kt\u00f3rych ju\u017c nigdy nie mieli zobaczy\u0107 \u017cywych.<\/p>\n\n\n\n<p>Ta rocznica jest nie tylko przypomnieniem o bolesnej przesz\u0142o\u015bci, ale tak\u017ce wezwaniem do tego, aby pami\u0119ta\u0107 o tych, kt\u00f3rzy zgin\u0119li bez winy, i aby nigdy wi\u0119cej nie dopu\u015bci\u0107 do powt\u00f3rzenia si\u0119 takich wydarze\u0144.<\/p>\n\n\n<div class=\"wp-block-image\">\n<figure class=\"aligncenter size-full is-resized\"><img loading=\"lazy\" decoding=\"async\" width=\"900\" height=\"500\" src=\"https:\/\/naszpowiat.info\/wp-content\/uploads\/2025\/01\/grodzisk-upamietnil-rocznice-bombardowania-miasta-podczas-ii-ws-foto-0.jpg\" alt=\"\" class=\"wp-image-7707\" style=\"width:499px;height:auto\" srcset=\"https:\/\/naszpowiat.info\/wp-content\/uploads\/2025\/01\/grodzisk-upamietnil-rocznice-bombardowania-miasta-podczas-ii-ws-foto-0.jpg 900w, https:\/\/naszpowiat.info\/wp-content\/uploads\/2025\/01\/grodzisk-upamietnil-rocznice-bombardowania-miasta-podczas-ii-ws-foto-0-300x167.jpg 300w, https:\/\/naszpowiat.info\/wp-content\/uploads\/2025\/01\/grodzisk-upamietnil-rocznice-bombardowania-miasta-podczas-ii-ws-foto-0-768x427.jpg 768w, https:\/\/naszpowiat.info\/wp-content\/uploads\/2025\/01\/grodzisk-upamietnil-rocznice-bombardowania-miasta-podczas-ii-ws-foto-0-465x258.jpg 465w, https:\/\/naszpowiat.info\/wp-content\/uploads\/2025\/01\/grodzisk-upamietnil-rocznice-bombardowania-miasta-podczas-ii-ws-foto-0-695x386.jpg 695w\" sizes=\"auto, (max-width: 900px) 100vw, 900px\" \/><figcaption class=\"wp-element-caption\">Fot. grodzisknews.pl<\/figcaption><\/figure>\n<\/div><div class=\"naszp-po-tresci\" id=\"naszp-979800733\"><script async src=\"\/\/pagead2.googlesyndication.com\/pagead\/js\/adsbygoogle.js?client=ca-pub-5304901113955943\" crossorigin=\"anonymous\"><\/script><ins class=\"adsbygoogle\" style=\"display:block;\" data-ad-client=\"ca-pub-5304901113955943\" \ndata-ad-slot=\"9226873542\" \ndata-ad-format=\"auto\"><\/ins>\n<script> \n(adsbygoogle = window.adsbygoogle || []).push({}); \n<\/script>\n<\/div>","protected":false},"excerpt":{"rendered":"<p>Min\u0119\u0142o osiemdziesi\u0105t lat od dnia, kiedy spokojny rynek w Grodzisku Mazowieckim zamieni\u0142 si\u0119 w krwawe pole bitwy. 16 stycznia 1945 roku, w czasie II wojny \u015bwiatowej, sowieckie bombowce zrzuci\u0142y \u015bmierciono\u015bny \u0142adunek na bezbronne miasto. W tym tragicznym wydarzeniu zgin\u0119\u0142o blisko trzysta mieszka\u0144c\u00f3w, kt\u00f3rzy w jednej chwili stracili \u017cycie, poch\u0142oni\u0119ci przez<span class=\"more-link\"><a href=\"https:\/\/naszpowiat.info\/index.php\/2025\/01\/17\/80-rocznica-bombardowania-grodziska-mazowieckiego\/\">Czytaj dalej<\/a><\/span><\/p>\n","protected":false},"author":9,"featured_media":7707,"comment_status":"open","ping_status":"open","sticky":false,"template":"","format":"standard","meta":{"_monsterinsights_skip_tracking":false,"_monsterinsights_sitenote_active":false,"_monsterinsights_sitenote_note":"","_monsterinsights_sitenote_category":0,"footnotes":""},"categories":[123,76,78,30,32,59],"tags":[461,154,424,460],"class_list":["entry","author-admin","post-7706","post","type-post","status-publish","format-standard","has-post-thumbnail","category-aktualnosci","category-grodzisk-mazowiecki","category-historia","category-kultura","category-grodziski","category-wydarzenia","tag-bombardowanie","tag-grodzisk-mazowiecki","tag-grodziski","tag-rocznica"],"aioseo_notices":[],"_links":{"self":[{"href":"https:\/\/naszpowiat.info\/index.php\/wp-json\/wp\/v2\/posts\/7706","targetHints":{"allow":["GET"]}}],"collection":[{"href":"https:\/\/naszpowiat.info\/index.php\/wp-json\/wp\/v2\/posts"}],"about":[{"href":"https:\/\/naszpowiat.info\/index.php\/wp-json\/wp\/v2\/types\/post"}],"author":[{"embeddable":true,"href":"https:\/\/naszpowiat.info\/index.php\/wp-json\/wp\/v2\/users\/9"}],"replies":[{"embeddable":true,"href":"https:\/\/naszpowiat.info\/index.php\/wp-json\/wp\/v2\/comments?post=7706"}],"version-history":[{"count":2,"href":"https:\/\/naszpowiat.info\/index.php\/wp-json\/wp\/v2\/posts\/7706\/revisions"}],"predecessor-version":[{"id":7709,"href":"https:\/\/naszpowiat.info\/index.php\/wp-json\/wp\/v2\/posts\/7706\/revisions\/7709"}],"wp:featuredmedia":[{"embeddable":true,"href":"https:\/\/naszpowiat.info\/index.php\/wp-json\/wp\/v2\/media\/7707"}],"wp:attachment":[{"href":"https:\/\/naszpowiat.info\/index.php\/wp-json\/wp\/v2\/media?parent=7706"}],"wp:term":[{"taxonomy":"category","embeddable":true,"href":"https:\/\/naszpowiat.info\/index.php\/wp-json\/wp\/v2\/categories?post=7706"},{"taxonomy":"post_tag","embeddable":true,"href":"https:\/\/naszpowiat.info\/index.php\/wp-json\/wp\/v2\/tags?post=7706"}],"curies":[{"name":"wp","href":"https:\/\/api.w.org\/{rel}","templated":true}]}}