{"id":7702,"date":"2025-01-16T13:17:46","date_gmt":"2025-01-16T13:17:46","guid":{"rendered":"https:\/\/naszpowiat.info\/?p=7702"},"modified":"2025-01-16T13:18:20","modified_gmt":"2025-01-16T13:18:20","slug":"wojewoda-mazowiecki-w-oddziale-sg","status":"publish","type":"post","link":"https:\/\/naszpowiat.info\/index.php\/2025\/01\/16\/wojewoda-mazowiecki-w-oddziale-sg\/","title":{"rendered":"Wojewoda mazowiecki odwiedzi\u0142 oddzia\u0142 SG"},"content":{"rendered":"\n<p>Nadwi\u015bla\u0144ski Oddzia\u0142 Stra\u017cy Granicznej, zlokalizowany w Warszawie-Modlin, pe\u0142ni kluczow\u0105 rol\u0119 w zapewnieniu bezpiecze\u0144stwa nie tylko na lotnisku, ale tak\u017ce na rozleg\u0142ym obszarze po\u0142udniowej cz\u0119\u015bci wojew\u00f3dztwa mazowieckiego. Tu\u017c po obj\u0119ciu przez Polsk\u0119 prezydencji w Radzie Unii Europejskiej, wojewoda mazowiecki Mariusz Frankowski odwiedzi\u0142 t\u0119 plac\u00f3wk\u0119, by na miejscu zapozna\u0107 si\u0119 z codzienn\u0105 prac\u0105 funkcjonariuszy oraz z wyzwaniami, przed kt\u00f3rymi stoj\u0105.<\/p>\n\n\n\n<p>W trakcie wizyty, wojewod\u0119 oprowadzali dow\u00f3dcy: Komendant Nadwi\u015bla\u0144skiego Oddzia\u0142u Stra\u017cy Granicznej, p\u0142k Dariusz Luty\u0144ski oraz Komendant PSG Warszawa-Modlin, kpt. Dariusz Ko\u017abier. Funkcjonariusze szczeg\u00f3\u0142owo przedstawili aktualn\u0105 sytuacj\u0119 na granicy, om\u00f3wili procedury bezpiecze\u0144stwa oraz zaprezentowali szeroki zakres zada\u0144, jakie wykonuj\u0105 na co dzie\u0144. Szczeg\u00f3ln\u0105 uwag\u0119 zwr\u00f3cono na nowoczesny sprz\u0119t, w tym ambulans pirotechniczny oraz rentgen, kt\u00f3ry s\u0142u\u017cy do kontroli baga\u017cy. Niezwykle istotn\u0105 rol\u0119 w zapewnieniu bezpiecze\u0144stwa odgrywaj\u0105 tak\u017ce psy s\u0142u\u017cbowe, wyszkolone do wykrywania materia\u0142\u00f3w wybuchowych i innych niebezpiecznych substancji.<\/p>\n\n\n\n<p>Wojewoda Frankowski mia\u0142 r\u00f3wnie\u017c okazj\u0119 osobi\u015bcie sprawdzi\u0107 dzia\u0142anie strefy kontroli granicznej, w tym nowoczesnych bramek automatycznej odprawy ABC, kt\u00f3re umo\u017cliwiaj\u0105 szybkie przekraczanie granicy zar\u00f3wno podr\u00f3\u017cnym z kraj\u00f3w nale\u017c\u0105cych do strefy Schengen, jak i spoza niej. Warto podkre\u015bli\u0107, \u017ce zakup tych urz\u0105dze\u0144 by\u0142 mo\u017cliwy dzi\u0119ki wsparciu finansowemu udzielonemu przez Mazowiecki Urz\u0105d Wojew\u00f3dzki w Warszawie.<\/p>\n\n\n\n<p>W spotkaniu uczestniczyli r\u00f3wnie\u017c przedstawiciele Mazowieckiego Portu Lotniczego Warszawa-Modlin, kt\u00f3rzy podzielili si\u0119 z wojewod\u0105 planami inwestycyjnymi maj\u0105cymi na celu dalszy rozw\u00f3j przewoz\u00f3w pasa\u017cerskich na tym lotnisku.<\/p>\n\n\n\n<p>Wizyta wojewody Mariusza Frankowskiego w Nadwi\u015bla\u0144skim Oddziale Stra\u017cy Granicznej by\u0142a okazj\u0105 do podkre\u015blenia znaczenia wsp\u00f3\u0142pracy mi\u0119dzy r\u00f3\u017cnymi s\u0142u\u017cbami w zapewnieniu bezpiecze\u0144stwa na terenie wojew\u00f3dztwa mazowieckiego oraz do podzi\u0119kowania funkcjonariuszom za ich codzienn\u0105 s\u0142u\u017cb\u0119.<\/p>\n\n\n<div class=\"wp-block-image\">\n<figure class=\"aligncenter size-large is-resized\"><img loading=\"lazy\" decoding=\"async\" width=\"1024\" height=\"576\" src=\"https:\/\/naszpowiat.info\/wp-content\/uploads\/2025\/01\/283-1024x576.jpg\" alt=\"\" class=\"wp-image-7703\" style=\"width:514px;height:auto\" srcset=\"https:\/\/naszpowiat.info\/wp-content\/uploads\/2025\/01\/283-1024x576.jpg 1024w, https:\/\/naszpowiat.info\/wp-content\/uploads\/2025\/01\/283-300x169.jpg 300w, https:\/\/naszpowiat.info\/wp-content\/uploads\/2025\/01\/283-768x432.jpg 768w, https:\/\/naszpowiat.info\/wp-content\/uploads\/2025\/01\/283-465x262.jpg 465w, https:\/\/naszpowiat.info\/wp-content\/uploads\/2025\/01\/283-695x391.jpg 695w, https:\/\/naszpowiat.info\/wp-content\/uploads\/2025\/01\/283.jpg 1280w\" sizes=\"auto, (max-width: 1024px) 100vw, 1024px\" \/><figcaption class=\"wp-element-caption\">Fot. wirtualnynowydwor.pl<\/figcaption><\/figure>\n<\/div><div class=\"naszp-po-tresci\" id=\"naszp-2474320376\"><script async src=\"\/\/pagead2.googlesyndication.com\/pagead\/js\/adsbygoogle.js?client=ca-pub-5304901113955943\" crossorigin=\"anonymous\"><\/script><ins class=\"adsbygoogle\" style=\"display:block;\" data-ad-client=\"ca-pub-5304901113955943\" \ndata-ad-slot=\"9226873542\" \ndata-ad-format=\"auto\"><\/ins>\n<script> \n(adsbygoogle = window.adsbygoogle || []).push({}); \n<\/script>\n<\/div>","protected":false},"excerpt":{"rendered":"<p>Nadwi\u015bla\u0144ski Oddzia\u0142 Stra\u017cy Granicznej, zlokalizowany w Warszawie-Modlin, pe\u0142ni kluczow\u0105 rol\u0119 w zapewnieniu bezpiecze\u0144stwa nie tylko na lotnisku, ale tak\u017ce na rozleg\u0142ym obszarze po\u0142udniowej cz\u0119\u015bci wojew\u00f3dztwa mazowieckiego. Tu\u017c po obj\u0119ciu przez Polsk\u0119 prezydencji w Radzie Unii Europejskiej, wojewoda mazowiecki Mariusz Frankowski odwiedzi\u0142 t\u0119 plac\u00f3wk\u0119, by na miejscu zapozna\u0107 si\u0119 z codzienn\u0105<span class=\"more-link\"><a href=\"https:\/\/naszpowiat.info\/index.php\/2025\/01\/16\/wojewoda-mazowiecki-w-oddziale-sg\/\">Czytaj dalej<\/a><\/span><\/p>\n","protected":false},"author":9,"featured_media":7703,"comment_status":"open","ping_status":"open","sticky":false,"template":"","format":"standard","meta":{"_monsterinsights_skip_tracking":false,"_monsterinsights_sitenote_active":false,"_monsterinsights_sitenote_note":"","_monsterinsights_sitenote_category":0,"footnotes":""},"categories":[123,172,106,35,59],"tags":[458,185,457,167,459],"class_list":["entry","author-admin","post-7702","post","type-post","status-publish","format-standard","has-post-thumbnail","category-aktualnosci","category-bezpieczenstwo","category-nowy-dwor-mazowiecki","category-nowodworski","category-wydarzenia","tag-mariusz-frankowski","tag-modlin","tag-nowodworski","tag-nowy-dwor-mazowiecki","tag-straz-graniczna"],"aioseo_notices":[],"_links":{"self":[{"href":"https:\/\/naszpowiat.info\/index.php\/wp-json\/wp\/v2\/posts\/7702","targetHints":{"allow":["GET"]}}],"collection":[{"href":"https:\/\/naszpowiat.info\/index.php\/wp-json\/wp\/v2\/posts"}],"about":[{"href":"https:\/\/naszpowiat.info\/index.php\/wp-json\/wp\/v2\/types\/post"}],"author":[{"embeddable":true,"href":"https:\/\/naszpowiat.info\/index.php\/wp-json\/wp\/v2\/users\/9"}],"replies":[{"embeddable":true,"href":"https:\/\/naszpowiat.info\/index.php\/wp-json\/wp\/v2\/comments?post=7702"}],"version-history":[{"count":2,"href":"https:\/\/naszpowiat.info\/index.php\/wp-json\/wp\/v2\/posts\/7702\/revisions"}],"predecessor-version":[{"id":7705,"href":"https:\/\/naszpowiat.info\/index.php\/wp-json\/wp\/v2\/posts\/7702\/revisions\/7705"}],"wp:featuredmedia":[{"embeddable":true,"href":"https:\/\/naszpowiat.info\/index.php\/wp-json\/wp\/v2\/media\/7703"}],"wp:attachment":[{"href":"https:\/\/naszpowiat.info\/index.php\/wp-json\/wp\/v2\/media?parent=7702"}],"wp:term":[{"taxonomy":"category","embeddable":true,"href":"https:\/\/naszpowiat.info\/index.php\/wp-json\/wp\/v2\/categories?post=7702"},{"taxonomy":"post_tag","embeddable":true,"href":"https:\/\/naszpowiat.info\/index.php\/wp-json\/wp\/v2\/tags?post=7702"}],"curies":[{"name":"wp","href":"https:\/\/api.w.org\/{rel}","templated":true}]}}