{"id":7663,"date":"2025-01-06T00:48:19","date_gmt":"2025-01-06T00:48:19","guid":{"rendered":"https:\/\/naszpowiat.info\/?p=7663"},"modified":"2025-01-06T00:48:50","modified_gmt":"2025-01-06T00:48:50","slug":"wyjatkowy-koncert-koled-i-pastoralek-w-wolominie","status":"publish","type":"post","link":"https:\/\/naszpowiat.info\/index.php\/2025\/01\/06\/wyjatkowy-koncert-koled-i-pastoralek-w-wolominie\/","title":{"rendered":"Wyj\u0105tkowy koncert kol\u0119d i pastora\u0142ek w Wo\u0142ominie"},"content":{"rendered":"\n<p>Wo\u0142omin zab\u0142y\u015bnie gwiazdami muzyki! 6 stycznia, o godzinie 19:00, w ko\u015bciele Matki Bo\u017cej Kr\u00f3lowej Polski rozlegn\u0105 si\u0119 najpi\u0119kniejsze polskie kol\u0119dy w wykonaniu wyj\u0105tkowych artyst\u00f3w: Olgi Bo\u0144czyk, Alicji Majewskiej, \u0141ukasza Zagrobelnego i W\u0142odzimierza Korcza. Niepowtarzalny koncert &#8222;Gwiazdo \u015bwie\u0107, kol\u0119do le\u0107&#8221; to wydarzenie, kt\u00f3re na d\u0142ugo zapadnie w pami\u0119\u0107. <\/p>\n\n\n\n<p>Zapraszaj\u0105: Burmistrz Wo\u0142omina El\u017cbieta Radwan, Ksi\u0105dz Proboszcz Grzegorz Mioduchowski oraz Dyrektor Miejskiego Domu Kultury Marta Rajchert.<\/p>\n\n\n\n<p>Wst\u0119p na wydarzenie jest wolny!<\/p>\n\n\n<div class=\"wp-block-image\">\n<figure class=\"aligncenter size-full is-resized\"><img loading=\"lazy\" decoding=\"async\" width=\"750\" height=\"500\" src=\"https:\/\/naszpowiat.info\/wp-content\/uploads\/2025\/01\/koncert-koled-2025-750x500-1.png\" alt=\"\" class=\"wp-image-7664\" style=\"width:488px;height:auto\" srcset=\"https:\/\/naszpowiat.info\/wp-content\/uploads\/2025\/01\/koncert-koled-2025-750x500-1.png 750w, https:\/\/naszpowiat.info\/wp-content\/uploads\/2025\/01\/koncert-koled-2025-750x500-1-300x200.png 300w, https:\/\/naszpowiat.info\/wp-content\/uploads\/2025\/01\/koncert-koled-2025-750x500-1-465x310.png 465w, https:\/\/naszpowiat.info\/wp-content\/uploads\/2025\/01\/koncert-koled-2025-750x500-1-695x463.png 695w\" sizes=\"auto, (max-width: 750px) 100vw, 750px\" \/><\/figure>\n<\/div><div class=\"naszp-po-tresci\" id=\"naszp-1955377201\"><script async src=\"\/\/pagead2.googlesyndication.com\/pagead\/js\/adsbygoogle.js?client=ca-pub-5304901113955943\" crossorigin=\"anonymous\"><\/script><ins class=\"adsbygoogle\" style=\"display:block;\" data-ad-client=\"ca-pub-5304901113955943\" \ndata-ad-slot=\"9226873542\" \ndata-ad-format=\"auto\"><\/ins>\n<script> \n(adsbygoogle = window.adsbygoogle || []).push({}); \n<\/script>\n<\/div>","protected":false},"excerpt":{"rendered":"<p>Wo\u0142omin zab\u0142y\u015bnie gwiazdami muzyki! 6 stycznia, o godzinie 19:00, w ko\u015bciele Matki Bo\u017cej Kr\u00f3lowej Polski rozlegn\u0105 si\u0119 najpi\u0119kniejsze polskie kol\u0119dy w wykonaniu wyj\u0105tkowych artyst\u00f3w: Olgi Bo\u0144czyk, Alicji Majewskiej, \u0141ukasza Zagrobelnego i W\u0142odzimierza Korcza. Niepowtarzalny koncert &#8222;Gwiazdo \u015bwie\u0107, kol\u0119do le\u0107&#8221; to wydarzenie, kt\u00f3re na d\u0142ugo zapadnie w pami\u0119\u0107. Zapraszaj\u0105: Burmistrz Wo\u0142omina<span class=\"more-link\"><a href=\"https:\/\/naszpowiat.info\/index.php\/2025\/01\/06\/wyjatkowy-koncert-koled-i-pastoralek-w-wolominie\/\">Czytaj dalej<\/a><\/span><\/p>\n","protected":false},"author":9,"featured_media":7664,"comment_status":"open","ping_status":"open","sticky":false,"template":"","format":"standard","meta":{"_monsterinsights_skip_tracking":false,"_monsterinsights_sitenote_active":false,"_monsterinsights_sitenote_note":"","_monsterinsights_sitenote_category":0,"footnotes":""},"categories":[123,28,30,40,192,58,59],"tags":[447,445,444,285,446,125,421,124],"class_list":["entry","author-admin","post-7663","post","type-post","status-publish","format-standard","has-post-thumbnail","category-aktualnosci","category-dla-mieszkanca","category-kultura","category-wolominski","category-sztuka","category-wolomin-wolominski","category-wydarzenia","tag-6-stycznia","tag-alicja-majewska","tag-koledy","tag-muzyka","tag-olga-bonczyk","tag-powiat-wolominski","tag-trzech-kroli","tag-wolomin"],"aioseo_notices":[],"_links":{"self":[{"href":"https:\/\/naszpowiat.info\/index.php\/wp-json\/wp\/v2\/posts\/7663","targetHints":{"allow":["GET"]}}],"collection":[{"href":"https:\/\/naszpowiat.info\/index.php\/wp-json\/wp\/v2\/posts"}],"about":[{"href":"https:\/\/naszpowiat.info\/index.php\/wp-json\/wp\/v2\/types\/post"}],"author":[{"embeddable":true,"href":"https:\/\/naszpowiat.info\/index.php\/wp-json\/wp\/v2\/users\/9"}],"replies":[{"embeddable":true,"href":"https:\/\/naszpowiat.info\/index.php\/wp-json\/wp\/v2\/comments?post=7663"}],"version-history":[{"count":2,"href":"https:\/\/naszpowiat.info\/index.php\/wp-json\/wp\/v2\/posts\/7663\/revisions"}],"predecessor-version":[{"id":7666,"href":"https:\/\/naszpowiat.info\/index.php\/wp-json\/wp\/v2\/posts\/7663\/revisions\/7666"}],"wp:featuredmedia":[{"embeddable":true,"href":"https:\/\/naszpowiat.info\/index.php\/wp-json\/wp\/v2\/media\/7664"}],"wp:attachment":[{"href":"https:\/\/naszpowiat.info\/index.php\/wp-json\/wp\/v2\/media?parent=7663"}],"wp:term":[{"taxonomy":"category","embeddable":true,"href":"https:\/\/naszpowiat.info\/index.php\/wp-json\/wp\/v2\/categories?post=7663"},{"taxonomy":"post_tag","embeddable":true,"href":"https:\/\/naszpowiat.info\/index.php\/wp-json\/wp\/v2\/tags?post=7663"}],"curies":[{"name":"wp","href":"https:\/\/api.w.org\/{rel}","templated":true}]}}