{"id":7596,"date":"2024-12-19T20:50:33","date_gmt":"2024-12-19T20:50:33","guid":{"rendered":"https:\/\/naszpowiat.info\/?p=7596"},"modified":"2024-12-19T20:50:33","modified_gmt":"2024-12-19T20:50:33","slug":"koncert-soundngrace-6-stycznia-w-markach","status":"publish","type":"post","link":"https:\/\/naszpowiat.info\/index.php\/2024\/12\/19\/koncert-soundngrace-6-stycznia-w-markach\/","title":{"rendered":"Koncert Sound&#8217;n&#8217;Grace 6 stycznia w Markach!"},"content":{"rendered":"\n<p>W \u015bwi\u0119to Objawienia Pa\u0144skiego, 6 stycznia 2025 roku, ko\u015bci\u00f3\u0142 pod wezwaniem \u015bw. Izydora w Markach, tu\u017c po wieczornej Mszy \u015awi\u0119tej, (ok. 19:00) rozbrzmi melodiami najpi\u0119kniejszych kol\u0119d i pastora\u0142ek. Utwory te wykona popularny i ceniony przez wielu mieszka\u0144c\u00f3w zesp\u00f3\u0142 Sound\u2019n\u2019Grace, znany ze swojej ugruntowanej pozycji na polskiej scenie muzycznej, ujmuj\u0105cy publiczno\u015b\u0107 wspania\u0142ym wokalem, pe\u0142nymi energii wyst\u0119pami i idealnym zgraniem. <\/p>\n\n\n\n<p>Podczas tego wyj\u0105tkowego koncertu w Markach, Sound\u2019n\u2019Grace przedstawi zar\u00f3wno nowatorskie interpretacje klasycznych polskich kol\u0119d, jak i w\u0142asne kompozycje pastora\u0142kowe, utrzymane w charakterystycznym dla siebie stylu. Ich wykonania wnosz\u0105 powiew \u015bwie\u017co\u015bci, a zarazem g\u0142\u0119bokie emocje, doskonale oddaj\u0105ce ducha i atmosfer\u0119 \u015bwi\u0105t Bo\u017cego Narodzenia.<\/p>\n\n\n\n<p>Do udzia\u0142u w wydarzeniu zach\u0119ca zast\u0119pca burmistrza Marek, Pawe\u0142 Pniewski: ,,Nie przegapcie tej wyj\u0105tkowej okazji, aby us\u0142ysze\u0107 Sound\u2019n\u2019Grace w akustycznej przestrzeni ko\u015bcio\u0142a pw. \u015bw. Izydora, gdzie ka\u017cdy d\u017awi\u0119k zyskuje jeszcze wi\u0119ksz\u0105 g\u0142\u0119bi\u0119 i znaczenie. Przyjd\u017acie wraz z rodzin\u0105 i przyjaci\u00f3\u0142mi, aby wsp\u00f3lnie zako\u0144czy\u0107 okres \u015bwi\u0105teczny w atmosferze rado\u015bci, wsp\u00f3lnoty i pi\u0119knej muzyki.&#8221;<\/p>\n\n\n\n<p>Historia zespo\u0142u Sound&#8217;n&#8217;Grace jest bardzo bogata. Wsp\u00f3\u0142pracowali z czo\u0142owymi polskimi artystami, takimi jak: Mrozu, Sylwia Grzeszczak, Kamil Bednarek czy Mateusz Zi\u00f3\u0142ko. Razem zdobyli liczne nagrody &#8211; &#8222;Najlepszego Polskiego Wykonawcy 2015 roku&#8221; na MTV Europe Music Awards. Ich album &#8222;Atom&#8221; okry\u0142 si\u0119 platyn\u0105, a takie przeboje jak &#8222;Dach&#8221;, &#8222;Idealnie&#8221;, &#8222;Mo\u017cesz Wszystko&#8221; czy &#8222;Nadzieja&#8221; wesz\u0142y do polskiej muzyki z wielkim aplauzem. <\/p>\n\n\n<div class=\"wp-block-image\">\n<figure class=\"aligncenter size-full is-resized\"><img loading=\"lazy\" decoding=\"async\" width=\"1000\" height=\"500\" src=\"https:\/\/naszpowiat.info\/wp-content\/uploads\/2024\/12\/3732.jpg\" alt=\"\" class=\"wp-image-7597\" style=\"width:648px;height:auto\" srcset=\"https:\/\/naszpowiat.info\/wp-content\/uploads\/2024\/12\/3732.jpg 1000w, https:\/\/naszpowiat.info\/wp-content\/uploads\/2024\/12\/3732-300x150.jpg 300w, https:\/\/naszpowiat.info\/wp-content\/uploads\/2024\/12\/3732-768x384.jpg 768w, https:\/\/naszpowiat.info\/wp-content\/uploads\/2024\/12\/3732-465x233.jpg 465w, https:\/\/naszpowiat.info\/wp-content\/uploads\/2024\/12\/3732-695x348.jpg 695w\" sizes=\"auto, (max-width: 1000px) 100vw, 1000px\" \/><figcaption class=\"wp-element-caption\">Fot. marki.pl<\/figcaption><\/figure>\n<\/div><div class=\"naszp-po-tresci\" id=\"naszp-3178811425\"><script async src=\"\/\/pagead2.googlesyndication.com\/pagead\/js\/adsbygoogle.js?client=ca-pub-5304901113955943\" crossorigin=\"anonymous\"><\/script><ins class=\"adsbygoogle\" style=\"display:block;\" data-ad-client=\"ca-pub-5304901113955943\" \ndata-ad-slot=\"9226873542\" \ndata-ad-format=\"auto\"><\/ins>\n<script> \n(adsbygoogle = window.adsbygoogle || []).push({}); \n<\/script>\n<\/div>","protected":false},"excerpt":{"rendered":"<p>W \u015bwi\u0119to Objawienia Pa\u0144skiego, 6 stycznia 2025 roku, ko\u015bci\u00f3\u0142 pod wezwaniem \u015bw. Izydora w Markach, tu\u017c po wieczornej Mszy \u015awi\u0119tej, (ok. 19:00) rozbrzmi melodiami najpi\u0119kniejszych kol\u0119d i pastora\u0142ek. Utwory te wykona popularny i ceniony przez wielu mieszka\u0144c\u00f3w zesp\u00f3\u0142 Sound\u2019n\u2019Grace, znany ze swojej ugruntowanej pozycji na polskiej scenie muzycznej, ujmuj\u0105cy publiczno\u015b\u0107<span class=\"more-link\"><a href=\"https:\/\/naszpowiat.info\/index.php\/2024\/12\/19\/koncert-soundngrace-6-stycznia-w-markach\/\">Czytaj dalej<\/a><\/span><\/p>\n","protected":false},"author":9,"featured_media":7597,"comment_status":"open","ping_status":"open","sticky":false,"template":"","format":"standard","meta":{"_monsterinsights_skip_tracking":false,"_monsterinsights_sitenote_active":false,"_monsterinsights_sitenote_note":"","_monsterinsights_sitenote_category":0,"footnotes":""},"categories":[123,28,30,98,40,192,59],"tags":[265,153,285,125,420,421],"class_list":["entry","author-admin","post-7596","post","type-post","status-publish","format-standard","has-post-thumbnail","category-aktualnosci","category-dla-mieszkanca","category-kultura","category-marki","category-wolominski","category-sztuka","category-wydarzenia","tag-koncert","tag-marki","tag-muzyka","tag-powiat-wolominski","tag-soundngrace","tag-trzech-kroli"],"aioseo_notices":[],"_links":{"self":[{"href":"https:\/\/naszpowiat.info\/index.php\/wp-json\/wp\/v2\/posts\/7596","targetHints":{"allow":["GET"]}}],"collection":[{"href":"https:\/\/naszpowiat.info\/index.php\/wp-json\/wp\/v2\/posts"}],"about":[{"href":"https:\/\/naszpowiat.info\/index.php\/wp-json\/wp\/v2\/types\/post"}],"author":[{"embeddable":true,"href":"https:\/\/naszpowiat.info\/index.php\/wp-json\/wp\/v2\/users\/9"}],"replies":[{"embeddable":true,"href":"https:\/\/naszpowiat.info\/index.php\/wp-json\/wp\/v2\/comments?post=7596"}],"version-history":[{"count":1,"href":"https:\/\/naszpowiat.info\/index.php\/wp-json\/wp\/v2\/posts\/7596\/revisions"}],"predecessor-version":[{"id":7598,"href":"https:\/\/naszpowiat.info\/index.php\/wp-json\/wp\/v2\/posts\/7596\/revisions\/7598"}],"wp:featuredmedia":[{"embeddable":true,"href":"https:\/\/naszpowiat.info\/index.php\/wp-json\/wp\/v2\/media\/7597"}],"wp:attachment":[{"href":"https:\/\/naszpowiat.info\/index.php\/wp-json\/wp\/v2\/media?parent=7596"}],"wp:term":[{"taxonomy":"category","embeddable":true,"href":"https:\/\/naszpowiat.info\/index.php\/wp-json\/wp\/v2\/categories?post=7596"},{"taxonomy":"post_tag","embeddable":true,"href":"https:\/\/naszpowiat.info\/index.php\/wp-json\/wp\/v2\/tags?post=7596"}],"curies":[{"name":"wp","href":"https:\/\/api.w.org\/{rel}","templated":true}]}}