{"id":7544,"date":"2024-12-03T21:11:45","date_gmt":"2024-12-03T21:11:45","guid":{"rendered":"https:\/\/naszpowiat.info\/?p=7544"},"modified":"2024-12-03T21:11:46","modified_gmt":"2024-12-03T21:11:46","slug":"kiermasz-swiateczny-w-piasecznie","status":"publish","type":"post","link":"https:\/\/naszpowiat.info\/index.php\/2024\/12\/03\/kiermasz-swiateczny-w-piasecznie\/","title":{"rendered":"Kiermasz \u015awi\u0105teczny w Piasecznie"},"content":{"rendered":"\n<p>W niedziel\u0119, 8 grudnia, w godzinach 11:00-17:00, piaseczy\u0144ski rynek zamieni si\u0119 w \u015bwi\u0105teczn\u0105 wiosk\u0119. To idealna okazja, aby znale\u017a\u0107 unikatowe prezenty dla bliskich, udekorowa\u0107 dom \u015bwi\u0105tecznymi dekoracjami, ozdobami choinkowymi, stroikami i skosztowa\u0107 pysznych, lokalnych produkt\u00f3w, kt\u00f3re z pewno\u015bci\u0105 wprowadz\u0105 w odpowiedni, \u015bwi\u0105teczny nastr\u00f3j.&nbsp;<\/p>\n\n\n\n<p>Na najm\u0142odszych czeka spotkanie ze \u015awi\u0119tym Miko\u0142ajem, a dla wszystkich mieszka\u0144c\u00f3w \u2013 uroczyste zapalenie choinki. Zwie\u0144czeniem wydarzenia b\u0119dzie wsp\u00f3lne zapalenie choinki o godzinie 16:00. W tym wyj\u0105tkowym momencie Burmistrz z\u0142o\u017cy \u015bwi\u0105teczne \u017cyczenia wszystkim mieszka\u0144com.<\/p>\n\n\n\n<p>Opr\u00f3cz strefy z r\u0119kodzie\u0142em, b\u0119dzie specjalnie przygotowany Zak\u0105tek \u015awi\u0119tego Miko\u0142aja. Ulokowany b\u0119dzie w Zak\u0105tku Kultury (skwer pomi\u0119dzy Przystankiem Muzyki, a Urz\u0119dem Miasta i Gminy Piaseczno przy ul. Ko\u015bciuszki).&nbsp;<\/p>\n\n\n\n<p>Ca\u0142y program prezentuje si\u0119 nast\u0119puj\u0105co:&nbsp;<\/p>\n\n\n\n<ul class=\"wp-block-list\">\n<li>11:00 &#8211; 17:00 \u2013 kramy handlowe na rynku<\/li>\n\n\n\n<li>13:00 &#8211; 17:00 \u2013 animacje dla dzieci oraz spotkanie ze \u015bw. Miko\u0142ajem w Zak\u0105tku \u015awi\u0119tego Miko\u0142aja w Zak\u0105tku Kultury<\/li>\n\n\n\n<li>16:00 \u2013 uroczyste zapalenie \u015bwiate\u0142ek na choince<\/li>\n<\/ul>\n\n\n\n<p>Partnerem wydarzenia jest Samorz\u0105d Wojew\u00f3dztwa Mazowieckiego i Depil Concept Piaseczno. Obowi\u0105zuje wst\u0119p wolny na ca\u0142e wydarzenie. Wi\u0119cej szczeg\u00f3\u0142\u00f3w na temat wydarzenia mo\u017cna znale\u017a\u0107 wchodz\u0105c na stron\u0119: <a href=\"http:\/\/www.facebook.com\/events\/528570243134831\/\">www.facebook.com\/events\/528570243134831\/<\/a>\u00a0<\/p>\n\n\n\n<figure class=\"wp-block-image size-full\"><img loading=\"lazy\" decoding=\"async\" width=\"602\" height=\"852\" src=\"https:\/\/naszpowiat.info\/wp-content\/uploads\/2024\/12\/obraz-2.png\" alt=\"\" class=\"wp-image-7545\" srcset=\"https:\/\/naszpowiat.info\/wp-content\/uploads\/2024\/12\/obraz-2.png 602w, https:\/\/naszpowiat.info\/wp-content\/uploads\/2024\/12\/obraz-2-212x300.png 212w, https:\/\/naszpowiat.info\/wp-content\/uploads\/2024\/12\/obraz-2-389x550.png 389w, https:\/\/naszpowiat.info\/wp-content\/uploads\/2024\/12\/obraz-2-353x500.png 353w\" sizes=\"auto, (max-width: 602px) 100vw, 602px\" \/><figcaption class=\"wp-element-caption\">Fot. piaseczno.eu<\/figcaption><\/figure>\n<div class=\"naszp-po-tresci\" id=\"naszp-1181427558\"><script async src=\"\/\/pagead2.googlesyndication.com\/pagead\/js\/adsbygoogle.js?client=ca-pub-5304901113955943\" crossorigin=\"anonymous\"><\/script><ins class=\"adsbygoogle\" style=\"display:block;\" data-ad-client=\"ca-pub-5304901113955943\" \ndata-ad-slot=\"9226873542\" \ndata-ad-format=\"auto\"><\/ins>\n<script> \n(adsbygoogle = window.adsbygoogle || []).push({}); \n<\/script>\n<\/div>","protected":false},"excerpt":{"rendered":"<p>W niedziel\u0119, 8 grudnia, w godzinach 11:00-17:00, piaseczy\u0144ski rynek zamieni si\u0119 w \u015bwi\u0105teczn\u0105 wiosk\u0119. To idealna okazja, aby znale\u017a\u0107 unikatowe prezenty dla bliskich, udekorowa\u0107 dom \u015bwi\u0105tecznymi dekoracjami, ozdobami choinkowymi, stroikami i skosztowa\u0107 pysznych, lokalnych produkt\u00f3w, kt\u00f3re z pewno\u015bci\u0105 wprowadz\u0105 w odpowiedni, \u015bwi\u0105teczny nastr\u00f3j.&nbsp; Na najm\u0142odszych czeka spotkanie ze \u015awi\u0119tym Miko\u0142ajem,<span class=\"more-link\"><a href=\"https:\/\/naszpowiat.info\/index.php\/2024\/12\/03\/kiermasz-swiateczny-w-piasecznie\/\">Czytaj dalej<\/a><\/span><\/p>\n","protected":false},"author":9,"featured_media":7545,"comment_status":"open","ping_status":"open","sticky":false,"template":"","format":"standard","meta":{"_monsterinsights_skip_tracking":false,"_monsterinsights_sitenote_active":false,"_monsterinsights_sitenote_note":"","_monsterinsights_sitenote_category":0,"footnotes":""},"categories":[123,28,30,110,166,187],"tags":[146,207,151],"class_list":["entry","author-admin","post-7544","post","type-post","status-publish","format-standard","has-post-thumbnail","category-aktualnosci","category-dla-mieszkanca","category-kultura","category-piaseczno","category-rekreacja","category-samorzad","tag-boze-narodzenie","tag-kultura","tag-piaseczno"],"aioseo_notices":[],"_links":{"self":[{"href":"https:\/\/naszpowiat.info\/index.php\/wp-json\/wp\/v2\/posts\/7544","targetHints":{"allow":["GET"]}}],"collection":[{"href":"https:\/\/naszpowiat.info\/index.php\/wp-json\/wp\/v2\/posts"}],"about":[{"href":"https:\/\/naszpowiat.info\/index.php\/wp-json\/wp\/v2\/types\/post"}],"author":[{"embeddable":true,"href":"https:\/\/naszpowiat.info\/index.php\/wp-json\/wp\/v2\/users\/9"}],"replies":[{"embeddable":true,"href":"https:\/\/naszpowiat.info\/index.php\/wp-json\/wp\/v2\/comments?post=7544"}],"version-history":[{"count":1,"href":"https:\/\/naszpowiat.info\/index.php\/wp-json\/wp\/v2\/posts\/7544\/revisions"}],"predecessor-version":[{"id":7546,"href":"https:\/\/naszpowiat.info\/index.php\/wp-json\/wp\/v2\/posts\/7544\/revisions\/7546"}],"wp:featuredmedia":[{"embeddable":true,"href":"https:\/\/naszpowiat.info\/index.php\/wp-json\/wp\/v2\/media\/7545"}],"wp:attachment":[{"href":"https:\/\/naszpowiat.info\/index.php\/wp-json\/wp\/v2\/media?parent=7544"}],"wp:term":[{"taxonomy":"category","embeddable":true,"href":"https:\/\/naszpowiat.info\/index.php\/wp-json\/wp\/v2\/categories?post=7544"},{"taxonomy":"post_tag","embeddable":true,"href":"https:\/\/naszpowiat.info\/index.php\/wp-json\/wp\/v2\/tags?post=7544"}],"curies":[{"name":"wp","href":"https:\/\/api.w.org\/{rel}","templated":true}]}}