{"id":7526,"date":"2024-11-29T07:48:01","date_gmt":"2024-11-29T07:48:01","guid":{"rendered":"https:\/\/naszpowiat.info\/?p=7526"},"modified":"2024-11-29T07:48:02","modified_gmt":"2024-11-29T07:48:02","slug":"przedswiateczne-wydarzenia-w-legionowie-w-planach-koncert-koled-i-kiermasz-bozonarodzeniowy","status":"publish","type":"post","link":"https:\/\/naszpowiat.info\/index.php\/2024\/11\/29\/przedswiateczne-wydarzenia-w-legionowie-w-planach-koncert-koled-i-kiermasz-bozonarodzeniowy\/","title":{"rendered":"Przed\u015bwi\u0105teczne wydarzenia w Legionowie. W planach koncert kol\u0119d i kiermasz bo\u017conarodzeniowy.\u00a0"},"content":{"rendered":"\n<p>19 grudnia (czwartek) Urz\u0105d Miasta Legionowo b\u0119dzie obfitowa\u0142 w przed\u015bwi\u0105teczne akcje. Organizowany Koncert Kol\u0119d (w sali widowiskowej, od godziny 10:00), i Kiermasz Bo\u017conarodzeniowy (08:00-17:00 w atrium ratusza miejskiego) z pewno\u015bci\u0105 przenios\u0105 uczestnik\u00f3w w \u015bwi\u0105teczny nastr\u00f3j.&nbsp;<\/p>\n\n\n\n<p>,,Fundacja \u201ePromie\u0144 S\u0142o\u0144ca\u201d, Powiatowy Zesp\u00f3\u0142 Szk\u00f3\u0142 i Plac\u00f3wek Specjalnych w Legionowie oraz Niepubliczna Szko\u0142a Podstawowa im. Jana Paw\u0142a II w Legionowie serdecznie zapraszaj\u0105 na Koncert Kol\u0119d oraz \u015awi\u0105teczny Kiermasz organizowane pod patronatem Starosty Legionowskiego i Prezydenta Miasta Legionowo. \u201c &#8211; poinformowa\u0142o, jednocze\u015bnie zapraszaj\u0105c Starostwo Powiatowe w Legionowie.&nbsp;<\/p>\n\n\n\n<p>Na stoiskach kiermaszu, organizowanego przez w\/w organizacje, b\u0119dzie mo\u017cna znale\u017a\u0107 wyj\u0105tkowe ozdoby \u015bwi\u0105teczne wykonane r\u0119cznie przez uczni\u00f3w miejscowych szk\u00f3\u0142. Dodatkowo, podczas wydarzenia b\u0119dzie mo\u017cna naby\u0107 dary serca przekazane przez mieszka\u0144c\u00f3w oraz instytucje. Ca\u0142y doch\u00f3d ze sprzeda\u017cy zostanie przeznaczony na wsparcie uczni\u00f3w Powiatowego Zespo\u0142u Szk\u00f3\u0142 i Plac\u00f3wek Specjalnych w Legionowie, podopiecznych fundacji \u201ePromie\u0144 S\u0142o\u0144ca\u201d. Zebrane \u015brodki finansowe pozwol\u0105 na organizacj\u0119 r\u00f3\u017cnorodnych zaj\u0119\u0107 terapeutycznych, wycieczek oraz aktywno\u015bci sportowych dla tych m\u0142odych ludzi.<\/p>\n\n\n<div class=\"wp-block-image\">\n<figure class=\"aligncenter size-full\"><img loading=\"lazy\" decoding=\"async\" width=\"602\" height=\"424\" src=\"https:\/\/naszpowiat.info\/wp-content\/uploads\/2024\/11\/obraz-20.png\" alt=\"\" class=\"wp-image-7527\" srcset=\"https:\/\/naszpowiat.info\/wp-content\/uploads\/2024\/11\/obraz-20.png 602w, https:\/\/naszpowiat.info\/wp-content\/uploads\/2024\/11\/obraz-20-300x211.png 300w, https:\/\/naszpowiat.info\/wp-content\/uploads\/2024\/11\/obraz-20-465x328.png 465w\" sizes=\"auto, (max-width: 602px) 100vw, 602px\" \/><figcaption class=\"wp-element-caption\">Fot. <a href=\"http:\/\/gazetapowiatowa.pl\/wiadomosci\/legionowo\">gazetapowiatowa.pl\/wiadomosci\/legionowo<\/a><\/figcaption><\/figure>\n<\/div><div class=\"naszp-po-tresci\" id=\"naszp-4151886443\"><script async src=\"\/\/pagead2.googlesyndication.com\/pagead\/js\/adsbygoogle.js?client=ca-pub-5304901113955943\" crossorigin=\"anonymous\"><\/script><ins class=\"adsbygoogle\" style=\"display:block;\" data-ad-client=\"ca-pub-5304901113955943\" \ndata-ad-slot=\"9226873542\" \ndata-ad-format=\"auto\"><\/ins>\n<script> \n(adsbygoogle = window.adsbygoogle || []).push({}); \n<\/script>\n<\/div>","protected":false},"excerpt":{"rendered":"<p>19 grudnia (czwartek) Urz\u0105d Miasta Legionowo b\u0119dzie obfitowa\u0142 w przed\u015bwi\u0105teczne akcje. Organizowany Koncert Kol\u0119d (w sali widowiskowej, od godziny 10:00), i Kiermasz Bo\u017conarodzeniowy (08:00-17:00 w atrium ratusza miejskiego) z pewno\u015bci\u0105 przenios\u0105 uczestnik\u00f3w w \u015bwi\u0105teczny nastr\u00f3j.&nbsp; ,,Fundacja \u201ePromie\u0144 S\u0142o\u0144ca\u201d, Powiatowy Zesp\u00f3\u0142 Szk\u00f3\u0142 i Plac\u00f3wek Specjalnych w Legionowie oraz Niepubliczna Szko\u0142a Podstawowa<span class=\"more-link\"><a href=\"https:\/\/naszpowiat.info\/index.php\/2024\/11\/29\/przedswiateczne-wydarzenia-w-legionowie-w-planach-koncert-koled-i-kiermasz-bozonarodzeniowy\/\">Czytaj dalej<\/a><\/span><\/p>\n","protected":false},"author":9,"featured_media":7527,"comment_status":"open","ping_status":"open","sticky":false,"template":"","format":"standard","meta":{"_monsterinsights_skip_tracking":false,"_monsterinsights_sitenote_active":false,"_monsterinsights_sitenote_note":"","_monsterinsights_sitenote_category":0,"footnotes":""},"categories":[123,28,30,93],"tags":[146,207,165,285],"class_list":["entry","author-admin","post-7526","post","type-post","status-publish","format-standard","has-post-thumbnail","category-aktualnosci","category-dla-mieszkanca","category-kultura","category-legionowo","tag-boze-narodzenie","tag-kultura","tag-legionowo","tag-muzyka"],"aioseo_notices":[],"_links":{"self":[{"href":"https:\/\/naszpowiat.info\/index.php\/wp-json\/wp\/v2\/posts\/7526","targetHints":{"allow":["GET"]}}],"collection":[{"href":"https:\/\/naszpowiat.info\/index.php\/wp-json\/wp\/v2\/posts"}],"about":[{"href":"https:\/\/naszpowiat.info\/index.php\/wp-json\/wp\/v2\/types\/post"}],"author":[{"embeddable":true,"href":"https:\/\/naszpowiat.info\/index.php\/wp-json\/wp\/v2\/users\/9"}],"replies":[{"embeddable":true,"href":"https:\/\/naszpowiat.info\/index.php\/wp-json\/wp\/v2\/comments?post=7526"}],"version-history":[{"count":1,"href":"https:\/\/naszpowiat.info\/index.php\/wp-json\/wp\/v2\/posts\/7526\/revisions"}],"predecessor-version":[{"id":7528,"href":"https:\/\/naszpowiat.info\/index.php\/wp-json\/wp\/v2\/posts\/7526\/revisions\/7528"}],"wp:featuredmedia":[{"embeddable":true,"href":"https:\/\/naszpowiat.info\/index.php\/wp-json\/wp\/v2\/media\/7527"}],"wp:attachment":[{"href":"https:\/\/naszpowiat.info\/index.php\/wp-json\/wp\/v2\/media?parent=7526"}],"wp:term":[{"taxonomy":"category","embeddable":true,"href":"https:\/\/naszpowiat.info\/index.php\/wp-json\/wp\/v2\/categories?post=7526"},{"taxonomy":"post_tag","embeddable":true,"href":"https:\/\/naszpowiat.info\/index.php\/wp-json\/wp\/v2\/tags?post=7526"}],"curies":[{"name":"wp","href":"https:\/\/api.w.org\/{rel}","templated":true}]}}