{"id":7503,"date":"2024-11-26T07:42:38","date_gmt":"2024-11-26T07:42:38","guid":{"rendered":"https:\/\/naszpowiat.info\/?p=7503"},"modified":"2024-11-26T07:42:39","modified_gmt":"2024-11-26T07:42:39","slug":"projekt-edukacyjny-dla-dzieci-i-mlodziezy-bezpieczny-otwock-zatwierdzony","status":"publish","type":"post","link":"https:\/\/naszpowiat.info\/index.php\/2024\/11\/26\/projekt-edukacyjny-dla-dzieci-i-mlodziezy-bezpieczny-otwock-zatwierdzony\/","title":{"rendered":"Projekt edukacyjny dla dzieci i m\u0142odzie\u017cy ,,Bezpieczny Otwock\u201d zatwierdzony."},"content":{"rendered":"\n<p>Projekt &#8222;Bezpieczny Otwock&#8221;, kt\u00f3ry zwyci\u0119\u017cy\u0142 w obywatelskim g\u0142osowaniu bud\u017cetowym, ma na celu kompleksowe podniesienie poziomu bezpiecze\u0144stwa mieszka\u0144c\u00f3w miasta oraz wzmocnienie poczucia wsp\u00f3lnoty lokalnej. Szczeg\u00f3ln\u0105 uwag\u0119 projekt ten po\u015bwi\u0119ca edukacji dzieci i m\u0142odzie\u017cy. Dzi\u0119ki niemu, ka\u017cda plac\u00f3wka o\u015bwiatowa w Otwocku zostanie wyposa\u017cona w nowoczesny sprz\u0119t do nauki udzielania pierwszej pomocy, co pozwoli przygotowa\u0107 dzieci i m\u0142odzie\u017c do dzia\u0142ania w sytuacjach kryzysowych.<\/p>\n\n\n\n<p>Aby zapewni\u0107 kompleksowe wsparcie w zakresie pierwszej pomocy, stra\u017cacy z OSP Otwock Jab\u0142onna przeprowadz\u0105 bezp\u0142atne szkolenia zar\u00f3wno dla uczni\u00f3w, jak i nauczycieli. Szkolenia te b\u0119d\u0105 obejmowa\u0142y praktyczne umiej\u0119tno\u015bci ratowania \u017cycia, w tym resuscytacj\u0119 i korzystanie z defibrylatora. Co wi\u0119cej, w ca\u0142ym mie\u015bcie zostan\u0105 zainstalowane specjalne kapsu\u0142y AED, wyposa\u017cone w defibrylatory \u2013 urz\u0105dzenia, kt\u00f3re umo\u017cliwiaj\u0105 przywr\u00f3cenie prawid\u0142owego rytmu serca w przypadku nag\u0142ego zatrzymania kr\u0105\u017cenia. Ka\u017cda taka kapsu\u0142a b\u0119dzie wyra\u017anie oznakowana i dost\u0119pna dla ka\u017cdego mieszka\u0144ca. Dzi\u0119ki temu, ka\u017cda osoba b\u0119dzie mog\u0142a udzieli\u0107 pierwszej pomocy w spos\u00f3b szybki i skuteczny.<\/p>\n\n\n\n<p>Ca\u0142y projekt zostanie ukoronowany piknikiem ,,Bezpieczny Otwock\u201d, kt\u00f3ry podsumuje wszystkie przeprowadzone aktywno\u015bci podnosz\u0105ce umiej\u0119tno\u015bci mieszka\u0144c\u00f3w w udzielaniu pierwszej pomocy.<\/p>\n\n\n\n<figure class=\"wp-block-image size-full\"><img loading=\"lazy\" decoding=\"async\" width=\"602\" height=\"324\" src=\"https:\/\/naszpowiat.info\/wp-content\/uploads\/2024\/11\/obraz-17.png\" alt=\"\" class=\"wp-image-7504\" srcset=\"https:\/\/naszpowiat.info\/wp-content\/uploads\/2024\/11\/obraz-17.png 602w, https:\/\/naszpowiat.info\/wp-content\/uploads\/2024\/11\/obraz-17-300x161.png 300w, https:\/\/naszpowiat.info\/wp-content\/uploads\/2024\/11\/obraz-17-465x250.png 465w\" sizes=\"auto, (max-width: 602px) 100vw, 602px\" \/><figcaption class=\"wp-element-caption\">Fot. sp2otwock.edu.pl<\/figcaption><\/figure>\n<div class=\"naszp-po-tresci\" id=\"naszp-3266381886\"><script async src=\"\/\/pagead2.googlesyndication.com\/pagead\/js\/adsbygoogle.js?client=ca-pub-5304901113955943\" crossorigin=\"anonymous\"><\/script><ins class=\"adsbygoogle\" style=\"display:block;\" data-ad-client=\"ca-pub-5304901113955943\" \ndata-ad-slot=\"9226873542\" \ndata-ad-format=\"auto\"><\/ins>\n<script> \n(adsbygoogle = window.adsbygoogle || []).push({}); \n<\/script>\n<\/div>","protected":false},"excerpt":{"rendered":"<p>Projekt &#8222;Bezpieczny Otwock&#8221;, kt\u00f3ry zwyci\u0119\u017cy\u0142 w obywatelskim g\u0142osowaniu bud\u017cetowym, ma na celu kompleksowe podniesienie poziomu bezpiecze\u0144stwa mieszka\u0144c\u00f3w miasta oraz wzmocnienie poczucia wsp\u00f3lnoty lokalnej. Szczeg\u00f3ln\u0105 uwag\u0119 projekt ten po\u015bwi\u0119ca edukacji dzieci i m\u0142odzie\u017cy. Dzi\u0119ki niemu, ka\u017cda plac\u00f3wka o\u015bwiatowa w Otwocku zostanie wyposa\u017cona w nowoczesny sprz\u0119t do nauki udzielania pierwszej pomocy, co<span class=\"more-link\"><a href=\"https:\/\/naszpowiat.info\/index.php\/2024\/11\/26\/projekt-edukacyjny-dla-dzieci-i-mlodziezy-bezpieczny-otwock-zatwierdzony\/\">Czytaj dalej<\/a><\/span><\/p>\n","protected":false},"author":9,"featured_media":7504,"comment_status":"open","ping_status":"open","sticky":false,"template":"","format":"standard","meta":{"_monsterinsights_skip_tracking":false,"_monsterinsights_sitenote_active":false,"_monsterinsights_sitenote_note":"","_monsterinsights_sitenote_category":0,"footnotes":""},"categories":[123,172,28,191,30,108,187],"tags":[156,253,148,309],"class_list":["entry","author-admin","post-7503","post","type-post","status-publish","format-standard","has-post-thumbnail","category-aktualnosci","category-bezpieczenstwo","category-dla-mieszkanca","category-edukacja","category-kultura","category-otwock","category-samorzad","tag-bezpieczenstwo","tag-edukacja","tag-otwock","tag-samorzad"],"aioseo_notices":[],"_links":{"self":[{"href":"https:\/\/naszpowiat.info\/index.php\/wp-json\/wp\/v2\/posts\/7503","targetHints":{"allow":["GET"]}}],"collection":[{"href":"https:\/\/naszpowiat.info\/index.php\/wp-json\/wp\/v2\/posts"}],"about":[{"href":"https:\/\/naszpowiat.info\/index.php\/wp-json\/wp\/v2\/types\/post"}],"author":[{"embeddable":true,"href":"https:\/\/naszpowiat.info\/index.php\/wp-json\/wp\/v2\/users\/9"}],"replies":[{"embeddable":true,"href":"https:\/\/naszpowiat.info\/index.php\/wp-json\/wp\/v2\/comments?post=7503"}],"version-history":[{"count":1,"href":"https:\/\/naszpowiat.info\/index.php\/wp-json\/wp\/v2\/posts\/7503\/revisions"}],"predecessor-version":[{"id":7505,"href":"https:\/\/naszpowiat.info\/index.php\/wp-json\/wp\/v2\/posts\/7503\/revisions\/7505"}],"wp:featuredmedia":[{"embeddable":true,"href":"https:\/\/naszpowiat.info\/index.php\/wp-json\/wp\/v2\/media\/7504"}],"wp:attachment":[{"href":"https:\/\/naszpowiat.info\/index.php\/wp-json\/wp\/v2\/media?parent=7503"}],"wp:term":[{"taxonomy":"category","embeddable":true,"href":"https:\/\/naszpowiat.info\/index.php\/wp-json\/wp\/v2\/categories?post=7503"},{"taxonomy":"post_tag","embeddable":true,"href":"https:\/\/naszpowiat.info\/index.php\/wp-json\/wp\/v2\/tags?post=7503"}],"curies":[{"name":"wp","href":"https:\/\/api.w.org\/{rel}","templated":true}]}}