{"id":7488,"date":"2024-11-21T21:01:15","date_gmt":"2024-11-21T21:01:15","guid":{"rendered":"https:\/\/naszpowiat.info\/?p=7488"},"modified":"2024-11-21T21:01:16","modified_gmt":"2024-11-21T21:01:16","slug":"zabki-stale-inwestuja-w-swoj-rozwoj","status":"publish","type":"post","link":"https:\/\/naszpowiat.info\/index.php\/2024\/11\/21\/zabki-stale-inwestuja-w-swoj-rozwoj\/","title":{"rendered":"Z\u0105bki stale inwestuj\u0105 w sw\u00f3j rozw\u00f3j"},"content":{"rendered":"\n<p>Z\u0105bki to drugie ,,najm\u0142odsze\u201d miasto w Polsce. Wg danych G\u0142\u00f3wnego Urz\u0119du Statystycznego, \u015brednia wieku w tej miejscowo\u015bci wynosi 35,6 roku. Nie jest zatem zaskoczeniem, i\u017c m\u0142ode spo\u0142ecze\u0144stwo potrzebuje coraz to nowocze\u015bniejszych udogodnie\u0144 w swojej ma\u0142ej ojczy\u017anie. Jednym z nich ma by\u0107 filia Wydzia\u0142u Komunikacji Starostwa Powiatowego w budynku Urz\u0119du Miasta. Dzi\u0119ki temu, wszelkie sprawy zwi\u0105zane z poruszaniem si\u0119 pojazdami. Rejestrowanie, wyrejestrowanie samochodu, wyrobienie i odbi\u00f3r prawa jazdy b\u0119dzie odbywa\u0142o si\u0119 w miejscowym urz\u0119dzie.<\/p>\n\n\n\n<p>W jednym z wywiad\u00f3w m\u00f3wi\u0142a o tym burmistrz Z\u0105bek, pani Ma\u0142gorzata Zy\u015bk:<br>,,Jeste\u015bmy na etapie podpisanego ko\u0144cowego porozumienia z Powiatem Wo\u0142omi\u0144skim. Powiat rozpoczyna swoje dzia\u0142ania przystosowania pomieszcze\u0144. S\u0105 one w filii Urz\u0119du Miasta przy ulicy Powsta\u0144c\u00f3w 2C.\u201d<\/p>\n\n\n\n<p>Opr\u00f3cz tego poinformowa\u0142a o zmianach zwi\u0105zanych z zako\u0144czeniem budowy nowego przedszkola. ,,Przedszkole na 300 przedszkolak\u00f3w zostanie uko\u0144czone do ko\u0144ca tego roku, odbiory b\u0119d\u0105 do ko\u0144ca stycznia. B\u0119d\u0105 przenosiny z dw\u00f3ch przedszkoli ju\u017c nienadaj\u0105cych si\u0119 do u\u017cytku, bo to by\u0142y domy prywatne zaadaptowane na cele przedszkoli. Cz\u0119\u015b\u0107 dzieci te\u017c dobierzemy. Z tych przedszkoli b\u0119dzie oko\u0142o 170 przedszkolak\u00f3w i b\u0119dzie nab\u00f3r na pozosta\u0142e miejsca.\u201d<\/p>\n\n\n\n<p>Miasto, w trosce o zapewnienie bezpiecze\u0144stwa obywatelom, zwi\u0119kszy\u0142o cz\u0119stotliwo\u015b\u0107 i zakres dzia\u0142a\u0144 Stra\u017cy Miejskiej. Dot\u0105d s\u0142u\u017cby porz\u0105dkowe dzia\u0142a\u0142y od poniedzia\u0142ku do pi\u0105tku, teraz tak\u017ce w soboty i niedziele, z obowi\u0105zkiem dwukrotnego patrolu okolicy, co, jak przyzna\u0142a pani burmistrz, mo\u017ce hamowa\u0107 osoby z niecnymi zamiarami.<\/p>\n\n\n<div class=\"wp-block-image\">\n<figure class=\"aligncenter size-full\"><img loading=\"lazy\" decoding=\"async\" width=\"602\" height=\"451\" src=\"https:\/\/naszpowiat.info\/wp-content\/uploads\/2024\/11\/obraz-13.png\" alt=\"\" class=\"wp-image-7489\" srcset=\"https:\/\/naszpowiat.info\/wp-content\/uploads\/2024\/11\/obraz-13.png 602w, https:\/\/naszpowiat.info\/wp-content\/uploads\/2024\/11\/obraz-13-300x225.png 300w, https:\/\/naszpowiat.info\/wp-content\/uploads\/2024\/11\/obraz-13-465x348.png 465w\" sizes=\"auto, (max-width: 602px) 100vw, 602px\" \/><figcaption class=\"wp-element-caption\">Fot. Ma\u0142gorzata Zy\u015bk (FB)<\/figcaption><\/figure>\n<\/div><div class=\"naszp-po-tresci\" id=\"naszp-770468687\"><script async src=\"\/\/pagead2.googlesyndication.com\/pagead\/js\/adsbygoogle.js?client=ca-pub-5304901113955943\" crossorigin=\"anonymous\"><\/script><ins class=\"adsbygoogle\" style=\"display:block;\" data-ad-client=\"ca-pub-5304901113955943\" \ndata-ad-slot=\"9226873542\" \ndata-ad-format=\"auto\"><\/ins>\n<script> \n(adsbygoogle = window.adsbygoogle || []).push({}); \n<\/script>\n<\/div>","protected":false},"excerpt":{"rendered":"<p>Z\u0105bki to drugie ,,najm\u0142odsze\u201d miasto w Polsce. Wg danych G\u0142\u00f3wnego Urz\u0119du Statystycznego, \u015brednia wieku w tej miejscowo\u015bci wynosi 35,6 roku. Nie jest zatem zaskoczeniem, i\u017c m\u0142ode spo\u0142ecze\u0144stwo potrzebuje coraz to nowocze\u015bniejszych udogodnie\u0144 w swojej ma\u0142ej ojczy\u017anie. Jednym z nich ma by\u0107 filia Wydzia\u0142u Komunikacji Starostwa Powiatowego w budynku Urz\u0119du Miasta.<span class=\"more-link\"><a href=\"https:\/\/naszpowiat.info\/index.php\/2024\/11\/21\/zabki-stale-inwestuja-w-swoj-rozwoj\/\">Czytaj dalej<\/a><\/span><\/p>\n","protected":false},"author":9,"featured_media":7489,"comment_status":"open","ping_status":"open","sticky":false,"template":"","format":"standard","meta":{"_monsterinsights_skip_tracking":false,"_monsterinsights_sitenote_active":false,"_monsterinsights_sitenote_note":"","_monsterinsights_sitenote_category":0,"footnotes":""},"categories":[123,186,28,183,127,187,61],"tags":[293,126,125,130],"class_list":["entry","author-admin","post-7488","post","type-post","status-publish","format-standard","has-post-thumbnail","category-aktualnosci","category-budzet","category-dla-mieszkanca","category-infrastruktura","category-inwestycje","category-samorzad","category-zabki","tag-budzet","tag-inwestycje","tag-powiat-wolominski","tag-zabki"],"aioseo_notices":[],"_links":{"self":[{"href":"https:\/\/naszpowiat.info\/index.php\/wp-json\/wp\/v2\/posts\/7488","targetHints":{"allow":["GET"]}}],"collection":[{"href":"https:\/\/naszpowiat.info\/index.php\/wp-json\/wp\/v2\/posts"}],"about":[{"href":"https:\/\/naszpowiat.info\/index.php\/wp-json\/wp\/v2\/types\/post"}],"author":[{"embeddable":true,"href":"https:\/\/naszpowiat.info\/index.php\/wp-json\/wp\/v2\/users\/9"}],"replies":[{"embeddable":true,"href":"https:\/\/naszpowiat.info\/index.php\/wp-json\/wp\/v2\/comments?post=7488"}],"version-history":[{"count":1,"href":"https:\/\/naszpowiat.info\/index.php\/wp-json\/wp\/v2\/posts\/7488\/revisions"}],"predecessor-version":[{"id":7490,"href":"https:\/\/naszpowiat.info\/index.php\/wp-json\/wp\/v2\/posts\/7488\/revisions\/7490"}],"wp:featuredmedia":[{"embeddable":true,"href":"https:\/\/naszpowiat.info\/index.php\/wp-json\/wp\/v2\/media\/7489"}],"wp:attachment":[{"href":"https:\/\/naszpowiat.info\/index.php\/wp-json\/wp\/v2\/media?parent=7488"}],"wp:term":[{"taxonomy":"category","embeddable":true,"href":"https:\/\/naszpowiat.info\/index.php\/wp-json\/wp\/v2\/categories?post=7488"},{"taxonomy":"post_tag","embeddable":true,"href":"https:\/\/naszpowiat.info\/index.php\/wp-json\/wp\/v2\/tags?post=7488"}],"curies":[{"name":"wp","href":"https:\/\/api.w.org\/{rel}","templated":true}]}}